{"id":448452,"date":"2016-05-31T18:41:31","date_gmt":"2016-05-31T18:41:31","guid":{"rendered":"https:\/\/www.achimbrueckner.de\/freeradio\/php\/wordpress\/?p=448452"},"modified":"2016-05-31T18:41:31","modified_gmt":"2016-05-31T18:41:31","slug":"ticken-wir-bald-alle-wie-hochtechnisierte-soldaten","status":"publish","type":"post","link":"https:\/\/www.achimbrueckner.de\/freeradio\/php\/wordpress\/?p=448452","title":{"rendered":"Ticken wir bald alle wie hochtechnisierte Soldaten?"},"content":{"rendered":"<p><a href=\"http:\/\/www.srf.ch\/kultur\/gesellschaft-religion\/ticken-wir-bald-alle-wie-hochtechnisierte-soldaten\" target=\"_blank\">http:\/\/www.srf.ch\/kultur\/gesellschaft-religion\/ticken-wir-bald-alle-wie-hochtechnisierte-soldaten<\/a><\/p>\n","protected":false},"excerpt":{"rendered":"<p>http:\/\/www.srf.ch\/kultur\/gesellschaft-religion\/ticken-wir-bald-alle-wie-hochtechnisierte-soldaten<\/p>\n","protected":false},"author":1,"featured_media":0,"comment_status":"open","ping_status":"open","sticky":false,"template":"","format":"standard","meta":{"_jetpack_memberships_contains_paid_content":false,"footnotes":"","jetpack_publicize_message":"","jetpack_publicize_feature_enabled":true,"jetpack_social_post_already_shared":true,"jetpack_social_options":{"image_generator_settings":{"template":"highway","default_image_id":0,"font":"","enabled":false},"version":2}},"categories":[44],"tags":[],"class_list":["post-448452","post","type-post","status-publish","format-standard","hentry","category-privatdeutsch"],"jetpack_publicize_connections":[],"jetpack_featured_media_url":"","jetpack_sharing_enabled":true,"jetpack_shortlink":"https:\/\/wp.me\/p5CD59-1SF6","jetpack-related-posts":[{"id":461972,"url":"https:\/\/www.achimbrueckner.de\/freeradio\/php\/wordpress\/?p=461972","url_meta":{"origin":448452,"position":0},"title":"Radio Sylvia 6070 Khz 7. Dezember 2019","author":"Administrator","date":"November 25, 2019 17:08","format":false,"excerpt":"Hallo und Moin! Euch graut schon vor der bald wieder aufkommenden Weihnachtsbesinnlichkeit? Es gibt ein perfektes Gegenmittel: Schaltet einfach am 7. Dezember um 18 Uhr Radio Sylvia ein. Euch erwartet die ultimative sechsst\u00fcndige Weihnachts-Radiorandale mit knackigen Kl\u00e4ngen und bet\u00f6render Weihnachtsmusik. Au\u00dferdem feiern wir in der Sendung den 35. Jahrestag unserer\u2026","rel":"","context":"In \"AM\"","block_context":{"text":"AM","link":"https:\/\/www.achimbrueckner.de\/freeradio\/php\/wordpress\/?tag=am"},"img":{"alt_text":"","src":"","width":0,"height":0},"classes":[]},{"id":460144,"url":"https:\/\/www.achimbrueckner.de\/freeradio\/php\/wordpress\/?p=460144","url_meta":{"origin":448452,"position":1},"title":"Radio Sylvia 2. M\u00e4rz 2019 6070 Khz","author":"Administrator","date":"February 22, 2019 21:33","format":false,"excerpt":"Moin Moin! Bald geht sie wieder los, die \"Radiorandale\", unsere gro\u00dfe bunte Live-Party aus dem \"Studio Nord\" - mit unfassbar geiler Musik, haufenweise Neuvorstellungen und der Rubrik \"Original und F\u00e4lschung\". Wann? Am 2. M\u00e4rz von 18 bis 24 Uhr. Dann begr\u00fc\u00dft euch wieder unser Star-Ensemble \ud83d\ude0e Dom van Hool, Mark\u2026","rel":"","context":"In \"AM\"","block_context":{"text":"AM","link":"https:\/\/www.achimbrueckner.de\/freeradio\/php\/wordpress\/?tag=am"},"img":{"alt_text":"","src":"","width":0,"height":0},"classes":[]},{"id":467084,"url":"https:\/\/www.achimbrueckner.de\/freeradio\/php\/wordpress\/?p=467084","url_meta":{"origin":448452,"position":2},"title":"Radio Sylvia 4. Juni 2022","author":"Administrator","date":"May 30, 2022 16:12","format":false,"excerpt":"Moin! Wir tun es wieder: Am 4. Juni um 18 Uhr ziehen wir in unserem legend\u00e4ren Studio Nord alle Regler nach oben und starten die neue \"Radiorandale\" - der Auftakt f\u00fcr sechs Live-Stunden mit deftigen Sounds und schr\u00e4gen Ansagen \ud83d\ude01 Hervorzuheben w\u00e4ren die Neuheiten-Show (19 bis 20 Uhr) und die\u2026","rel":"","context":"Similar post","block_context":{"text":"Similar post","link":""},"img":{"alt_text":"","src":"","width":0,"height":0},"classes":[]},{"id":28763,"url":"https:\/\/www.achimbrueckner.de\/freeradio\/php\/wordpress\/?p=28763","url_meta":{"origin":448452,"position":3},"title":"Nord AM 14 September 2013","author":"Administrator","date":"September 13, 2013 20:11","format":false,"excerpt":"Liebe H\u00f6rerinnen und H\u00f6rer, Liebe Freundinnen und Freunde, Erinnert ihr euch noch? NordAM \u2013 da war doch mal was. Ganz recht, unsere Sommerpause ist vorbei. In den vergangenen 14 Monaten haben wir uns intensivst damit befasst, wie wir NordAM verbessern k\u00f6nnen, haben ein ausf\u00fchrliches Relaunch-Konzept ausgearbeitet, Moderationstraining gemacht, einen Konfliktl\u00f6sungskurs\u2026","rel":"","context":"In \"AM\"","block_context":{"text":"AM","link":"https:\/\/www.achimbrueckner.de\/freeradio\/php\/wordpress\/?tag=am"},"img":{"alt_text":"","src":"","width":0,"height":0},"classes":[]},{"id":37781,"url":"https:\/\/www.achimbrueckner.de\/freeradio\/php\/wordpress\/?p=37781","url_meta":{"origin":448452,"position":4},"title":"Radio Mi Amigo 6070 Khz 3 Januar 2015","author":"Administrator","date":"December 30, 2014 13:58","format":false,"excerpt":"Radio Mi Amigo testet gleich zu Beginn des neuen Jahres eine weitere Frequenz: Kord, von Mi Amigo, gegen\u00fcber FM Kompakt: Samstag, 3. Januar 2015 senden wir auf der 6070 khz im 49m Band von 8-12 Uhr CET am morgen f\u00fcr 4 Stunden. F\u00fcr alle, die die Offshore Radio Top 50\u2026","rel":"","context":"In \"AM\"","block_context":{"text":"AM","link":"https:\/\/www.achimbrueckner.de\/freeradio\/php\/wordpress\/?tag=am"},"img":{"alt_text":"","src":"","width":0,"height":0},"classes":[]},{"id":475391,"url":"https:\/\/www.achimbrueckner.de\/freeradio\/php\/wordpress\/?p=475391","url_meta":{"origin":448452,"position":5},"title":"ITMR Free Radio Spot jeden Sonntag","author":"Administrator","date":"March 31, 2026 12:19","format":false,"excerpt":"Programm Tipp !!! Jeden Sonntag von 08:00 - 10:00 Uhr stellen wir im ITMR Free Radio Spot Mittelwellen, Kurzwellen und UKW Piraten aus der Guten alten Zeit (70er bis fr\u00fchen 2000er) vor. Viele Shows sind Original Studio Mitschnitte aber teilweise sind auch reine Radio Mitschnitte von nicht all zu guter\u2026","rel":"","context":"Similar post","block_context":{"text":"Similar post","link":""},"img":{"alt_text":"","src":"","width":0,"height":0},"classes":[]}],"_links":{"self":[{"href":"https:\/\/www.achimbrueckner.de\/freeradio\/php\/wordpress\/index.php?rest_route=\/wp\/v2\/posts\/448452","targetHints":{"allow":["GET"]}}],"collection":[{"href":"https:\/\/www.achimbrueckner.de\/freeradio\/php\/wordpress\/index.php?rest_route=\/wp\/v2\/posts"}],"about":[{"href":"https:\/\/www.achimbrueckner.de\/freeradio\/php\/wordpress\/index.php?rest_route=\/wp\/v2\/types\/post"}],"author":[{"embeddable":true,"href":"https:\/\/www.achimbrueckner.de\/freeradio\/php\/wordpress\/index.php?rest_route=\/wp\/v2\/users\/1"}],"replies":[{"embeddable":true,"href":"https:\/\/www.achimbrueckner.de\/freeradio\/php\/wordpress\/index.php?rest_route=%2Fwp%2Fv2%2Fcomments&post=448452"}],"version-history":[{"count":0,"href":"https:\/\/www.achimbrueckner.de\/freeradio\/php\/wordpress\/index.php?rest_route=\/wp\/v2\/posts\/448452\/revisions"}],"wp:attachment":[{"href":"https:\/\/www.achimbrueckner.de\/freeradio\/php\/wordpress\/index.php?rest_route=%2Fwp%2Fv2%2Fmedia&parent=448452"}],"wp:term":[{"taxonomy":"category","embeddable":true,"href":"https:\/\/www.achimbrueckner.de\/freeradio\/php\/wordpress\/index.php?rest_route=%2Fwp%2Fv2%2Fcategories&post=448452"},{"taxonomy":"post_tag","embeddable":true,"href":"https:\/\/www.achimbrueckner.de\/freeradio\/php\/wordpress\/index.php?rest_route=%2Fwp%2Fv2%2Ftags&post=448452"}],"curies":[{"name":"wp","href":"https:\/\/api.w.org\/{rel}","templated":true}]}}