{"id":448739,"date":"2016-07-10T20:59:26","date_gmt":"2016-07-10T20:59:26","guid":{"rendered":"https:\/\/www.achimbrueckner.de\/freeradio\/php\/wordpress\/?p=448739"},"modified":"2016-07-10T20:59:26","modified_gmt":"2016-07-10T20:59:26","slug":"archie-clapp-sorgt-fur-gute-stimmung-beim-lemgoer-sommertreff","status":"publish","type":"post","link":"https:\/\/www.achimbrueckner.de\/freeradio\/php\/wordpress\/?p=448739","title":{"rendered":"Archie Clapp sorgt f\u00fcr gute Stimmung beim Lemgoer Sommertreff"},"content":{"rendered":"<p><a href=\"http:\/\/www.lz.de\/lippe\/lemgo\/20845781_Archie-Clapp-sorgt-fuer-gute-Stimmung-beim-Lemgoer-Sommertreff.html\" target=\"_blank\">http:\/\/www.lz.de\/lippe\/lemgo\/20845781_Archie-Clapp-sorgt-fuer-gute-Stimmung-beim-Lemgoer-Sommertreff.html<\/a><\/p>\n","protected":false},"excerpt":{"rendered":"<p>http:\/\/www.lz.de\/lippe\/lemgo\/20845781_Archie-Clapp-sorgt-fuer-gute-Stimmung-beim-Lemgoer-Sommertreff.html<\/p>\n","protected":false},"author":1,"featured_media":0,"comment_status":"open","ping_status":"open","sticky":false,"template":"","format":"standard","meta":{"_jetpack_memberships_contains_paid_content":false,"footnotes":"","jetpack_publicize_message":"","jetpack_publicize_feature_enabled":true,"jetpack_social_post_already_shared":true,"jetpack_social_options":{"image_generator_settings":{"template":"highway","default_image_id":0,"font":"","enabled":false},"version":2}},"categories":[44],"tags":[],"class_list":["post-448739","post","type-post","status-publish","format-standard","hentry","category-privatdeutsch"],"jetpack_publicize_connections":[],"jetpack_featured_media_url":"","jetpack_sharing_enabled":true,"jetpack_shortlink":"https:\/\/wp.me\/p5CD59-1SJJ","jetpack-related-posts":[{"id":40966,"url":"https:\/\/www.achimbrueckner.de\/freeradio\/php\/wordpress\/?p=40966","url_meta":{"origin":448739,"position":0},"title":"Kultur: Piratensender sorgt f\u00fcr viel Aufregung","author":"Administrator","date":"June 1, 2015 16:04","format":false,"excerpt":"http:\/\/www.ga-online.de\/-news\/artikel\/153495\/Piratensender-sorgt-fuer-viel-Aufregung","rel":"","context":"In \"Piratensender\"","block_context":{"text":"Piratensender","link":"https:\/\/www.achimbrueckner.de\/freeradio\/php\/wordpress\/?tag=piratensender"},"img":{"alt_text":"","src":"","width":0,"height":0},"classes":[]},{"id":460054,"url":"https:\/\/www.achimbrueckner.de\/freeradio\/php\/wordpress\/?p=460054","url_meta":{"origin":448739,"position":1},"title":"Piratensender sorgt f\u00fcr Wirbel um Formel-1-TV-Rechte","author":"Administrator","date":"February 9, 2019 16:42","format":false,"excerpt":"https:\/\/m.sport.oe24.at\/motorsport\/Piratensender-sorgt-fuer-Wirbel-um-Formel-1-TV-Rechte\/367257686","rel":"","context":"In \"Piratensender\"","block_context":{"text":"Piratensender","link":"https:\/\/www.achimbrueckner.de\/freeradio\/php\/wordpress\/?tag=piratensender"},"img":{"alt_text":"","src":"","width":0,"height":0},"classes":[]},{"id":447925,"url":"https:\/\/www.achimbrueckner.de\/freeradio\/php\/wordpress\/?p=447925","url_meta":{"origin":448739,"position":2},"title":"Arminia Bielefeld F\u00fcrth Sch\u00fcco Arena","author":"Administrator","date":"April 24, 2016 17:15","format":false,"excerpt":"Am 24. April 2016 in der Sch\u00fcco Arena gewesen. 4:2 gegen Greuther F\u00fcrth Klassenerhalt 2. Liga geschafft. Tolle Stimmung. http:\/\/www.westfalen-blatt.de\/OWL\/Fotos\/DSC-Arminia-Bielefeld\/31.-Spieltag-DSC-Arminia-vs.-SpVgg-Greuther-Fuerth","rel":"","context":"In &quot;privatdeutsch&quot;","block_context":{"text":"privatdeutsch","link":"https:\/\/www.achimbrueckner.de\/freeradio\/php\/wordpress\/?cat=44"},"img":{"alt_text":"","src":"","width":0,"height":0},"classes":[]},{"id":323,"url":"https:\/\/www.achimbrueckner.de\/freeradio\/php\/wordpress\/?p=323","url_meta":{"origin":448739,"position":3},"title":"Radio Nachtraver","author":"Administrator","date":"January 27, 2006 22:23","format":false,"excerpt":"Die tote Zone sorgt daf\u00fcr, das auf den kurzen Wellen nachts nichts ankommt. Die Mittelwelle bietet aber noch zahlreiche Piraten ab 1620 Khz. Tentativ Radio Nachtraver kommt auf der 1644 Khz um 2220 Utc mit O=3\/4 an. Auf Mittelwelle habe ich immer zahlreiche St\u00f6rungen. Radio Nachtraver kommt mit S=9+20dB an.","rel":"","context":"In &quot;Empfang&quot;","block_context":{"text":"Empfang","link":"https:\/\/www.achimbrueckner.de\/freeradio\/php\/wordpress\/?cat=3"},"img":{"alt_text":"","src":"","width":0,"height":0},"classes":[]},{"id":467418,"url":"https:\/\/www.achimbrueckner.de\/freeradio\/php\/wordpress\/?p=467418","url_meta":{"origin":448739,"position":4},"title":"Flux AM 6975 Khz","author":"Administrator","date":"July 27, 2022 19:56","format":false,"excerpt":"Gute gemachtes Piratenradio gab es heute von Flux AM auf 6975 Khz zu h\u00f6ren. Gute Musik sch\u00f6ne jingles. Der 6.9 Mhz Bereich ist nach den Raids in Irland eher problematisch, wegen der vielen milit\u00e4rischen Kommunikation. Das die milit\u00e4rische Kommunikation auf Kurzwelle ausgebaut wird zeigt auch der folgende Artikel: https:\/\/latvia.postsen.com\/news\/40452\/The-Ministry-of-Defense-plans-to-implement-a-short- wave-radio-communication-broadcasting-system-for-194-million-euros.html.\u2026","rel":"","context":"In &quot;dxtuners&quot;","block_context":{"text":"dxtuners","link":"https:\/\/www.achimbrueckner.de\/freeradio\/php\/wordpress\/?cat=10"},"img":{"alt_text":"","src":"","width":0,"height":0},"classes":[]},{"id":459169,"url":"https:\/\/www.achimbrueckner.de\/freeradio\/php\/wordpress\/?p=459169","url_meta":{"origin":448739,"position":5},"title":"Radio Sylvia 6070 Khz 1. September 2018","author":"Administrator","date":"August 21, 2018 16:34","format":false,"excerpt":"Moin aus dem Norden! Es gibt zwei Nachrichten, eine gute und eine schlechte. Die schlechte zuerst: Unser Moderatoren-Rollkommando ist im Urlaub, daher wird der \"Sonnabend of Death\" am 1. September ausfallen. Wir senden aber trotzdem von 18 bis 20 Uhr auf Kurzwelle 6070 kHz (unmoderiert). Und nun die gute: Am\u2026","rel":"","context":"In \"AM\"","block_context":{"text":"AM","link":"https:\/\/www.achimbrueckner.de\/freeradio\/php\/wordpress\/?tag=am"},"img":{"alt_text":"","src":"","width":0,"height":0},"classes":[]}],"_links":{"self":[{"href":"https:\/\/www.achimbrueckner.de\/freeradio\/php\/wordpress\/index.php?rest_route=\/wp\/v2\/posts\/448739","targetHints":{"allow":["GET"]}}],"collection":[{"href":"https:\/\/www.achimbrueckner.de\/freeradio\/php\/wordpress\/index.php?rest_route=\/wp\/v2\/posts"}],"about":[{"href":"https:\/\/www.achimbrueckner.de\/freeradio\/php\/wordpress\/index.php?rest_route=\/wp\/v2\/types\/post"}],"author":[{"embeddable":true,"href":"https:\/\/www.achimbrueckner.de\/freeradio\/php\/wordpress\/index.php?rest_route=\/wp\/v2\/users\/1"}],"replies":[{"embeddable":true,"href":"https:\/\/www.achimbrueckner.de\/freeradio\/php\/wordpress\/index.php?rest_route=%2Fwp%2Fv2%2Fcomments&post=448739"}],"version-history":[{"count":0,"href":"https:\/\/www.achimbrueckner.de\/freeradio\/php\/wordpress\/index.php?rest_route=\/wp\/v2\/posts\/448739\/revisions"}],"wp:attachment":[{"href":"https:\/\/www.achimbrueckner.de\/freeradio\/php\/wordpress\/index.php?rest_route=%2Fwp%2Fv2%2Fmedia&parent=448739"}],"wp:term":[{"taxonomy":"category","embeddable":true,"href":"https:\/\/www.achimbrueckner.de\/freeradio\/php\/wordpress\/index.php?rest_route=%2Fwp%2Fv2%2Fcategories&post=448739"},{"taxonomy":"post_tag","embeddable":true,"href":"https:\/\/www.achimbrueckner.de\/freeradio\/php\/wordpress\/index.php?rest_route=%2Fwp%2Fv2%2Ftags&post=448739"}],"curies":[{"name":"wp","href":"https:\/\/api.w.org\/{rel}","templated":true}]}}