{"id":451321,"date":"2016-10-23T13:24:22","date_gmt":"2016-10-23T13:24:22","guid":{"rendered":"https:\/\/www.achimbrueckner.de\/freeradio\/php\/wordpress\/?p=451321"},"modified":"2016-10-23T13:24:22","modified_gmt":"2016-10-23T13:24:22","slug":"piratensender-kampft-gegen-is","status":"publish","type":"post","link":"https:\/\/www.achimbrueckner.de\/freeradio\/php\/wordpress\/?p=451321","title":{"rendered":"Piratensender k\u00e4mpft gegen IS"},"content":{"rendered":"<p><a href=\"http:\/\/www.dw.com\/de\/piratensender-k%C3%A4mpft-gegen-is\/av-36114073\" target=\"_blank\">http:\/\/www.dw.com\/de\/piratensender-k%C3%A4mpft-gegen-is\/av-36114073<\/a><\/p>\n","protected":false},"excerpt":{"rendered":"<p>http:\/\/www.dw.com\/de\/piratensender-k%C3%A4mpft-gegen-is\/av-36114073<\/p>\n","protected":false},"author":1,"featured_media":0,"comment_status":"open","ping_status":"open","sticky":false,"template":"","format":"standard","meta":{"_jetpack_memberships_contains_paid_content":false,"footnotes":"","jetpack_publicize_message":"","jetpack_publicize_feature_enabled":true,"jetpack_social_post_already_shared":true,"jetpack_social_options":{"image_generator_settings":{"template":"highway","default_image_id":0,"font":"","enabled":false},"version":2}},"categories":[1],"tags":[25],"class_list":["post-451321","post","type-post","status-publish","format-standard","hentry","category-uncategorized","tag-piratensender"],"jetpack_publicize_connections":[],"jetpack_featured_media_url":"","jetpack_sharing_enabled":true,"jetpack_shortlink":"https:\/\/wp.me\/p5CD59-1Tpn","jetpack-related-posts":[{"id":463453,"url":"https:\/\/www.achimbrueckner.de\/freeradio\/php\/wordpress\/?p=463453","url_meta":{"origin":451321,"position":0},"title":"GEGEN\u00d6FFENTLICHKEIT Piratensender als Zeitzeuge","author":"Administrator","date":"June 5, 2020 15:45","format":false,"excerpt":"https:\/\/www.jungewelt.de\/artikel\/379573.gegen%C3%B6ffentlichkeit-piratensender-als-zeitzeuge.html","rel":"","context":"In \"Piratensender\"","block_context":{"text":"Piratensender","link":"https:\/\/www.achimbrueckner.de\/freeradio\/php\/wordpress\/?tag=piratensender"},"img":{"alt_text":"","src":"","width":0,"height":0},"classes":[]},{"id":459432,"url":"https:\/\/www.achimbrueckner.de\/freeradio\/php\/wordpress\/?p=459432","url_meta":{"origin":451321,"position":1},"title":"Europaeische-Kommission-soll-gegen-Piratensender-BeoutQ-vorgehen","author":"Administrator","date":"November 3, 2018 22:33","format":false,"excerpt":"http:\/\/www.digitalfernsehen.de\/Europaeische-Kommission-soll-gegen-Piratensender-BeoutQ-vorgehen.171285.0.html","rel":"","context":"In \"Piratensender\"","block_context":{"text":"Piratensender","link":"https:\/\/www.achimbrueckner.de\/freeradio\/php\/wordpress\/?tag=piratensender"},"img":{"alt_text":"","src":"","width":0,"height":0},"classes":[]},{"id":455467,"url":"https:\/\/www.achimbrueckner.de\/freeradio\/php\/wordpress\/?p=455467","url_meta":{"origin":451321,"position":2},"title":"Gegen den Strom im Funkwellenmeer \u2013 Piratensender \u201eOutaspace","author":"Administrator","date":"July 20, 2017 13:09","format":false,"excerpt":"http:\/\/www.flurfunk-dresden.de\/2011\/08\/12\/gegen-den-strom-im-funkwellenmeer-piratensender-outaspace\/","rel":"","context":"In \"Piratensender\"","block_context":{"text":"Piratensender","link":"https:\/\/www.achimbrueckner.de\/freeradio\/php\/wordpress\/?tag=piratensender"},"img":{"alt_text":"","src":"","width":0,"height":0},"classes":[]},{"id":28897,"url":"https:\/\/www.achimbrueckner.de\/freeradio\/php\/wordpress\/?p=28897","url_meta":{"origin":451321,"position":3},"title":"Gegen den Strom im Funkwellenmeer \u2013 Piratensender \u201cOutaspace\u201d","author":"Administrator","date":"September 28, 2013 07:57","format":false,"excerpt":"http:\/\/www.flurfunk-dresden.de\/2011\/08\/12\/gegen-den-strom-im-funkwellenmeer-piratensender-outaspace\/","rel":"","context":"In \"Piratensender\"","block_context":{"text":"Piratensender","link":"https:\/\/www.achimbrueckner.de\/freeradio\/php\/wordpress\/?tag=piratensender"},"img":{"alt_text":"","src":"","width":0,"height":0},"classes":[]},{"id":197977,"url":"https:\/\/www.achimbrueckner.de\/freeradio\/php\/wordpress\/?p=197977","url_meta":{"origin":451321,"position":4},"title":"chilenische Piratensender @RCWradio 7550 Khz","author":"Administrator","date":"June 27, 2015 08:22","format":false,"excerpt":"Tipp f\u00fcr Extrem-DX: Der chilenische Piratensender @RCWradio \u00fcbertr\u00e4gt die Spiele der Copa Am\u00e9rica 2015 auf 7550 kHz. Info via RCWradio via Radiopiraten","rel":"","context":"In \"AM\"","block_context":{"text":"AM","link":"https:\/\/www.achimbrueckner.de\/freeradio\/php\/wordpress\/?tag=am"},"img":{"alt_text":"","src":"","width":0,"height":0},"classes":[]},{"id":452673,"url":"https:\/\/www.achimbrueckner.de\/freeradio\/php\/wordpress\/?p=452673","url_meta":{"origin":451321,"position":5},"title":"Zeitzeuge des Widerstands gegen Stalin &#8220;Todesstrafe! Mir blieb die Luft weg.&#8221;","author":"Administrator","date":"January 9, 2017 16:23","format":false,"excerpt":"Piratensender 1949 in der DDR: http:\/\/www.spiegel.de\/einestages\/ddr-piratensender-gegen-stalins-diktatur-a-1126808.html","rel":"","context":"In \"Piratensender\"","block_context":{"text":"Piratensender","link":"https:\/\/www.achimbrueckner.de\/freeradio\/php\/wordpress\/?tag=piratensender"},"img":{"alt_text":"","src":"","width":0,"height":0},"classes":[]}],"_links":{"self":[{"href":"https:\/\/www.achimbrueckner.de\/freeradio\/php\/wordpress\/index.php?rest_route=\/wp\/v2\/posts\/451321","targetHints":{"allow":["GET"]}}],"collection":[{"href":"https:\/\/www.achimbrueckner.de\/freeradio\/php\/wordpress\/index.php?rest_route=\/wp\/v2\/posts"}],"about":[{"href":"https:\/\/www.achimbrueckner.de\/freeradio\/php\/wordpress\/index.php?rest_route=\/wp\/v2\/types\/post"}],"author":[{"embeddable":true,"href":"https:\/\/www.achimbrueckner.de\/freeradio\/php\/wordpress\/index.php?rest_route=\/wp\/v2\/users\/1"}],"replies":[{"embeddable":true,"href":"https:\/\/www.achimbrueckner.de\/freeradio\/php\/wordpress\/index.php?rest_route=%2Fwp%2Fv2%2Fcomments&post=451321"}],"version-history":[{"count":0,"href":"https:\/\/www.achimbrueckner.de\/freeradio\/php\/wordpress\/index.php?rest_route=\/wp\/v2\/posts\/451321\/revisions"}],"wp:attachment":[{"href":"https:\/\/www.achimbrueckner.de\/freeradio\/php\/wordpress\/index.php?rest_route=%2Fwp%2Fv2%2Fmedia&parent=451321"}],"wp:term":[{"taxonomy":"category","embeddable":true,"href":"https:\/\/www.achimbrueckner.de\/freeradio\/php\/wordpress\/index.php?rest_route=%2Fwp%2Fv2%2Fcategories&post=451321"},{"taxonomy":"post_tag","embeddable":true,"href":"https:\/\/www.achimbrueckner.de\/freeradio\/php\/wordpress\/index.php?rest_route=%2Fwp%2Fv2%2Ftags&post=451321"}],"curies":[{"name":"wp","href":"https:\/\/api.w.org\/{rel}","templated":true}]}}