{"id":453958,"date":"2017-03-30T16:12:24","date_gmt":"2017-03-30T16:12:24","guid":{"rendered":"https:\/\/www.achimbrueckner.de\/freeradio\/php\/wordpress\/?p=453958"},"modified":"2017-03-30T16:12:24","modified_gmt":"2017-03-30T16:12:24","slug":"piratensender-in-norwegen-on-air","status":"publish","type":"post","link":"https:\/\/www.achimbrueckner.de\/freeradio\/php\/wordpress\/?p=453958","title":{"rendered":"Piratensender in Norwegen on Air"},"content":{"rendered":"<p><a href=\"http:\/\/skandinavienforum.blogspot.de\/2017\/03\/piratensender-in-norwegen-on-air.html\" target=\"_blank\">http:\/\/skandinavienforum.blogspot.de\/2017\/03\/piratensender-in-norwegen-on-air.html<\/a><\/p>\n","protected":false},"excerpt":{"rendered":"<p>http:\/\/skandinavienforum.blogspot.de\/2017\/03\/piratensender-in-norwegen-on-air.html<\/p>\n","protected":false},"author":1,"featured_media":0,"comment_status":"open","ping_status":"open","sticky":false,"template":"","format":"standard","meta":{"_jetpack_memberships_contains_paid_content":false,"footnotes":"","jetpack_publicize_message":"","jetpack_publicize_feature_enabled":true,"jetpack_social_post_already_shared":true,"jetpack_social_options":{"image_generator_settings":{"template":"highway","default_image_id":0,"font":"","enabled":false},"version":2}},"categories":[1],"tags":[25],"class_list":["post-453958","post","type-post","status-publish","format-standard","hentry","category-uncategorized","tag-piratensender"],"jetpack_publicize_connections":[],"jetpack_featured_media_url":"","jetpack_sharing_enabled":true,"jetpack_shortlink":"https:\/\/wp.me\/p5CD59-1U5U","jetpack-related-posts":[{"id":197977,"url":"https:\/\/www.achimbrueckner.de\/freeradio\/php\/wordpress\/?p=197977","url_meta":{"origin":453958,"position":0},"title":"chilenische Piratensender @RCWradio 7550 Khz","author":"Administrator","date":"June 27, 2015 08:22","format":false,"excerpt":"Tipp f\u00fcr Extrem-DX: Der chilenische Piratensender @RCWradio \u00fcbertr\u00e4gt die Spiele der Copa Am\u00e9rica 2015 auf 7550 kHz. Info via RCWradio via Radiopiraten","rel":"","context":"In \"AM\"","block_context":{"text":"AM","link":"https:\/\/www.achimbrueckner.de\/freeradio\/php\/wordpress\/?tag=am"},"img":{"alt_text":"","src":"","width":0,"height":0},"classes":[]},{"id":170002,"url":"https:\/\/www.achimbrueckner.de\/freeradio\/php\/wordpress\/?p=170002","url_meta":{"origin":453958,"position":1},"title":"UKW Piratensender Deutschland","author":"Administrator","date":"June 23, 2015 18:06","format":false,"excerpt":"Piratensender aus Deutschland UKW: 13. Juni 2015 Station Hulli Gulli 106,3 Mhz 9. Juni 2015 Radio Lambada 97,3 Mhz 21. Juni 2015 Radio PTN Radio Eisb\u00e4r 98,2 Mhz","rel":"","context":"In &quot;download&quot;","block_context":{"text":"download","link":"https:\/\/www.achimbrueckner.de\/freeradio\/php\/wordpress\/?cat=7"},"img":{"alt_text":"","src":"","width":0,"height":0},"classes":[]},{"id":446397,"url":"https:\/\/www.achimbrueckner.de\/freeradio\/php\/wordpress\/?p=446397","url_meta":{"origin":453958,"position":2},"title":"Radio \u00abXXXXX\u00bb off air: Bakom schliesst Z\u00fcrcher Piratensender","author":"Administrator","date":"February 6, 2016 17:39","format":false,"excerpt":"http:\/\/www.watson.ch\/Schweiz\/Wirtschaft\/163731985-Radio-%C2%ABXXXXX%C2%BB-off-air--Bakom-schliesst-Z%C3%BCrcher-Piratensender-?utm_source=rss","rel":"","context":"In \"Piratensender\"","block_context":{"text":"Piratensender","link":"https:\/\/www.achimbrueckner.de\/freeradio\/php\/wordpress\/?tag=piratensender"},"img":{"alt_text":"","src":"","width":0,"height":0},"classes":[]},{"id":26670,"url":"https:\/\/www.achimbrueckner.de\/freeradio\/php\/wordpress\/?p=26670","url_meta":{"origin":453958,"position":3},"title":"Buchrezension Love is on Air","author":"Administrator","date":"January 6, 2013 14:40","format":false,"excerpt":"Buchrezension Love is on Air \u00fcber einen Piratensender-OP http:\/\/www.fnp.de\/nnp\/nachrichten\/kultur\/lebensturbulenzen-in-jungen-jahren_rmn01.c.10382045.de.html","rel":"","context":"In \"Piratensender\"","block_context":{"text":"Piratensender","link":"https:\/\/www.achimbrueckner.de\/freeradio\/php\/wordpress\/?tag=piratensender"},"img":{"alt_text":"","src":"","width":0,"height":0},"classes":[]},{"id":27630,"url":"https:\/\/www.achimbrueckner.de\/freeradio\/php\/wordpress\/?p=27630","url_meta":{"origin":453958,"position":4},"title":"Piratensender in Neu-Ulm?!","author":"Administrator","date":"May 1, 2013 08:19","format":false,"excerpt":"Piratensender in Neu-Ulm?! http:\/\/www.radioforen.de\/index.php?threads\/piratensender-in-neu-ulm.36625\/","rel":"","context":"In \"Piratensender\"","block_context":{"text":"Piratensender","link":"https:\/\/www.achimbrueckner.de\/freeradio\/php\/wordpress\/?tag=piratensender"},"img":{"alt_text":"","src":"","width":0,"height":0},"classes":[]},{"id":18656,"url":"https:\/\/www.achimbrueckner.de\/freeradio\/php\/wordpress\/?p=18656","url_meta":{"origin":453958,"position":5},"title":"Polizei nimmt Piratensender hoch","author":"Administrator","date":"June 12, 2010 07:53","format":false,"excerpt":"Polizei nimmt Piratensender hoch http:\/\/www.bz-berlin.de\/bezirk\/friedrichshain\/polizei-nimmt-piratensender-hoch-article869992.html","rel":"","context":"In \"Piratensender\"","block_context":{"text":"Piratensender","link":"https:\/\/www.achimbrueckner.de\/freeradio\/php\/wordpress\/?tag=piratensender"},"img":{"alt_text":"","src":"","width":0,"height":0},"classes":[]}],"_links":{"self":[{"href":"https:\/\/www.achimbrueckner.de\/freeradio\/php\/wordpress\/index.php?rest_route=\/wp\/v2\/posts\/453958","targetHints":{"allow":["GET"]}}],"collection":[{"href":"https:\/\/www.achimbrueckner.de\/freeradio\/php\/wordpress\/index.php?rest_route=\/wp\/v2\/posts"}],"about":[{"href":"https:\/\/www.achimbrueckner.de\/freeradio\/php\/wordpress\/index.php?rest_route=\/wp\/v2\/types\/post"}],"author":[{"embeddable":true,"href":"https:\/\/www.achimbrueckner.de\/freeradio\/php\/wordpress\/index.php?rest_route=\/wp\/v2\/users\/1"}],"replies":[{"embeddable":true,"href":"https:\/\/www.achimbrueckner.de\/freeradio\/php\/wordpress\/index.php?rest_route=%2Fwp%2Fv2%2Fcomments&post=453958"}],"version-history":[{"count":0,"href":"https:\/\/www.achimbrueckner.de\/freeradio\/php\/wordpress\/index.php?rest_route=\/wp\/v2\/posts\/453958\/revisions"}],"wp:attachment":[{"href":"https:\/\/www.achimbrueckner.de\/freeradio\/php\/wordpress\/index.php?rest_route=%2Fwp%2Fv2%2Fmedia&parent=453958"}],"wp:term":[{"taxonomy":"category","embeddable":true,"href":"https:\/\/www.achimbrueckner.de\/freeradio\/php\/wordpress\/index.php?rest_route=%2Fwp%2Fv2%2Fcategories&post=453958"},{"taxonomy":"post_tag","embeddable":true,"href":"https:\/\/www.achimbrueckner.de\/freeradio\/php\/wordpress\/index.php?rest_route=%2Fwp%2Fv2%2Ftags&post=453958"}],"curies":[{"name":"wp","href":"https:\/\/api.w.org\/{rel}","templated":true}]}}