{"id":454238,"date":"2017-04-14T16:41:24","date_gmt":"2017-04-14T16:41:24","guid":{"rendered":"https:\/\/www.achimbrueckner.de\/freeradio\/php\/wordpress\/?p=454238"},"modified":"2017-04-14T16:41:24","modified_gmt":"2017-04-14T16:41:24","slug":"piratensender-in-getelo-entdeckt","status":"publish","type":"post","link":"https:\/\/www.achimbrueckner.de\/freeradio\/php\/wordpress\/?p=454238","title":{"rendered":"Piratensender in Getelo entdeckt"},"content":{"rendered":"<p><a href=\"http:\/\/www.gn-online.de\/nachrichten\/piratensender-in-getelo-entdeckt--189858.html\" target=\"_blank\">http:\/\/www.gn-online.de\/nachrichten\/piratensender-in-getelo-entdeckt&#8211;189858.html<\/a><\/p>\n","protected":false},"excerpt":{"rendered":"<p>http:\/\/www.gn-online.de\/nachrichten\/piratensender-in-getelo-entdeckt&#8211;189858.html<\/p>\n","protected":false},"author":1,"featured_media":0,"comment_status":"open","ping_status":"open","sticky":false,"template":"","format":"standard","meta":{"_jetpack_memberships_contains_paid_content":false,"footnotes":"","jetpack_publicize_message":"","jetpack_publicize_feature_enabled":true,"jetpack_social_post_already_shared":true,"jetpack_social_options":{"image_generator_settings":{"template":"highway","default_image_id":0,"font":"","enabled":false},"version":2}},"categories":[1],"tags":[25],"class_list":["post-454238","post","type-post","status-publish","format-standard","hentry","category-uncategorized","tag-piratensender"],"jetpack_publicize_connections":[],"jetpack_featured_media_url":"","jetpack_sharing_enabled":true,"jetpack_shortlink":"https:\/\/wp.me\/p5CD59-1Uaq","jetpack-related-posts":[{"id":446934,"url":"https:\/\/www.achimbrueckner.de\/freeradio\/php\/wordpress\/?p=446934","url_meta":{"origin":454238,"position":0},"title":"Piratensender im emsl\u00e4ndischen Twist abgebaut","author":"Administrator","date":"March 1, 2016 19:52","format":false,"excerpt":"http:\/\/www.gn-online.de\/Nachrichten\/Piratensender-im-emslaendischen-Twist-abgebaut-143289.html","rel":"","context":"In \"Piratensender\"","block_context":{"text":"Piratensender","link":"https:\/\/www.achimbrueckner.de\/freeradio\/php\/wordpress\/?tag=piratensender"},"img":{"alt_text":"","src":"","width":0,"height":0},"classes":[]},{"id":201252,"url":"https:\/\/www.achimbrueckner.de\/freeradio\/php\/wordpress\/?p=201252","url_meta":{"origin":454238,"position":1},"title":"Illegaler Sendemast in Wielen entdeckt","author":"Administrator","date":"June 27, 2015 18:21","format":false,"excerpt":"http:\/\/www.gn-online.de\/Nachrichten\/Illegaler-Sendemast-in-Wielen-entdeckt-115173.html https:\/\/imgur.com\/a\/hwuA1","rel":"","context":"Similar post","block_context":{"text":"Similar post","link":""},"img":{"alt_text":"","src":"","width":0,"height":0},"classes":[]},{"id":25566,"url":"https:\/\/www.achimbrueckner.de\/freeradio\/php\/wordpress\/?p=25566","url_meta":{"origin":454238,"position":2},"title":"Niederl\u00e4ndische Funkpiraten fl\u00fcchten \u00fcber Grenze nach Deutschland \u00e2\u20ac\u201c 25 Piratensender in Niedersachsen entdeckt","author":"Administrator","date":"August 16, 2012 06:05","format":false,"excerpt":"Niederl\u00e4ndische Funkpiraten fl\u00fcchten \u00fcber Grenze nach Deutschland \u00e2\u20ac\u201c 25 Piratensender in Niedersachsen entdeckt http:\/\/www.noz.de\/deutschland-und-welt\/politik\/niedersachsen\/65817980\/niederlaendische-funkpiraten-fluechten-ueber-grenze-nach-deutschland--25-piratensender-in-niedersachsen-entdeckt","rel":"","context":"In \"Piratensender\"","block_context":{"text":"Piratensender","link":"https:\/\/www.achimbrueckner.de\/freeradio\/php\/wordpress\/?tag=piratensender"},"img":{"alt_text":"","src":"","width":0,"height":0},"classes":[]},{"id":444319,"url":"https:\/\/www.achimbrueckner.de\/freeradio\/php\/wordpress\/?p=444319","url_meta":{"origin":454238,"position":3},"title":"THW baut illegalen Sendemast in Getelo ab","author":"Administrator","date":"September 20, 2015 07:35","format":false,"excerpt":"http:\/\/mobil.gn-online.de\/Nachrichten\/THW-baut-illegalen-Sendemast-in-Getelo-ab-124700.html","rel":"","context":"Similar post","block_context":{"text":"Similar post","link":""},"img":{"alt_text":"","src":"","width":0,"height":0},"classes":[]},{"id":444353,"url":"https:\/\/www.achimbrueckner.de\/freeradio\/php\/wordpress\/?p=444353","url_meta":{"origin":454238,"position":4},"title":"NIEDERL\u00c4NDISCHE SENDEANLAGE? Erneut Piratensender in Grafschaft Bentheim entdeckt","author":"Administrator","date":"September 21, 2015 18:19","format":false,"excerpt":"http:\/\/www.noz.de\/lokales\/lingen\/artikel\/618432\/erneut-piratensender-in-grafschaft-bentheim-entdeckt-1","rel":"","context":"In \"Piratensender\"","block_context":{"text":"Piratensender","link":"https:\/\/www.achimbrueckner.de\/freeradio\/php\/wordpress\/?tag=piratensender"},"img":{"alt_text":"","src":"","width":0,"height":0},"classes":[]},{"id":458436,"url":"https:\/\/www.achimbrueckner.de\/freeradio\/php\/wordpress\/?p=458436","url_meta":{"origin":454238,"position":5},"title":"D\u00fcsseldorf: Piratensender \u201e99,6 Hitzzz\u201c auf dem Dachboden eines Mehrfamilienhauses entdeckt","author":"Administrator","date":"March 3, 2018 10:41","format":false,"excerpt":"https:\/\/www.report-d.de\/Duesseldorf\/Aktuelles\/Duesseldorf-Piratensender-99-6-Hitzzz-auf-dem-Dachboden-eines-Mehrfamilienhauses-entdeckt-93500","rel":"","context":"In \"AM\"","block_context":{"text":"AM","link":"https:\/\/www.achimbrueckner.de\/freeradio\/php\/wordpress\/?tag=am"},"img":{"alt_text":"","src":"","width":0,"height":0},"classes":[]}],"_links":{"self":[{"href":"https:\/\/www.achimbrueckner.de\/freeradio\/php\/wordpress\/index.php?rest_route=\/wp\/v2\/posts\/454238","targetHints":{"allow":["GET"]}}],"collection":[{"href":"https:\/\/www.achimbrueckner.de\/freeradio\/php\/wordpress\/index.php?rest_route=\/wp\/v2\/posts"}],"about":[{"href":"https:\/\/www.achimbrueckner.de\/freeradio\/php\/wordpress\/index.php?rest_route=\/wp\/v2\/types\/post"}],"author":[{"embeddable":true,"href":"https:\/\/www.achimbrueckner.de\/freeradio\/php\/wordpress\/index.php?rest_route=\/wp\/v2\/users\/1"}],"replies":[{"embeddable":true,"href":"https:\/\/www.achimbrueckner.de\/freeradio\/php\/wordpress\/index.php?rest_route=%2Fwp%2Fv2%2Fcomments&post=454238"}],"version-history":[{"count":0,"href":"https:\/\/www.achimbrueckner.de\/freeradio\/php\/wordpress\/index.php?rest_route=\/wp\/v2\/posts\/454238\/revisions"}],"wp:attachment":[{"href":"https:\/\/www.achimbrueckner.de\/freeradio\/php\/wordpress\/index.php?rest_route=%2Fwp%2Fv2%2Fmedia&parent=454238"}],"wp:term":[{"taxonomy":"category","embeddable":true,"href":"https:\/\/www.achimbrueckner.de\/freeradio\/php\/wordpress\/index.php?rest_route=%2Fwp%2Fv2%2Fcategories&post=454238"},{"taxonomy":"post_tag","embeddable":true,"href":"https:\/\/www.achimbrueckner.de\/freeradio\/php\/wordpress\/index.php?rest_route=%2Fwp%2Fv2%2Ftags&post=454238"}],"curies":[{"name":"wp","href":"https:\/\/api.w.org\/{rel}","templated":true}]}}