{"id":454375,"date":"2017-04-23T12:26:11","date_gmt":"2017-04-23T12:26:11","guid":{"rendered":"https:\/\/www.achimbrueckner.de\/freeradio\/php\/wordpress\/?p=454375"},"modified":"2017-04-23T12:26:11","modified_gmt":"2017-04-23T12:26:11","slug":"real-fm-silvester-2008-stefan-kramer-party-mit-patrick-helmut-31-12-2008","status":"publish","type":"post","link":"https:\/\/www.achimbrueckner.de\/freeradio\/php\/wordpress\/?p=454375","title":{"rendered":"Real FM &#8211; Silvester 2008 &#8211; Stefan Kramer, Party Mit Patrick + Helmut &#8211; 31.12.2008"},"content":{"rendered":"<p><a href=\"https:\/\/soundcloud.com\/lothar-latte\/real-fm-silvester-2008-stefan-kramer-party-mit-patrick-helmut-wetterbedingte-empfangsstorungen-31122008\" target=\"_blank\">https:\/\/soundcloud.com\/lothar-latte\/real-fm-silvester-2008-stefan-kramer-party-mit-patrick-helmut-wetterbedingte-empfangsstorungen-31122008<\/a><\/p>\n","protected":false},"excerpt":{"rendered":"<p>https:\/\/soundcloud.com\/lothar-latte\/real-fm-silvester-2008-stefan-kramer-party-mit-patrick-helmut-wetterbedingte-empfangsstorungen-31122008<\/p>\n","protected":false},"author":1,"featured_media":0,"comment_status":"open","ping_status":"open","sticky":false,"template":"","format":"standard","meta":{"_jetpack_memberships_contains_paid_content":false,"footnotes":"","jetpack_publicize_message":"","jetpack_publicize_feature_enabled":true,"jetpack_social_post_already_shared":true,"jetpack_social_options":{"image_generator_settings":{"template":"highway","default_image_id":0,"font":"","enabled":false},"version":2}},"categories":[1],"tags":[22,24],"class_list":["post-454375","post","type-post","status-publish","format-standard","hentry","category-uncategorized","tag-am","tag-fm"],"jetpack_publicize_connections":[],"jetpack_featured_media_url":"","jetpack_sharing_enabled":true,"jetpack_shortlink":"https:\/\/wp.me\/p5CD59-1UcD","jetpack-related-posts":[{"id":459003,"url":"https:\/\/www.achimbrueckner.de\/freeradio\/php\/wordpress\/?p=459003","url_meta":{"origin":454375,"position":0},"title":"Real FM &#8211; Silvester 2008 &#8211; Stefan Kramer, Party Mit Patrick + Helmut &#8211; 31.12.2008","author":"Administrator","date":"July 18, 2018 09:24","format":false,"excerpt":"https:\/\/soundcloud.com\/lothar-latte\/real-fm-silvester-2008-stefan-kramer-party-mit-patrick-helmut-wetterbedingte-empfangsstorungen-31122008","rel":"","context":"In \"AM\"","block_context":{"text":"AM","link":"https:\/\/www.achimbrueckner.de\/freeradio\/php\/wordpress\/?tag=am"},"img":{"alt_text":"","src":"","width":0,"height":0},"classes":[]},{"id":87621,"url":"https:\/\/www.achimbrueckner.de\/freeradio\/php\/wordpress\/?p=87621","url_meta":{"origin":454375,"position":1},"title":"Real FM &#8220;The Big 99&#8221; &#8211; Stefan Kramer &#8211; Sommer 2008","author":"Administrator","date":"June 12, 2015 19:32","format":false,"excerpt":"https:\/\/soundcloud.com\/lothar-latte\/real-fm-the-big-99-stefan-kramer-sommer-2008","rel":"","context":"In \"AM\"","block_context":{"text":"AM","link":"https:\/\/www.achimbrueckner.de\/freeradio\/php\/wordpress\/?tag=am"},"img":{"alt_text":"","src":"","width":0,"height":0},"classes":[]},{"id":475459,"url":"https:\/\/www.achimbrueckner.de\/freeradio\/php\/wordpress\/?p=475459","url_meta":{"origin":454375,"position":2},"title":"Stefan Kramer aus dem FMK Archiv","author":"Administrator","date":"April 9, 2026 16:08","format":false,"excerpt":"Liebe Radiofreunde, hier das FMK-Programm f\u00fcr die kommende Woche via https:\/\/laut.fm\/jukebox. Alle diese Sendungen sind nur ONLINE \u00fcber den laut.fm-Stream zu h\u00f6ren. Am Freitag den 10.April findet die Trauerfeier f\u00fcr Stefan Kramer statt. Im Gedenken an Stefan Kramer wiederholt FMK Radio daher nochmal einige seiner Shows aus den Programmen von\u2026","rel":"","context":"Similar post","block_context":{"text":"Similar post","link":""},"img":{"alt_text":"","src":"","width":0,"height":0},"classes":[]},{"id":451715,"url":"https:\/\/www.achimbrueckner.de\/freeradio\/php\/wordpress\/?p=451715","url_meta":{"origin":454375,"position":3},"title":"Power FM 103.1 FM &#8211; Stefan Kramer Ausschnitte &#8211; Eigenaufnahme &#8211; 13.11.2016 &#8211; Kopie","author":"Administrator","date":"November 14, 2016 16:45","format":false,"excerpt":"https:\/\/soundcloud.com\/lothar-latte\/power-fm-1031-fm-stefan-kramer-ausschnitte-eigenaufnahme-13112016-kopie","rel":"","context":"In \"AM\"","block_context":{"text":"AM","link":"https:\/\/www.achimbrueckner.de\/freeradio\/php\/wordpress\/?tag=am"},"img":{"alt_text":"","src":"","width":0,"height":0},"classes":[]},{"id":454159,"url":"https:\/\/www.achimbrueckner.de\/freeradio\/php\/wordpress\/?p=454159","url_meta":{"origin":454375,"position":4},"title":"Real FM &#8211; Stefan Kramer &#8211; 25.12.2008","author":"Administrator","date":"April 9, 2017 12:24","format":false,"excerpt":"https:\/\/soundcloud.com\/lothar-latte\/real-fm-stefan-kramer-25122008","rel":"","context":"In \"AM\"","block_context":{"text":"AM","link":"https:\/\/www.achimbrueckner.de\/freeradio\/php\/wordpress\/?tag=am"},"img":{"alt_text":"","src":"","width":0,"height":0},"classes":[]},{"id":39530,"url":"https:\/\/www.achimbrueckner.de\/freeradio\/php\/wordpress\/?p=39530","url_meta":{"origin":454375,"position":5},"title":"BNL Revival 2012 &#8211; Mix &#8211; Helmut, Kramer, Rogers, Kaiser, Party","author":"Administrator","date":"April 2, 2015 08:33","format":false,"excerpt":"https:\/\/soundcloud.com\/lothar-latte\/bnl-revival-2012-mix-helmut-kramer-rogers-kaiser-party","rel":"","context":"In \"AM\"","block_context":{"text":"AM","link":"https:\/\/www.achimbrueckner.de\/freeradio\/php\/wordpress\/?tag=am"},"img":{"alt_text":"","src":"","width":0,"height":0},"classes":[]}],"_links":{"self":[{"href":"https:\/\/www.achimbrueckner.de\/freeradio\/php\/wordpress\/index.php?rest_route=\/wp\/v2\/posts\/454375","targetHints":{"allow":["GET"]}}],"collection":[{"href":"https:\/\/www.achimbrueckner.de\/freeradio\/php\/wordpress\/index.php?rest_route=\/wp\/v2\/posts"}],"about":[{"href":"https:\/\/www.achimbrueckner.de\/freeradio\/php\/wordpress\/index.php?rest_route=\/wp\/v2\/types\/post"}],"author":[{"embeddable":true,"href":"https:\/\/www.achimbrueckner.de\/freeradio\/php\/wordpress\/index.php?rest_route=\/wp\/v2\/users\/1"}],"replies":[{"embeddable":true,"href":"https:\/\/www.achimbrueckner.de\/freeradio\/php\/wordpress\/index.php?rest_route=%2Fwp%2Fv2%2Fcomments&post=454375"}],"version-history":[{"count":0,"href":"https:\/\/www.achimbrueckner.de\/freeradio\/php\/wordpress\/index.php?rest_route=\/wp\/v2\/posts\/454375\/revisions"}],"wp:attachment":[{"href":"https:\/\/www.achimbrueckner.de\/freeradio\/php\/wordpress\/index.php?rest_route=%2Fwp%2Fv2%2Fmedia&parent=454375"}],"wp:term":[{"taxonomy":"category","embeddable":true,"href":"https:\/\/www.achimbrueckner.de\/freeradio\/php\/wordpress\/index.php?rest_route=%2Fwp%2Fv2%2Fcategories&post=454375"},{"taxonomy":"post_tag","embeddable":true,"href":"https:\/\/www.achimbrueckner.de\/freeradio\/php\/wordpress\/index.php?rest_route=%2Fwp%2Fv2%2Ftags&post=454375"}],"curies":[{"name":"wp","href":"https:\/\/api.w.org\/{rel}","templated":true}]}}