{"id":454399,"date":"2017-04-23T13:51:36","date_gmt":"2017-04-23T13:51:36","guid":{"rendered":"https:\/\/www.achimbrueckner.de\/freeradio\/php\/wordpress\/?p=454399"},"modified":"2017-04-23T13:51:36","modified_gmt":"2017-04-23T13:51:36","slug":"thw-demontiert-am-karfreitag-50-meter-hohen-piratensender","status":"publish","type":"post","link":"https:\/\/www.achimbrueckner.de\/freeradio\/php\/wordpress\/?p=454399","title":{"rendered":"THW demontiert am Karfreitag 50 Meter hohen Piratensender"},"content":{"rendered":"<p><a href=\"http:\/\/radioforum.foren.mysnip.de\/read.php?8773,1418069\" target=\"_blank\">http:\/\/radioforum.foren.mysnip.de\/read.php?8773,1418069<\/a><\/p>\n<p>Info via <a href=\"http:\/\/www.ratzer.at\" target=\"_blank\">A-DX<\/a><\/p>\n","protected":false},"excerpt":{"rendered":"<p>http:\/\/radioforum.foren.mysnip.de\/read.php?8773,1418069 Info via A-DX<\/p>\n","protected":false},"author":1,"featured_media":0,"comment_status":"open","ping_status":"open","sticky":false,"template":"","format":"standard","meta":{"_jetpack_memberships_contains_paid_content":false,"footnotes":"","jetpack_publicize_message":"","jetpack_publicize_feature_enabled":true,"jetpack_social_post_already_shared":true,"jetpack_social_options":{"image_generator_settings":{"template":"highway","default_image_id":0,"font":"","enabled":false},"version":2}},"categories":[1],"tags":[22,28,25],"class_list":["post-454399","post","type-post","status-publish","format-standard","hentry","category-uncategorized","tag-am","tag-dx","tag-piratensender"],"jetpack_publicize_connections":[],"jetpack_featured_media_url":"","jetpack_sharing_enabled":true,"jetpack_shortlink":"https:\/\/wp.me\/p5CD59-1Ud1","jetpack-related-posts":[{"id":7131,"url":"https:\/\/www.achimbrueckner.de\/freeradio\/php\/wordpress\/?p=7131","url_meta":{"origin":454399,"position":0},"title":"Piratensender am Start","author":"Administrator","date":"June 15, 2008 10:18","format":false,"excerpt":"Der Spiegel berichtete vor 50 Jahren \u00fcber Piratensender: Der Artikel ist hier abrufbar. Info via Florian Usner auf A-DX","rel":"","context":"In \"AM\"","block_context":{"text":"AM","link":"https:\/\/www.achimbrueckner.de\/freeradio\/php\/wordpress\/?tag=am"},"img":{"alt_text":"","src":"","width":0,"height":0},"classes":[]},{"id":6410,"url":"https:\/\/www.achimbrueckner.de\/freeradio\/php\/wordpress\/?p=6410","url_meta":{"origin":454399,"position":1},"title":"Luxemburger Piratensender","author":"Administrator","date":"April 1, 2008 14:56","format":false,"excerpt":"Viele Details der vergangenen luxemburger Piratenszene sind via http:\/\/www.radiolnw.lu\/technik_piratenradios.php abrufbar. Eine hoch interessante Seite mit Audiobeispielen, Hintergrundinfos und Fotos. Info via A-DX","rel":"","context":"In &quot;links&quot;","block_context":{"text":"links","link":"https:\/\/www.achimbrueckner.de\/freeradio\/php\/wordpress\/?cat=9"},"img":{"alt_text":"","src":"","width":0,"height":0},"classes":[]},{"id":2647,"url":"https:\/\/www.achimbrueckner.de\/freeradio\/php\/wordpress\/?p=2647","url_meta":{"origin":454399,"position":2},"title":"Piratensender 70er Jahre Schweiz","author":"Administrator","date":"May 8, 2007 14:39","format":false,"excerpt":"DXbruehlhart macht im Piratenradioforum auf einen interessanten Artikel \u00fcber die Piratensender in den 70er Jahren in der Schweiz aufmerksam. Der Artikel ist hier zu lesen.","rel":"","context":"In &quot;links&quot;","block_context":{"text":"links","link":"https:\/\/www.achimbrueckner.de\/freeradio\/php\/wordpress\/?cat=9"},"img":{"alt_text":"","src":"","width":0,"height":0},"classes":[]},{"id":9621,"url":"https:\/\/www.achimbrueckner.de\/freeradio\/php\/wordpress\/?p=9621","url_meta":{"origin":454399,"position":3},"title":"3330 Khz","author":"Administrator","date":"December 15, 2008 16:55","format":false,"excerpt":"Sowohl Wellenforum als auch A-DX r\u00e4tseln \u00fcber einen holl\u00e4ndischen Piratensender auf 3330 Khz, der unter CHU sonntagabend zu h\u00f6ren war. Evt. handelt es sich ja auch um eine Harmonische.","rel":"","context":"In \"dx\"","block_context":{"text":"dx","link":"https:\/\/www.achimbrueckner.de\/freeradio\/php\/wordpress\/?tag=dx"},"img":{"alt_text":"","src":"","width":0,"height":0},"classes":[]},{"id":15034,"url":"https:\/\/www.achimbrueckner.de\/freeradio\/php\/wordpress\/?p=15034","url_meta":{"origin":454399,"position":4},"title":"Rechte Hassparolen in Internet-Piratensender","author":"Administrator","date":"November 17, 2009 18:40","format":false,"excerpt":"Prozess nach rechten Hassparolen in Piratensender: http:\/\/www.abendblatt.de\/politik\/deutschland\/article1271710\/Prozess-nach-rechten-Hassparolen-in-Piratensender.html Ein weiterer Artikel dazu in der TAZ: http:\/\/www.taz.de\/1\/politik\/deutschland\/artikel\/1\/betrieb-verfassungsschutz-nazi-radio\/ Last item via dxld","rel":"","context":"In \"dx\"","block_context":{"text":"dx","link":"https:\/\/www.achimbrueckner.de\/freeradio\/php\/wordpress\/?tag=dx"},"img":{"alt_text":"","src":"","width":0,"height":0},"classes":[]},{"id":2652,"url":"https:\/\/www.achimbrueckner.de\/freeradio\/php\/wordpress\/?p=2652","url_meta":{"origin":454399,"position":5},"title":"Steffens Blog","author":"Administrator","date":"May 10, 2007 15:46","format":false,"excerpt":"Steffen Schultz ver\u00f6ffentlicht auf Steffens Blog aktuelle Freeradio Logs. QTH ist hier 16918 Freyenstein, also etwas weiter weg von der niederl\u00e4ndischen Grenze. Au\u00dferdem ist ein podcast mit Mitschnitten diverser Kurzwellen-Piratensender downloadbar. Info via Bermuda-DX","rel":"","context":"In &quot;links&quot;","block_context":{"text":"links","link":"https:\/\/www.achimbrueckner.de\/freeradio\/php\/wordpress\/?cat=9"},"img":{"alt_text":"","src":"","width":0,"height":0},"classes":[]}],"_links":{"self":[{"href":"https:\/\/www.achimbrueckner.de\/freeradio\/php\/wordpress\/index.php?rest_route=\/wp\/v2\/posts\/454399","targetHints":{"allow":["GET"]}}],"collection":[{"href":"https:\/\/www.achimbrueckner.de\/freeradio\/php\/wordpress\/index.php?rest_route=\/wp\/v2\/posts"}],"about":[{"href":"https:\/\/www.achimbrueckner.de\/freeradio\/php\/wordpress\/index.php?rest_route=\/wp\/v2\/types\/post"}],"author":[{"embeddable":true,"href":"https:\/\/www.achimbrueckner.de\/freeradio\/php\/wordpress\/index.php?rest_route=\/wp\/v2\/users\/1"}],"replies":[{"embeddable":true,"href":"https:\/\/www.achimbrueckner.de\/freeradio\/php\/wordpress\/index.php?rest_route=%2Fwp%2Fv2%2Fcomments&post=454399"}],"version-history":[{"count":0,"href":"https:\/\/www.achimbrueckner.de\/freeradio\/php\/wordpress\/index.php?rest_route=\/wp\/v2\/posts\/454399\/revisions"}],"wp:attachment":[{"href":"https:\/\/www.achimbrueckner.de\/freeradio\/php\/wordpress\/index.php?rest_route=%2Fwp%2Fv2%2Fmedia&parent=454399"}],"wp:term":[{"taxonomy":"category","embeddable":true,"href":"https:\/\/www.achimbrueckner.de\/freeradio\/php\/wordpress\/index.php?rest_route=%2Fwp%2Fv2%2Fcategories&post=454399"},{"taxonomy":"post_tag","embeddable":true,"href":"https:\/\/www.achimbrueckner.de\/freeradio\/php\/wordpress\/index.php?rest_route=%2Fwp%2Fv2%2Ftags&post=454399"}],"curies":[{"name":"wp","href":"https:\/\/api.w.org\/{rel}","templated":true}]}}