{"id":454497,"date":"2017-04-29T16:19:10","date_gmt":"2017-04-29T16:19:10","guid":{"rendered":"https:\/\/www.achimbrueckner.de\/freeradio\/php\/wordpress\/?p=454497"},"modified":"2017-04-29T16:19:10","modified_gmt":"2017-04-29T16:19:10","slug":"erneut-ukw-grospirat-ausgehoben","status":"publish","type":"post","link":"https:\/\/www.achimbrueckner.de\/freeradio\/php\/wordpress\/?p=454497","title":{"rendered":"Erneut UKW-Gro\u00dfpirat ausgehoben"},"content":{"rendered":"<p><a href=\"http:\/\/www.radioeins.de\/programm\/sendungen\/medienmagazin\/radio_news\/beitraege\/2017\/grosspiraten.html\" target=\"_blank\">http:\/\/www.radioeins.de\/programm\/sendungen\/medienmagazin\/radio_news\/beitraege\/2017\/grosspiraten.html<\/a><\/p>\n","protected":false},"excerpt":{"rendered":"<p>http:\/\/www.radioeins.de\/programm\/sendungen\/medienmagazin\/radio_news\/beitraege\/2017\/grosspiraten.html<\/p>\n","protected":false},"author":1,"featured_media":0,"comment_status":"open","ping_status":"open","sticky":false,"template":"","format":"standard","meta":{"_jetpack_memberships_contains_paid_content":false,"footnotes":"","jetpack_publicize_message":"","jetpack_publicize_feature_enabled":true,"jetpack_social_post_already_shared":true,"jetpack_social_options":{"image_generator_settings":{"template":"highway","default_image_id":0,"font":"","enabled":false},"version":2}},"categories":[1],"tags":[22,30,33],"class_list":["post-454497","post","type-post","status-publish","format-standard","hentry","category-uncategorized","tag-am","tag-medien","tag-ukw"],"jetpack_publicize_connections":[],"jetpack_featured_media_url":"","jetpack_sharing_enabled":true,"jetpack_shortlink":"https:\/\/wp.me\/p5CD59-1UeB","jetpack-related-posts":[{"id":170002,"url":"https:\/\/www.achimbrueckner.de\/freeradio\/php\/wordpress\/?p=170002","url_meta":{"origin":454497,"position":0},"title":"UKW Piratensender Deutschland","author":"Administrator","date":"June 23, 2015 18:06","format":false,"excerpt":"Piratensender aus Deutschland UKW: 13. Juni 2015 Station Hulli Gulli 106,3 Mhz 9. Juni 2015 Radio Lambada 97,3 Mhz 21. Juni 2015 Radio PTN Radio Eisb\u00e4r 98,2 Mhz","rel":"","context":"In &quot;download&quot;","block_context":{"text":"download","link":"https:\/\/www.achimbrueckner.de\/freeradio\/php\/wordpress\/?cat=7"},"img":{"alt_text":"","src":"","width":0,"height":0},"classes":[]},{"id":450515,"url":"https:\/\/www.achimbrueckner.de\/freeradio\/php\/wordpress\/?p=450515","url_meta":{"origin":454497,"position":1},"title":"UKW-Piratensender sollten den \u00d6R ersetzen \u2026","author":"Administrator","date":"September 11, 2016 08:36","format":false,"excerpt":"http:\/\/forum.golem.de\/kommentare\/politik-recht\/dab-bundesrat-will-verkauf-von-reinen-ukw-radios-stoppen\/ukw-piratensender-sollten-den-oer-ersetzen-8230\/103579,4598705,4598705,read.html","rel":"","context":"In \"Piratensender\"","block_context":{"text":"Piratensender","link":"https:\/\/www.achimbrueckner.de\/freeradio\/php\/wordpress\/?tag=piratensender"},"img":{"alt_text":"","src":"","width":0,"height":0},"classes":[]},{"id":454310,"url":"https:\/\/www.achimbrueckner.de\/freeradio\/php\/wordpress\/?p=454310","url_meta":{"origin":454497,"position":2},"title":"Bundesnetzagentur legt UKW-Schwarzsender still","author":"Administrator","date":"April 19, 2017 07:44","format":false,"excerpt":"http:\/\/www.radiowoche.de\/bundesnetzagentur-legt-ukw-schwarzsender-still\/","rel":"","context":"In \"UKW\"","block_context":{"text":"UKW","link":"https:\/\/www.achimbrueckner.de\/freeradio\/php\/wordpress\/?tag=ukw"},"img":{"alt_text":"","src":"","width":0,"height":0},"classes":[]},{"id":22957,"url":"https:\/\/www.achimbrueckner.de\/freeradio\/php\/wordpress\/?p=22957","url_meta":{"origin":454497,"position":3},"title":"D\u00e4nischer UKW-Pirat","author":"Administrator","date":"September 19, 2011 16:53","format":false,"excerpt":"Thread \u00fcber einen d\u00e4nischen UKW-Piraten http:\/\/forum.mysnip.de\/read.php?8773,871239","rel":"","context":"In \"UKW\"","block_context":{"text":"UKW","link":"https:\/\/www.achimbrueckner.de\/freeradio\/php\/wordpress\/?tag=ukw"},"img":{"alt_text":"","src":"","width":0,"height":0},"classes":[]},{"id":454423,"url":"https:\/\/www.achimbrueckner.de\/freeradio\/php\/wordpress\/?p=454423","url_meta":{"origin":454497,"position":4},"title":"Bundesnetzagentur legt UKW-Schwarzsender still","author":"Administrator","date":"April 25, 2017 17:29","format":false,"excerpt":"http:\/\/www.digitalfernsehen.de\/Bundesnetzagentur-legt-UKW-Schwarzsender-still.152283.0.html","rel":"","context":"In \"UKW\"","block_context":{"text":"UKW","link":"https:\/\/www.achimbrueckner.de\/freeradio\/php\/wordpress\/?tag=ukw"},"img":{"alt_text":"","src":"","width":0,"height":0},"classes":[]},{"id":458453,"url":"https:\/\/www.achimbrueckner.de\/freeradio\/php\/wordpress\/?p=458453","url_meta":{"origin":454497,"position":5},"title":"UKW-Piratensender in D\u00fcsseldorf ausgehoben","author":"Administrator","date":"March 5, 2018 17:10","format":false,"excerpt":"https:\/\/www.qso4you.com\/article\/2072-ukw-piratensender-in-d%C3%BCsseldorf-ausgehoben\/","rel":"","context":"In \"Piratensender\"","block_context":{"text":"Piratensender","link":"https:\/\/www.achimbrueckner.de\/freeradio\/php\/wordpress\/?tag=piratensender"},"img":{"alt_text":"","src":"","width":0,"height":0},"classes":[]}],"_links":{"self":[{"href":"https:\/\/www.achimbrueckner.de\/freeradio\/php\/wordpress\/index.php?rest_route=\/wp\/v2\/posts\/454497","targetHints":{"allow":["GET"]}}],"collection":[{"href":"https:\/\/www.achimbrueckner.de\/freeradio\/php\/wordpress\/index.php?rest_route=\/wp\/v2\/posts"}],"about":[{"href":"https:\/\/www.achimbrueckner.de\/freeradio\/php\/wordpress\/index.php?rest_route=\/wp\/v2\/types\/post"}],"author":[{"embeddable":true,"href":"https:\/\/www.achimbrueckner.de\/freeradio\/php\/wordpress\/index.php?rest_route=\/wp\/v2\/users\/1"}],"replies":[{"embeddable":true,"href":"https:\/\/www.achimbrueckner.de\/freeradio\/php\/wordpress\/index.php?rest_route=%2Fwp%2Fv2%2Fcomments&post=454497"}],"version-history":[{"count":0,"href":"https:\/\/www.achimbrueckner.de\/freeradio\/php\/wordpress\/index.php?rest_route=\/wp\/v2\/posts\/454497\/revisions"}],"wp:attachment":[{"href":"https:\/\/www.achimbrueckner.de\/freeradio\/php\/wordpress\/index.php?rest_route=%2Fwp%2Fv2%2Fmedia&parent=454497"}],"wp:term":[{"taxonomy":"category","embeddable":true,"href":"https:\/\/www.achimbrueckner.de\/freeradio\/php\/wordpress\/index.php?rest_route=%2Fwp%2Fv2%2Fcategories&post=454497"},{"taxonomy":"post_tag","embeddable":true,"href":"https:\/\/www.achimbrueckner.de\/freeradio\/php\/wordpress\/index.php?rest_route=%2Fwp%2Fv2%2Ftags&post=454497"}],"curies":[{"name":"wp","href":"https:\/\/api.w.org\/{rel}","templated":true}]}}