{"id":455069,"date":"2017-06-15T15:07:54","date_gmt":"2017-06-15T15:07:54","guid":{"rendered":"https:\/\/www.achimbrueckner.de\/freeradio\/php\/wordpress\/?p=455069"},"modified":"2017-06-15T15:07:54","modified_gmt":"2017-06-15T15:07:54","slug":"piratensender-3","status":"publish","type":"post","link":"https:\/\/www.achimbrueckner.de\/freeradio\/php\/wordpress\/?p=455069","title":{"rendered":"PIRATENSENDER"},"content":{"rendered":"<p><a href=\"https:\/\/www.fading.de\/untergrundsender\/piratensender\" target=\"_blank\">https:\/\/www.fading.de\/untergrundsender\/piratensender<\/a><\/p>\n","protected":false},"excerpt":{"rendered":"<p>https:\/\/www.fading.de\/untergrundsender\/piratensender<\/p>\n","protected":false},"author":1,"featured_media":0,"comment_status":"open","ping_status":"open","sticky":false,"template":"","format":"standard","meta":{"_jetpack_memberships_contains_paid_content":false,"footnotes":"","jetpack_publicize_message":"","jetpack_publicize_feature_enabled":true,"jetpack_social_post_already_shared":true,"jetpack_social_options":{"image_generator_settings":{"template":"highway","default_image_id":0,"font":"","enabled":false},"version":2}},"categories":[1],"tags":[25],"class_list":["post-455069","post","type-post","status-publish","format-standard","hentry","category-uncategorized","tag-piratensender"],"jetpack_publicize_connections":[],"jetpack_featured_media_url":"","jetpack_sharing_enabled":true,"jetpack_shortlink":"https:\/\/wp.me\/p5CD59-1UnP","jetpack-related-posts":[{"id":197977,"url":"https:\/\/www.achimbrueckner.de\/freeradio\/php\/wordpress\/?p=197977","url_meta":{"origin":455069,"position":0},"title":"chilenische Piratensender @RCWradio 7550 Khz","author":"Administrator","date":"June 27, 2015 08:22","format":false,"excerpt":"Tipp f\u00fcr Extrem-DX: Der chilenische Piratensender @RCWradio \u00fcbertr\u00e4gt die Spiele der Copa Am\u00e9rica 2015 auf 7550 kHz. Info via RCWradio via Radiopiraten","rel":"","context":"In \"AM\"","block_context":{"text":"AM","link":"https:\/\/www.achimbrueckner.de\/freeradio\/php\/wordpress\/?tag=am"},"img":{"alt_text":"","src":"","width":0,"height":0},"classes":[]},{"id":170002,"url":"https:\/\/www.achimbrueckner.de\/freeradio\/php\/wordpress\/?p=170002","url_meta":{"origin":455069,"position":1},"title":"UKW Piratensender Deutschland","author":"Administrator","date":"June 23, 2015 18:06","format":false,"excerpt":"Piratensender aus Deutschland UKW: 13. Juni 2015 Station Hulli Gulli 106,3 Mhz 9. Juni 2015 Radio Lambada 97,3 Mhz 21. Juni 2015 Radio PTN Radio Eisb\u00e4r 98,2 Mhz","rel":"","context":"In &quot;download&quot;","block_context":{"text":"download","link":"https:\/\/www.achimbrueckner.de\/freeradio\/php\/wordpress\/?cat=7"},"img":{"alt_text":"","src":"","width":0,"height":0},"classes":[]},{"id":28409,"url":"https:\/\/www.achimbrueckner.de\/freeradio\/php\/wordpress\/?p=28409","url_meta":{"origin":455069,"position":2},"title":"Piratensender in Ostfriesland","author":"Administrator","date":"August 14, 2013 08:02","format":false,"excerpt":"Piratensender in Ostfriesland https:\/\/de.wikipedia.org\/wiki\/Piratensender_in_Ostfriesland","rel":"","context":"In \"Piratensender\"","block_context":{"text":"Piratensender","link":"https:\/\/www.achimbrueckner.de\/freeradio\/php\/wordpress\/?tag=piratensender"},"img":{"alt_text":"","src":"","width":0,"height":0},"classes":[]},{"id":447991,"url":"https:\/\/www.achimbrueckner.de\/freeradio\/php\/wordpress\/?p=447991","url_meta":{"origin":455069,"position":3},"title":"\u201ePiratensender\u201c im Landtag?","author":"Administrator","date":"April 29, 2016 20:57","format":false,"excerpt":"https:\/\/blog.wdr.de\/landtagsblog\/piratensender-im-landtag\/","rel":"","context":"In \"Piratensender\"","block_context":{"text":"Piratensender","link":"https:\/\/www.achimbrueckner.de\/freeradio\/php\/wordpress\/?tag=piratensender"},"img":{"alt_text":"","src":"","width":0,"height":0},"classes":[]},{"id":460454,"url":"https:\/\/www.achimbrueckner.de\/freeradio\/php\/wordpress\/?p=460454","url_meta":{"origin":455069,"position":4},"title":"Internet-TV Piratensender aufgeflogen","author":"Administrator","date":"April 14, 2019 08:35","format":false,"excerpt":"https:\/\/www.wochenblatt.es\/digital\/internet-tv-piratensender-aufgeflogen\/","rel":"","context":"In \"Piratensender\"","block_context":{"text":"Piratensender","link":"https:\/\/www.achimbrueckner.de\/freeradio\/php\/wordpress\/?tag=piratensender"},"img":{"alt_text":"","src":"","width":0,"height":0},"classes":[]},{"id":463143,"url":"https:\/\/www.achimbrueckner.de\/freeradio\/php\/wordpress\/?p=463143","url_meta":{"origin":455069,"position":5},"title":"Kolumne: Piratensender Nordsee-Welle","author":"Administrator","date":"April 29, 2020 15:06","format":false,"excerpt":"https:\/\/www.lokalkompass.de\/duisburg\/c-kultur\/kolumne-piratensender-nordsee-welle_a1356348","rel":"","context":"In \"Piratensender\"","block_context":{"text":"Piratensender","link":"https:\/\/www.achimbrueckner.de\/freeradio\/php\/wordpress\/?tag=piratensender"},"img":{"alt_text":"","src":"","width":0,"height":0},"classes":[]}],"_links":{"self":[{"href":"https:\/\/www.achimbrueckner.de\/freeradio\/php\/wordpress\/index.php?rest_route=\/wp\/v2\/posts\/455069","targetHints":{"allow":["GET"]}}],"collection":[{"href":"https:\/\/www.achimbrueckner.de\/freeradio\/php\/wordpress\/index.php?rest_route=\/wp\/v2\/posts"}],"about":[{"href":"https:\/\/www.achimbrueckner.de\/freeradio\/php\/wordpress\/index.php?rest_route=\/wp\/v2\/types\/post"}],"author":[{"embeddable":true,"href":"https:\/\/www.achimbrueckner.de\/freeradio\/php\/wordpress\/index.php?rest_route=\/wp\/v2\/users\/1"}],"replies":[{"embeddable":true,"href":"https:\/\/www.achimbrueckner.de\/freeradio\/php\/wordpress\/index.php?rest_route=%2Fwp%2Fv2%2Fcomments&post=455069"}],"version-history":[{"count":0,"href":"https:\/\/www.achimbrueckner.de\/freeradio\/php\/wordpress\/index.php?rest_route=\/wp\/v2\/posts\/455069\/revisions"}],"wp:attachment":[{"href":"https:\/\/www.achimbrueckner.de\/freeradio\/php\/wordpress\/index.php?rest_route=%2Fwp%2Fv2%2Fmedia&parent=455069"}],"wp:term":[{"taxonomy":"category","embeddable":true,"href":"https:\/\/www.achimbrueckner.de\/freeradio\/php\/wordpress\/index.php?rest_route=%2Fwp%2Fv2%2Fcategories&post=455069"},{"taxonomy":"post_tag","embeddable":true,"href":"https:\/\/www.achimbrueckner.de\/freeradio\/php\/wordpress\/index.php?rest_route=%2Fwp%2Fv2%2Ftags&post=455069"}],"curies":[{"name":"wp","href":"https:\/\/api.w.org\/{rel}","templated":true}]}}