{"id":458546,"date":"2018-03-25T18:11:00","date_gmt":"2018-03-25T18:11:00","guid":{"rendered":"https:\/\/www.achimbrueckner.de\/freeradio\/php\/wordpress\/?p=458546"},"modified":"2018-03-25T18:11:00","modified_gmt":"2018-03-25T18:11:00","slug":"der-18-erkrather-radiotag-samstag-30-juni-2018","status":"publish","type":"post","link":"https:\/\/www.achimbrueckner.de\/freeradio\/php\/wordpress\/?p=458546","title":{"rendered":"DER 18. ERKRATHER RADIOTAG Samstag , 30.Juni 2018"},"content":{"rendered":"<p>DER 18. ERKRATHER RADIOTAG<br \/>\nSamstag , 30.Juni 2018<br \/>\nAn diesem Samstag sind wir zum zweiten Mal Gast im Technischen Museum QQTec in Hilden! Diese Location mit ihrer umfangreichen Ausstellung war auf gro\u00dfe Begeisterung der Besucher im vorigen Jahr gestossen. Die Koordinierung mit anderen Veranstaltung f\u00fchrte zu diesem neuen und<br \/>\nungew\u00f6hnlichen Termin vor der allgemeinen Ferienzeit.<br \/>\nDie Veranstaltung findet wie \u00fcblich von 13.00 Uhr bis 19.00 Uhr statt.<br \/>\nDas Tagesprogramm wird bekannt gegeben sobald Einzelheiten fest stehen.<br \/>\nVeranstaltungsort:<br \/>\nQQTec , Forststr. 73 , D-40721 Hilden , <a href=\"http:\/\/www.qqtec.de\/museum\/\" rel=\"noopener\" target=\"_blank\">www.qqtec.de\/museum\/<\/a><br \/>\nKoordinaten 051\u00b0 10,23`N , 006\u00b0 54,12`E<br \/>\nAnreise: ab D\u00fcsseldorf HBF mit S6 bis Benrath BF, dann Bus 784 bis Horster Allee , dann zu Fu\u00df Forststr. bis zum IBIS Hotel.<br \/>\nOder : Bus 785 Haltestelle H\u00fclsen.<br \/>\nDer Eintritt betr\u00e4gt 12.- EURO.<br \/>\nJan Sundermann<br \/>\nradiotag.erkrath@yahoo.com<\/p>\n<p>THE 18th ERKRATH RADIODAY<br \/>\nSaturday , june 30th, 2018<br \/>\nOn that Saturday we are for the second time guest at the Technical<br \/>\nMuseum QQTec in our neighbourhood city Hilden. This location and its<br \/>\nlarge exhibition met great enthusiasm of the visitors last year. The<br \/>\ncoordination with other events led us to this new and unusual date<br \/>\nbefore the general holiday season.<br \/>\nThe event is scheduled from 13:00 to 19:00 hours.<br \/>\nDetails on the schedule of the day will be published when these have<br \/>\nbeen fixed.<br \/>\nThe location:<br \/>\nQQTec , Forststr. 73 , D-40721 Hilden , <a href=\"http:\/\/www.qqtec.de\/museum\/\" rel=\"noopener\" target=\"_blank\">www.qqtec.de\/museum\/<\/a><br \/>\nGPS 051\u00b0 10,23`N , 006\u00b0 54,12`E<br \/>\nArrival: from D\u00fcsseldorf Main Station with train S6 to Benrath BF, then<br \/>\nBus 784 to Horster Allee , then walk Forststr. , nearby the IBIS Hotel.<br \/>\nOr : Bus 785 to stop H\u00fclsen.<br \/>\nThe entrance fee is 12.- EURO.<br \/>\nJan Sundermann<br \/>\nradiotag.erkrath@yahoo.com<\/p>\n","protected":false},"excerpt":{"rendered":"<p>DER 18. ERKRATHER RADIOTAG Samstag , 30.Juni 2018 An diesem Samstag sind wir zum zweiten Mal Gast im Technischen Museum QQTec in Hilden! Diese Location mit ihrer umfangreichen Ausstellung war auf gro\u00dfe Begeisterung der Besucher im vorigen Jahr gestossen. Die Koordinierung mit anderen Veranstaltung f\u00fchrte zu diesem neuen und ungew\u00f6hnlichen Termin vor der allgemeinen Ferienzeit. &hellip; <a href=\"https:\/\/www.achimbrueckner.de\/freeradio\/php\/wordpress\/?p=458546\" class=\"more-link\">Continue reading <span class=\"screen-reader-text\">DER 18. ERKRATHER RADIOTAG Samstag , 30.Juni 2018<\/span><\/a><\/p>\n","protected":false},"author":1,"featured_media":0,"comment_status":"open","ping_status":"open","sticky":false,"template":"","format":"standard","meta":{"_jetpack_memberships_contains_paid_content":false,"footnotes":"","jetpack_publicize_message":"","jetpack_publicize_feature_enabled":true,"jetpack_social_post_already_shared":true,"jetpack_social_options":{"image_generator_settings":{"template":"highway","default_image_id":0,"font":"","enabled":false},"version":2}},"categories":[6],"tags":[22],"class_list":["post-458546","post","type-post","status-publish","format-standard","hentry","category-camps","tag-am"],"jetpack_publicize_connections":[],"jetpack_featured_media_url":"","jetpack_sharing_enabled":true,"jetpack_shortlink":"https:\/\/wp.me\/p5CD59-1VhU","jetpack-related-posts":[{"id":474261,"url":"https:\/\/www.achimbrueckner.de\/freeradio\/php\/wordpress\/?p=474261","url_meta":{"origin":458546,"position":0},"title":"DER 23. ERKRATHER RADIOTAG Samstag , 20.September 2025","author":"Administrator","date":"June 23, 2025 17:49","format":false,"excerpt":"DER 23. ERKRATHER RADIOTAG Samstag , 20.September 2025 Der 23. Radiotag wird am 20.September 2025 an gewohnter Stelle im Technischen Museum QQTec in 40721 Hilden stattfinden. Das Tagesprogramm ist in Vorbereitung und wird sp\u00e4ter ver\u00f6ffentlicht. Die Veranstaltung findet wie \u00fcblich von 13.00 Uhr bis 19.00 Uhr statt. Der Eintritt betr\u00e4gt\u2026","rel":"","context":"In &quot;Camps&quot;","block_context":{"text":"Camps","link":"https:\/\/www.achimbrueckner.de\/freeradio\/php\/wordpress\/?cat=6"},"img":{"alt_text":"","src":"","width":0,"height":0},"classes":[]},{"id":474136,"url":"https:\/\/www.achimbrueckner.de\/freeradio\/php\/wordpress\/?p=474136","url_meta":{"origin":458546,"position":1},"title":"DER 23. ERKRATHER RADIOTAG Samstag , 20.September 2025","author":"Administrator","date":"May 2, 2025 15:28","format":false,"excerpt":"DER 23. ERKRATHER RADIOTAG Samstag , 20.September 2025 Der 23. Radiotag wird am 20.September 2025 an gewohnter Stelle im Technischen Museum QQTec in 40721 Hilden stattfinden. Das Tagesprogramm ist in Vorbereitung und wird sp\u00e4ter ver\u00f6ffentlicht. Die Veranstaltung findet wie \u00fcblich von 13.00 Uhr bis 19.00 Uhr statt. Der Eintritt betr\u00e4gt\u2026","rel":"","context":"In &quot;Camps&quot;","block_context":{"text":"Camps","link":"https:\/\/www.achimbrueckner.de\/freeradio\/php\/wordpress\/?cat=6"},"img":{"alt_text":"","src":"","width":0,"height":0},"classes":[]},{"id":473179,"url":"https:\/\/www.achimbrueckner.de\/freeradio\/php\/wordpress\/?p=473179","url_meta":{"origin":458546,"position":2},"title":"DER 22. ERKRATHER RADIOTAG Samstag , 5.Oktober 2024","author":"Administrator","date":"March 28, 2024 16:10","format":false,"excerpt":"DER 22. ERKRATHER RADIOTAG Samstag , 5.Oktober 2024 Der 22. Radiotag wird am 5.Oktober 2024 an gewohnter Stelle im Technischen Museum QQTec in 40721 Hilden stattfinden. Das Tagesprogramm ist in Vorbereitung und wird rechtzeitig bekanntgegeben. Die Veranstaltung findet wie \u00fcblich von 13.00 Uhr bis 19.00 Uhr statt. Der Eintritt betr\u00e4gt\u2026","rel":"","context":"In &quot;Camps&quot;","block_context":{"text":"Camps","link":"https:\/\/www.achimbrueckner.de\/freeradio\/php\/wordpress\/?cat=6"},"img":{"alt_text":"","src":"","width":0,"height":0},"classes":[]},{"id":466646,"url":"https:\/\/www.achimbrueckner.de\/freeradio\/php\/wordpress\/?p=466646","url_meta":{"origin":458546,"position":3},"title":"DER 20. ERKRATHER RADIOTAG Samstag , 11.Juni 2022","author":"Administrator","date":"March 12, 2022 17:01","format":false,"excerpt":"DER 20. ERKRATHER RADIOTAG Samstag , 11.Juni 2022 Nach 2 Jahren Pause ist es endlich so weit: Der 20. Radiotag wird am 11.Juni 2022 an gewohnter Stelle im Technischen Museum QQTec in 40721 Hilden stattfinden. Details zum Programm des Tages folgen sp\u00e4ter. Zuallererst wird dieser Termin die von vielen Leuten\u2026","rel":"","context":"In &quot;Camps&quot;","block_context":{"text":"Camps","link":"https:\/\/www.achimbrueckner.de\/freeradio\/php\/wordpress\/?cat=6"},"img":{"alt_text":"","src":"","width":0,"height":0},"classes":[]},{"id":472284,"url":"https:\/\/www.achimbrueckner.de\/freeradio\/php\/wordpress\/?p=472284","url_meta":{"origin":458546,"position":4},"title":"Radiotag Erkrath 9. September 2023","author":"Administrator","date":"June 25, 2023 14:09","format":false,"excerpt":"Samstag , 9.September 2023 Der 21. Radiotag wird am 9.September 2023 an gewohnter Stelle im Technischen Museum QQTec in 40721 Hilden stattfinden. Das Tagesprogramm ist noch in der Entwicklung, es wird hoffentlich Besuch von 208 Radio Luxembourg-Leuten geben, das ist aber noch nicht ganz sicher. Auf jeden Fall dabei: Mandy\u2026","rel":"","context":"In &quot;Camps&quot;","block_context":{"text":"Camps","link":"https:\/\/www.achimbrueckner.de\/freeradio\/php\/wordpress\/?cat=6"},"img":{"alt_text":"","src":"","width":0,"height":0},"classes":[]},{"id":3617,"url":"https:\/\/www.achimbrueckner.de\/freeradio\/php\/wordpress\/?p=3617","url_meta":{"origin":458546,"position":5},"title":"7. Erkrather Radiotag","author":"Administrator","date":"August 20, 2007 17:48","format":false,"excerpt":"DER 7. ERKRATHER RADIOTAG Samstag 8. September 2007 An diesem Samstag hat Europas freie Radioszene wieder ihren Treffpunkt: Die Veranstaltung findet von 13.00 Uhr bis 20.00 Uhr im Observatorium der Sternwarte Neanderh\u00f6he SNH, in 40699 Erkrath statt. Einlass ist ab 12.00 Uhr. Programmschwerpunktpunkte: - Sendeformate im Radio: ein Blick in\u2026","rel":"","context":"In &quot;Camps&quot;","block_context":{"text":"Camps","link":"https:\/\/www.achimbrueckner.de\/freeradio\/php\/wordpress\/?cat=6"},"img":{"alt_text":"","src":"","width":0,"height":0},"classes":[]}],"_links":{"self":[{"href":"https:\/\/www.achimbrueckner.de\/freeradio\/php\/wordpress\/index.php?rest_route=\/wp\/v2\/posts\/458546","targetHints":{"allow":["GET"]}}],"collection":[{"href":"https:\/\/www.achimbrueckner.de\/freeradio\/php\/wordpress\/index.php?rest_route=\/wp\/v2\/posts"}],"about":[{"href":"https:\/\/www.achimbrueckner.de\/freeradio\/php\/wordpress\/index.php?rest_route=\/wp\/v2\/types\/post"}],"author":[{"embeddable":true,"href":"https:\/\/www.achimbrueckner.de\/freeradio\/php\/wordpress\/index.php?rest_route=\/wp\/v2\/users\/1"}],"replies":[{"embeddable":true,"href":"https:\/\/www.achimbrueckner.de\/freeradio\/php\/wordpress\/index.php?rest_route=%2Fwp%2Fv2%2Fcomments&post=458546"}],"version-history":[{"count":0,"href":"https:\/\/www.achimbrueckner.de\/freeradio\/php\/wordpress\/index.php?rest_route=\/wp\/v2\/posts\/458546\/revisions"}],"wp:attachment":[{"href":"https:\/\/www.achimbrueckner.de\/freeradio\/php\/wordpress\/index.php?rest_route=%2Fwp%2Fv2%2Fmedia&parent=458546"}],"wp:term":[{"taxonomy":"category","embeddable":true,"href":"https:\/\/www.achimbrueckner.de\/freeradio\/php\/wordpress\/index.php?rest_route=%2Fwp%2Fv2%2Fcategories&post=458546"},{"taxonomy":"post_tag","embeddable":true,"href":"https:\/\/www.achimbrueckner.de\/freeradio\/php\/wordpress\/index.php?rest_route=%2Fwp%2Fv2%2Ftags&post=458546"}],"curies":[{"name":"wp","href":"https:\/\/api.w.org\/{rel}","templated":true}]}}