{"id":458553,"date":"2018-03-26T18:12:51","date_gmt":"2018-03-26T18:12:51","guid":{"rendered":"https:\/\/www.achimbrueckner.de\/freeradio\/php\/wordpress\/?p=458553"},"modified":"2018-03-26T18:12:51","modified_gmt":"2018-03-26T18:12:51","slug":"hommage-an-die-piratensender","status":"publish","type":"post","link":"https:\/\/www.achimbrueckner.de\/freeradio\/php\/wordpress\/?p=458553","title":{"rendered":"Hommage an die Piratensender"},"content":{"rendered":"<p><a href=\"http:\/\/www.grenzecho.net\/region\/hommage-an-die-piratensender\" rel=\"noopener\" target=\"_blank\">http:\/\/www.grenzecho.net\/region\/hommage-an-die-piratensender<\/a><\/p>\n","protected":false},"excerpt":{"rendered":"<p>http:\/\/www.grenzecho.net\/region\/hommage-an-die-piratensender<\/p>\n","protected":false},"author":1,"featured_media":0,"comment_status":"open","ping_status":"open","sticky":false,"template":"","format":"standard","meta":{"_jetpack_memberships_contains_paid_content":false,"footnotes":"","jetpack_publicize_message":"","jetpack_publicize_feature_enabled":true,"jetpack_social_post_already_shared":true,"jetpack_social_options":{"image_generator_settings":{"template":"highway","default_image_id":0,"font":"","enabled":false},"version":2}},"categories":[1],"tags":[25],"class_list":["post-458553","post","type-post","status-publish","format-standard","hentry","category-uncategorized","tag-piratensender"],"jetpack_publicize_connections":[],"jetpack_featured_media_url":"","jetpack_sharing_enabled":true,"jetpack_shortlink":"https:\/\/wp.me\/p5CD59-1Vi1","jetpack-related-posts":[{"id":197977,"url":"https:\/\/www.achimbrueckner.de\/freeradio\/php\/wordpress\/?p=197977","url_meta":{"origin":458553,"position":0},"title":"chilenische Piratensender @RCWradio 7550 Khz","author":"Administrator","date":"June 27, 2015 08:22","format":false,"excerpt":"Tipp f\u00fcr Extrem-DX: Der chilenische Piratensender @RCWradio \u00fcbertr\u00e4gt die Spiele der Copa Am\u00e9rica 2015 auf 7550 kHz. Info via RCWradio via Radiopiraten","rel":"","context":"In \"AM\"","block_context":{"text":"AM","link":"https:\/\/www.achimbrueckner.de\/freeradio\/php\/wordpress\/?tag=am"},"img":{"alt_text":"","src":"","width":0,"height":0},"classes":[]},{"id":170002,"url":"https:\/\/www.achimbrueckner.de\/freeradio\/php\/wordpress\/?p=170002","url_meta":{"origin":458553,"position":1},"title":"UKW Piratensender Deutschland","author":"Administrator","date":"June 23, 2015 18:06","format":false,"excerpt":"Piratensender aus Deutschland UKW: 13. Juni 2015 Station Hulli Gulli 106,3 Mhz 9. Juni 2015 Radio Lambada 97,3 Mhz 21. Juni 2015 Radio PTN Radio Eisb\u00e4r 98,2 Mhz","rel":"","context":"In &quot;download&quot;","block_context":{"text":"download","link":"https:\/\/www.achimbrueckner.de\/freeradio\/php\/wordpress\/?cat=7"},"img":{"alt_text":"","src":"","width":0,"height":0},"classes":[]},{"id":459273,"url":"https:\/\/www.achimbrueckner.de\/freeradio\/php\/wordpress\/?p=459273","url_meta":{"origin":458553,"position":2},"title":"Die Bundeskanzlerin betreibt doch keinen Piratensender","author":"Administrator","date":"September 23, 2018 14:17","format":false,"excerpt":"http:\/\/www.digitalfernsehen.de\/Die-Bundeskanzlerin-betreibt-doch-keinen-Piratensender.169681.0.html","rel":"","context":"In \"Piratensender\"","block_context":{"text":"Piratensender","link":"https:\/\/www.achimbrueckner.de\/freeradio\/php\/wordpress\/?tag=piratensender"},"img":{"alt_text":"","src":"","width":0,"height":0},"classes":[]},{"id":28899,"url":"https:\/\/www.achimbrueckner.de\/freeradio\/php\/wordpress\/?p=28899","url_meta":{"origin":458553,"position":3},"title":"DIE 60ER: MARIANNE M. SCHMIDT \u00dcBER DIE ROLLE DER PIRATENSENDER","author":"Administrator","date":"September 28, 2013 08:00","format":false,"excerpt":"http:\/\/www.emden-rockt.de\/bands\/index.php\/geschichte-n\/99-die-60er-marianne-m-schmidt-ueber-die-rolle-der-piratensender","rel":"","context":"In \"Piratensender\"","block_context":{"text":"Piratensender","link":"https:\/\/www.achimbrueckner.de\/freeradio\/php\/wordpress\/?tag=piratensender"},"img":{"alt_text":"","src":"","width":0,"height":0},"classes":[]},{"id":31838,"url":"https:\/\/www.achimbrueckner.de\/freeradio\/php\/wordpress\/?p=31838","url_meta":{"origin":458553,"position":4},"title":"RADIO CAROLINE Die Mutter aller Piratensender wird 50","author":"Administrator","date":"March 29, 2014 18:38","format":false,"excerpt":"http:\/\/www.deutschlandfunk.de\/radio-caroline-die-mutter-aller-piratensender-wird-50.761.de.html","rel":"","context":"In \"Piratensender\"","block_context":{"text":"Piratensender","link":"https:\/\/www.achimbrueckner.de\/freeradio\/php\/wordpress\/?tag=piratensender"},"img":{"alt_text":"","src":"","width":0,"height":0},"classes":[]},{"id":24274,"url":"https:\/\/www.achimbrueckner.de\/freeradio\/php\/wordpress\/?p=24274","url_meta":{"origin":458553,"position":5},"title":"TV-Tip Piratensender 14. Februar 2012","author":"Administrator","date":"February 8, 2012 15:35","format":false,"excerpt":"Die ARD-Serier Um Himmels Willen widmet sich dem Thema Piratensender Dienstag 14. Februar 2012 2015 MEZ ARD http:\/\/www.daserste.de\/unterhaltung\/serie\/um-himmels-willen\/sendung\/2012\/piratensender-folge-135-100.html Info via Radiocafe","rel":"","context":"In \"Piratensender\"","block_context":{"text":"Piratensender","link":"https:\/\/www.achimbrueckner.de\/freeradio\/php\/wordpress\/?tag=piratensender"},"img":{"alt_text":"","src":"","width":0,"height":0},"classes":[]}],"_links":{"self":[{"href":"https:\/\/www.achimbrueckner.de\/freeradio\/php\/wordpress\/index.php?rest_route=\/wp\/v2\/posts\/458553","targetHints":{"allow":["GET"]}}],"collection":[{"href":"https:\/\/www.achimbrueckner.de\/freeradio\/php\/wordpress\/index.php?rest_route=\/wp\/v2\/posts"}],"about":[{"href":"https:\/\/www.achimbrueckner.de\/freeradio\/php\/wordpress\/index.php?rest_route=\/wp\/v2\/types\/post"}],"author":[{"embeddable":true,"href":"https:\/\/www.achimbrueckner.de\/freeradio\/php\/wordpress\/index.php?rest_route=\/wp\/v2\/users\/1"}],"replies":[{"embeddable":true,"href":"https:\/\/www.achimbrueckner.de\/freeradio\/php\/wordpress\/index.php?rest_route=%2Fwp%2Fv2%2Fcomments&post=458553"}],"version-history":[{"count":0,"href":"https:\/\/www.achimbrueckner.de\/freeradio\/php\/wordpress\/index.php?rest_route=\/wp\/v2\/posts\/458553\/revisions"}],"wp:attachment":[{"href":"https:\/\/www.achimbrueckner.de\/freeradio\/php\/wordpress\/index.php?rest_route=%2Fwp%2Fv2%2Fmedia&parent=458553"}],"wp:term":[{"taxonomy":"category","embeddable":true,"href":"https:\/\/www.achimbrueckner.de\/freeradio\/php\/wordpress\/index.php?rest_route=%2Fwp%2Fv2%2Fcategories&post=458553"},{"taxonomy":"post_tag","embeddable":true,"href":"https:\/\/www.achimbrueckner.de\/freeradio\/php\/wordpress\/index.php?rest_route=%2Fwp%2Fv2%2Ftags&post=458553"}],"curies":[{"name":"wp","href":"https:\/\/api.w.org\/{rel}","templated":true}]}}