{"id":458761,"date":"2018-05-10T15:54:00","date_gmt":"2018-05-10T15:54:00","guid":{"rendered":"https:\/\/www.achimbrueckner.de\/freeradio\/php\/wordpress\/?p=458761"},"modified":"2018-05-10T15:54:00","modified_gmt":"2018-05-10T15:54:00","slug":"radio-benelux-website-promo","status":"publish","type":"post","link":"https:\/\/www.achimbrueckner.de\/freeradio\/php\/wordpress\/?p=458761","title":{"rendered":"Radio Benelux Website Promo"},"content":{"rendered":"<p><a href=\"https:\/\/www.achimbrueckner.de\/freeradio\/php\/wordpress\/wp-content\/uploads\/2018\/05\/Radio-Benelux-Website-Promo.wav\">Radio Benelux-Website-Promo.wav<\/a><\/p>\n","protected":false},"excerpt":{"rendered":"<p>Radio Benelux-Website-Promo.wav<\/p>\n","protected":false},"author":1,"featured_media":0,"comment_status":"closed","ping_status":"open","sticky":false,"template":"","format":"standard","meta":{"_jetpack_memberships_contains_paid_content":false,"footnotes":"","jetpack_publicize_message":"","jetpack_publicize_feature_enabled":true,"jetpack_social_post_already_shared":true,"jetpack_social_options":{"image_generator_settings":{"template":"highway","default_image_id":0,"font":"","enabled":false},"version":2}},"categories":[1],"tags":[35,26],"class_list":["post-458761","post","type-post","status-publish","format-standard","hentry","category-uncategorized","tag-benelux","tag-web"],"jetpack_publicize_connections":[],"jetpack_featured_media_url":"","jetpack_sharing_enabled":true,"jetpack_shortlink":"https:\/\/wp.me\/p5CD59-1Vln","jetpack-related-posts":[{"id":23308,"url":"https:\/\/www.achimbrueckner.de\/freeradio\/php\/wordpress\/?p=23308","url_meta":{"origin":458761,"position":0},"title":"Radio Benelux Website Spot","author":"Administrator","date":"November 1, 2011 18:57","format":false,"excerpt":"hier ein von Nick Barker und mir produzierter Spot f\u00fcr die Radio Benelux-Website, mit vielen O-T\u00f6nen aus den sch\u00f6nen Benelux-Zeiten. promo_fuer_radio-benelux.de.mp3","rel":"","context":"In &quot;download&quot;","block_context":{"text":"download","link":"https:\/\/www.achimbrueckner.de\/freeradio\/php\/wordpress\/?cat=7"},"img":{"alt_text":"","src":"","width":0,"height":0},"classes":[]},{"id":2702,"url":"https:\/\/www.achimbrueckner.de\/freeradio\/php\/wordpress\/?p=2702","url_meta":{"origin":458761,"position":1},"title":"Radio Benelux Revival","author":"Administrator","date":"May 16, 2007 22:27","format":false,"excerpt":"Auf Radio D\u00fclken l\u00e4uft am 17. Mai 2007 ab 1200 Uhr MESZ eine Sondersendung zu 26 Jahre Radio Benelux. Einschalten via webstream. Mehr zu Radio Benelux gibt es auf www.radio-benelux.de. In der Sondersendung werden wohl die Orginal-Tondokumente von damals ausgestrahlt. Info via Radioh\u00f6rerforum ukwtv.de","rel":"","context":"In \"AM\"","block_context":{"text":"AM","link":"https:\/\/www.achimbrueckner.de\/freeradio\/php\/wordpress\/?tag=am"},"img":{"alt_text":"","src":"","width":0,"height":0},"classes":[]},{"id":465274,"url":"https:\/\/www.achimbrueckner.de\/freeradio\/php\/wordpress\/?p=465274","url_meta":{"origin":458761,"position":2},"title":"Frequenzfieber 02 &#8211; Das Radio als Abenteuer &#8211; Die Geschichte von Radio Benelux","author":"Administrator","date":"May 3, 2021 15:09","format":false,"excerpt":"https:\/\/www.mixcloud.com\/MikeBrain\/frequenzfieber-02-das-radio-als-abenteuer-die-geschichte-von-radio-benelux\/","rel":"","context":"In \"Benelux\"","block_context":{"text":"Benelux","link":"https:\/\/www.achimbrueckner.de\/freeradio\/php\/wordpress\/?tag=benelux"},"img":{"alt_text":"","src":"","width":0,"height":0},"classes":[]},{"id":28160,"url":"https:\/\/www.achimbrueckner.de\/freeradio\/php\/wordpress\/?p=28160","url_meta":{"origin":458761,"position":3},"title":"Radio Benelux Den Bosch 1987 (Bokkelaren)","author":"Administrator","date":"July 27, 2013 15:25","format":false,"excerpt":"Radio Benelux Den Bosch 1987 (Bokkelaren) http:\/\/www.youtube.com\/watch?v=PZ1CX_rufIo","rel":"","context":"In \"Benelux\"","block_context":{"text":"Benelux","link":"https:\/\/www.achimbrueckner.de\/freeradio\/php\/wordpress\/?tag=benelux"},"img":{"alt_text":"","src":"","width":0,"height":0},"classes":[]},{"id":459486,"url":"https:\/\/www.achimbrueckner.de\/freeradio\/php\/wordpress\/?p=459486","url_meta":{"origin":458761,"position":4},"title":"Etherpiraat Benelux: radio en tv vanaf de Hilversumse hei","author":"Administrator","date":"November 15, 2018 19:53","format":false,"excerpt":"https:\/\/www.gooieneemlander.nl\/cnt\/dmf20181113_6191342\/etherpiraat-benelux-radio-en-tv-vanaf-de-hilversumse-hei","rel":"","context":"In \"Benelux\"","block_context":{"text":"Benelux","link":"https:\/\/www.achimbrueckner.de\/freeradio\/php\/wordpress\/?tag=benelux"},"img":{"alt_text":"","src":"","width":0,"height":0},"classes":[]},{"id":36171,"url":"https:\/\/www.achimbrueckner.de\/freeradio\/php\/wordpress\/?p=36171","url_meta":{"origin":458761,"position":5},"title":"Vintage QSL Radio Benelux","author":"Administrator","date":"October 10, 2014 21:19","format":false,"excerpt":"","rel":"","context":"In &quot;QSL&quot;","block_context":{"text":"QSL","link":"https:\/\/www.achimbrueckner.de\/freeradio\/php\/wordpress\/?cat=8"},"img":{"alt_text":"","src":"","width":0,"height":0},"classes":[]}],"_links":{"self":[{"href":"https:\/\/www.achimbrueckner.de\/freeradio\/php\/wordpress\/index.php?rest_route=\/wp\/v2\/posts\/458761","targetHints":{"allow":["GET"]}}],"collection":[{"href":"https:\/\/www.achimbrueckner.de\/freeradio\/php\/wordpress\/index.php?rest_route=\/wp\/v2\/posts"}],"about":[{"href":"https:\/\/www.achimbrueckner.de\/freeradio\/php\/wordpress\/index.php?rest_route=\/wp\/v2\/types\/post"}],"author":[{"embeddable":true,"href":"https:\/\/www.achimbrueckner.de\/freeradio\/php\/wordpress\/index.php?rest_route=\/wp\/v2\/users\/1"}],"replies":[{"embeddable":true,"href":"https:\/\/www.achimbrueckner.de\/freeradio\/php\/wordpress\/index.php?rest_route=%2Fwp%2Fv2%2Fcomments&post=458761"}],"version-history":[{"count":0,"href":"https:\/\/www.achimbrueckner.de\/freeradio\/php\/wordpress\/index.php?rest_route=\/wp\/v2\/posts\/458761\/revisions"}],"wp:attachment":[{"href":"https:\/\/www.achimbrueckner.de\/freeradio\/php\/wordpress\/index.php?rest_route=%2Fwp%2Fv2%2Fmedia&parent=458761"}],"wp:term":[{"taxonomy":"category","embeddable":true,"href":"https:\/\/www.achimbrueckner.de\/freeradio\/php\/wordpress\/index.php?rest_route=%2Fwp%2Fv2%2Fcategories&post=458761"},{"taxonomy":"post_tag","embeddable":true,"href":"https:\/\/www.achimbrueckner.de\/freeradio\/php\/wordpress\/index.php?rest_route=%2Fwp%2Fv2%2Ftags&post=458761"}],"curies":[{"name":"wp","href":"https:\/\/api.w.org\/{rel}","templated":true}]}}