{"id":459630,"date":"2018-12-17T15:51:23","date_gmt":"2018-12-17T15:51:23","guid":{"rendered":"https:\/\/www.achimbrueckner.de\/freeradio\/php\/wordpress\/?p=459630"},"modified":"2018-12-17T15:51:23","modified_gmt":"2018-12-17T15:51:23","slug":"ins-zentrum-gesendet-zur-geschichte-der-britischen-piratensender","status":"publish","type":"post","link":"https:\/\/www.achimbrueckner.de\/freeradio\/php\/wordpress\/?p=459630","title":{"rendered":"Ins Zentrum gesendet Zur Geschichte der britischen Piratensender"},"content":{"rendered":"<p><a href=\"https:\/\/www.heise.de\/amp\/tp\/features\/Ins-Zentrum-gesendet-4252011.html?fbclid=IwAR3qZ-de9iViQ6Wzi_vTcIEEyoAEP_3S7Wq0LzP6ludgpTvgWYjPRvxlz34\" rel=\"noopener\" target=\"_blank\">https:\/\/www.heise.de\/amp\/tp\/features\/Ins-Zentrum-gesendet-4252011.html<\/a><\/p>\n","protected":false},"excerpt":{"rendered":"<p>https:\/\/www.heise.de\/amp\/tp\/features\/Ins-Zentrum-gesendet-4252011.html<\/p>\n","protected":false},"author":1,"featured_media":0,"comment_status":"closed","ping_status":"open","sticky":false,"template":"","format":"standard","meta":{"_jetpack_memberships_contains_paid_content":false,"footnotes":"","jetpack_publicize_message":"","jetpack_publicize_feature_enabled":true,"jetpack_social_post_already_shared":true,"jetpack_social_options":{"image_generator_settings":{"template":"highway","default_image_id":0,"font":"","enabled":false},"version":2}},"categories":[1],"tags":[22,25],"class_list":["post-459630","post","type-post","status-publish","format-standard","hentry","category-uncategorized","tag-am","tag-piratensender"],"jetpack_publicize_connections":[],"jetpack_featured_media_url":"","jetpack_sharing_enabled":true,"jetpack_shortlink":"https:\/\/wp.me\/p5CD59-1Vzo","jetpack-related-posts":[{"id":11403,"url":"https:\/\/www.achimbrueckner.de\/freeradio\/php\/wordpress\/?p=11403","url_meta":{"origin":459630,"position":0},"title":"Radio Sylvia","author":"Administrator","date":"April 4, 2009 14:22","format":false,"excerpt":"Der Ex-Piratensender Radio Sylvia hat seinen Webauftritt unter http:\/\/www.radiosylvia.de\/. Seit 8. Januar 2009 wird im Internet gesendet. Es gibt Infos zur Geschichte und Promomaterial sowie Tonbeispiele.","rel":"","context":"In &quot;links&quot;","block_context":{"text":"links","link":"https:\/\/www.achimbrueckner.de\/freeradio\/php\/wordpress\/?cat=9"},"img":{"alt_text":"","src":"","width":0,"height":0},"classes":[]},{"id":449258,"url":"https:\/\/www.achimbrueckner.de\/freeradio\/php\/wordpress\/?p=449258","url_meta":{"origin":459630,"position":1},"title":"Radio 101 27035 Khz","author":"Administrator","date":"August 9, 2016 20:22","format":false,"excerpt":"Schaltet mal auf Kanal 7 (27,035 Mhz) FM der Piratensender Radio 101 sendet wieder in deutscher Sprache. gesendet wird aus Ireland mit Richtantenne und ca. 1 kw sendeleistung. in den 80 und 90 er jahren war er regelm\u00e4sig dort zu h\u00f6ren, heute meist nur noch sporadisch in den august monaten.\u2026","rel":"","context":"In \"FM\"","block_context":{"text":"FM","link":"https:\/\/www.achimbrueckner.de\/freeradio\/php\/wordpress\/?tag=fm"},"img":{"alt_text":"","src":"","width":0,"height":0},"classes":[]},{"id":23408,"url":"https:\/\/www.achimbrueckner.de\/freeradio\/php\/wordpress\/?p=23408","url_meta":{"origin":459630,"position":2},"title":"Hamburger Lokalradio 13 November 2011","author":"Administrator","date":"November 11, 2011 23:15","format":false,"excerpt":"Hallo liebe Listen- Mitglieder, am Sonntag den 13. November 2011 wird die vorerst letzte Testsendung des Hamburger Lokalradios auf 7265 KHz ausgestrahlt. Obwohl es eine Testsendung ist, werden interessante Beitr\u00e4ge \u00fcber die Geschichte des Deutschen Rundfunks und der Piratensender zu h\u00f6ren sein. Die Testsendung wird \u00fcber den Kurzwellensender G\u00f6hren (MV\u2026","rel":"","context":"In \"AM\"","block_context":{"text":"AM","link":"https:\/\/www.achimbrueckner.de\/freeradio\/php\/wordpress\/?tag=am"},"img":{"alt_text":"","src":"","width":0,"height":0},"classes":[]},{"id":472673,"url":"https:\/\/www.achimbrueckner.de\/freeradio\/php\/wordpress\/?p=472673","url_meta":{"origin":459630,"position":3},"title":"Schwarzsender.de streamt Piratensender ins Netz","author":"Administrator","date":"October 21, 2023 08:16","format":false,"excerpt":"https:\/\/www.radioblog.eu\/2023\/10\/21\/schwarzsender-de-streamt-piratensender-ins-netz\/","rel":"","context":"Similar post","block_context":{"text":"Similar post","link":""},"img":{"alt_text":"","src":"","width":0,"height":0},"classes":[]},{"id":2049,"url":"https:\/\/www.achimbrueckner.de\/freeradio\/php\/wordpress\/?p=2049","url_meta":{"origin":459630,"position":4},"title":"Pirat Radio 69","author":"Administrator","date":"February 25, 2007 15:52","format":false,"excerpt":"Im deutschen Programm von FRS Holland auf 6220 Khz gibt es gerade einen interessanten Bericht \u00fcber den Kopenhagener Piratensender Pirat Radio 69. Die Station sendet aus einem Jugendzentrum und hat einen Status wie einst Radio Hafenstrasse. Das Programm wird auch ins Internet gestreamt unter http:\/\/icecast.freeteam.nl:8000\/pirateradio69.","rel":"","context":"In &quot;links&quot;","block_context":{"text":"links","link":"https:\/\/www.achimbrueckner.de\/freeradio\/php\/wordpress\/?cat=9"},"img":{"alt_text":"","src":"","width":0,"height":0},"classes":[]},{"id":464109,"url":"https:\/\/www.achimbrueckner.de\/freeradio\/php\/wordpress\/?p=464109","url_meta":{"origin":459630,"position":5},"title":"ILLEGALE RADIOSENDER IM NORDKREIS CLOPPENBURG Gesendet wurde auch aus dem Kuhstall","author":"Administrator","date":"October 1, 2020 15:15","format":false,"excerpt":"https:\/\/www.nwzonline.de\/plus-cloppenburg-kreis\/friesoythe-saterland-illegale-radiosender-im-nordkreis-cloppenburg-gesendet-wurde-auch-aus-dem-kuhstall_a_50,10,476626586.html","rel":"","context":"Similar post","block_context":{"text":"Similar post","link":""},"img":{"alt_text":"","src":"","width":0,"height":0},"classes":[]}],"_links":{"self":[{"href":"https:\/\/www.achimbrueckner.de\/freeradio\/php\/wordpress\/index.php?rest_route=\/wp\/v2\/posts\/459630","targetHints":{"allow":["GET"]}}],"collection":[{"href":"https:\/\/www.achimbrueckner.de\/freeradio\/php\/wordpress\/index.php?rest_route=\/wp\/v2\/posts"}],"about":[{"href":"https:\/\/www.achimbrueckner.de\/freeradio\/php\/wordpress\/index.php?rest_route=\/wp\/v2\/types\/post"}],"author":[{"embeddable":true,"href":"https:\/\/www.achimbrueckner.de\/freeradio\/php\/wordpress\/index.php?rest_route=\/wp\/v2\/users\/1"}],"replies":[{"embeddable":true,"href":"https:\/\/www.achimbrueckner.de\/freeradio\/php\/wordpress\/index.php?rest_route=%2Fwp%2Fv2%2Fcomments&post=459630"}],"version-history":[{"count":0,"href":"https:\/\/www.achimbrueckner.de\/freeradio\/php\/wordpress\/index.php?rest_route=\/wp\/v2\/posts\/459630\/revisions"}],"wp:attachment":[{"href":"https:\/\/www.achimbrueckner.de\/freeradio\/php\/wordpress\/index.php?rest_route=%2Fwp%2Fv2%2Fmedia&parent=459630"}],"wp:term":[{"taxonomy":"category","embeddable":true,"href":"https:\/\/www.achimbrueckner.de\/freeradio\/php\/wordpress\/index.php?rest_route=%2Fwp%2Fv2%2Fcategories&post=459630"},{"taxonomy":"post_tag","embeddable":true,"href":"https:\/\/www.achimbrueckner.de\/freeradio\/php\/wordpress\/index.php?rest_route=%2Fwp%2Fv2%2Ftags&post=459630"}],"curies":[{"name":"wp","href":"https:\/\/api.w.org\/{rel}","templated":true}]}}