{"id":459745,"date":"2018-12-29T16:17:26","date_gmt":"2018-12-29T16:17:26","guid":{"rendered":"https:\/\/www.achimbrueckner.de\/freeradio\/php\/wordpress\/?p=459745"},"modified":"2018-12-29T16:17:26","modified_gmt":"2018-12-29T16:17:26","slug":"subway-to-sally-feiern-im-lokschuppen-eisblumen-feuer-und-schatten","status":"publish","type":"post","link":"https:\/\/www.achimbrueckner.de\/freeradio\/php\/wordpress\/?p=459745","title":{"rendered":"\u00bbSubway to Sally\u00ab feiern im Lokschuppen: Eisblumen, Feuer und Schatten"},"content":{"rendered":"<p><a href=\"https:\/\/www.westfalen-blatt.de\/OWL\/Bielefeld\/Bielefeld\/3599043-1500-Mittelalter-Folk-Fans-und-viele-Bands-bei-der-zehnten-Eisheilige-Nacht-Subway-to-Sally-feiern-im-Lokschuppen-Eisblumen-Feuer-und-Schatten\" rel=\"noopener\" target=\"_blank\">https:\/\/www.westfalen-blatt.de\/OWL\/Bielefeld\/Bielefeld\/3599043-1500-Mittelalter-Folk-Fans-und-viele-Bands-bei-der-zehnten-Eisheilige-Nacht-Subway-to-Sally-feiern-im-Lokschuppen-Eisblumen-Feuer-und-Schatten<\/a><\/p>\n","protected":false},"excerpt":{"rendered":"<p>https:\/\/www.westfalen-blatt.de\/OWL\/Bielefeld\/Bielefeld\/3599043-1500-Mittelalter-Folk-Fans-und-viele-Bands-bei-der-zehnten-Eisheilige-Nacht-Subway-to-Sally-feiern-im-Lokschuppen-Eisblumen-Feuer-und-Schatten<\/p>\n","protected":false},"author":1,"featured_media":0,"comment_status":"closed","ping_status":"open","sticky":false,"template":"","format":"standard","meta":{"_jetpack_memberships_contains_paid_content":false,"footnotes":"","jetpack_publicize_message":"","jetpack_publicize_feature_enabled":true,"jetpack_social_post_already_shared":true,"jetpack_social_options":{"image_generator_settings":{"template":"highway","default_image_id":0,"font":"","enabled":false},"version":2}},"categories":[44],"tags":[],"class_list":["post-459745","post","type-post","status-publish","format-standard","hentry","category-privatdeutsch"],"jetpack_publicize_connections":[],"jetpack_featured_media_url":"","jetpack_sharing_enabled":true,"jetpack_shortlink":"https:\/\/wp.me\/p5CD59-1VBf","jetpack-related-posts":[{"id":37724,"url":"https:\/\/www.achimbrueckner.de\/freeradio\/php\/wordpress\/?p=37724","url_meta":{"origin":459745,"position":0},"title":"&#8220;Eisheilige Nacht&#8221; im Ringlokschuppen","author":"Administrator","date":"December 28, 2014 14:07","format":false,"excerpt":"http:\/\/www.westfalen-blatt.de\/OWL\/Lokales\/Bielefeld\/Bielefeld\/1829156-2000-Besucher-feiern-Eisheilige-Nacht-im-Ringlokschuppen","rel":"","context":"In &quot;privatdeutsch&quot;","block_context":{"text":"privatdeutsch","link":"https:\/\/www.achimbrueckner.de\/freeradio\/php\/wordpress\/?cat=44"},"img":{"alt_text":"","src":"","width":0,"height":0},"classes":[]},{"id":34768,"url":"https:\/\/www.achimbrueckner.de\/freeradio\/php\/wordpress\/?p=34768","url_meta":{"origin":459745,"position":1},"title":"Unheilig Konzert Bielefeld","author":"Administrator","date":"September 2, 2011 15:13","format":false,"excerpt":"Gestern waren wir auf dem Unheilig Konzert in Bielefeld. Berichte und Fotos: http:\/\/www.nw-news.de\/owl\/4923864_Tausende_feiern_Unheilig_in_Bielefeld.html http:\/\/www.westfalen-blatt.de\/lokalnachrichten\/bildergalerien\/bielefeld","rel":"","context":"In &quot;privat&quot;","block_context":{"text":"privat","link":"https:\/\/www.achimbrueckner.de\/freeradio\/php\/wordpress\/?cat=37"},"img":{"alt_text":"","src":"","width":0,"height":0},"classes":[]},{"id":35534,"url":"https:\/\/www.achimbrueckner.de\/freeradio\/php\/wordpress\/?p=35534","url_meta":{"origin":459745,"position":2},"title":"Paderborn siegt und ist Bundesligist! Bielefeld gewinnt in Dresden!","author":"Administrator","date":"May 11, 2014 16:58","format":false,"excerpt":"http:\/\/www.westfalen-blatt.de\/nachricht\/2014-05-11-paderborn-empfaengt-aalen-bielefeld-gastiert-in-dresden-9386875\/613\/ http:\/\/www1.wdr.de\/themen\/sport\/bilder-zum-bundesligaaufstieg-sc-paderborn100.html","rel":"","context":"In &quot;privatdeutsch&quot;","block_context":{"text":"privatdeutsch","link":"https:\/\/www.achimbrueckner.de\/freeradio\/php\/wordpress\/?cat=44"},"img":{"alt_text":"","src":"","width":0,"height":0},"classes":[]},{"id":39774,"url":"https:\/\/www.achimbrueckner.de\/freeradio\/php\/wordpress\/?p=39774","url_meta":{"origin":459745,"position":3},"title":"Bielefeld im DFB-Pokal-Halbfinale K\u00fcbelweise Balsam f\u00fcr die ostwestf\u00e4lische Seele","author":"Administrator","date":"April 9, 2015 18:46","format":false,"excerpt":"http:\/\/www.sueddeutsche.de\/sport\/bielefeld-im-dfb-pokal-halbfinale-kuebelweise-balsam-fuer-die-ostwestfaelische-seele-1.2427934","rel":"","context":"In &quot;privatdeutsch&quot;","block_context":{"text":"privatdeutsch","link":"https:\/\/www.achimbrueckner.de\/freeradio\/php\/wordpress\/?cat=44"},"img":{"alt_text":"","src":"","width":0,"height":0},"classes":[]},{"id":579,"url":"https:\/\/www.achimbrueckner.de\/freeradio\/php\/wordpress\/?p=579","url_meta":{"origin":459745,"position":4},"title":"Radio Borderhunter","author":"Administrator","date":"May 6, 2006 23:38","format":false,"excerpt":"Radio Borderhunter ist auf 3910 Khz um 2335 Utc mit O=4 aufzunehmen. Etwas Fading auf der Frequenz aber sattes Signal mit S=9+10dB. Das 76m Band taugt f\u00fcr Nachtsendungen wieder erstaunlich gut, andere Stationen h\u00f6re ich aber zur Zeit nicht im 76m Band. Nachdem Feuer im Sender ausgebrochen ist, beendet Radio\u2026","rel":"","context":"In &quot;Empfang&quot;","block_context":{"text":"Empfang","link":"https:\/\/www.achimbrueckner.de\/freeradio\/php\/wordpress\/?cat=3"},"img":{"alt_text":"","src":"","width":0,"height":0},"classes":[]},{"id":459759,"url":"https:\/\/www.achimbrueckner.de\/freeradio\/php\/wordpress\/?p=459759","url_meta":{"origin":459745,"position":5},"title":"Radio Sylvia","author":"Administrator","date":"December 30, 2018 15:40","format":false,"excerpt":"Moin aus Hamburg! Am 5. Januar werden wir das neue Jahr standesgem\u00e4\u00df mit der gro\u00dfen Live-Sendung \"Radiorandale\" begr\u00fc\u00dfen. Ab 18 Uhr feiern wir den 10. Jahrestag unseres Internet-Comebacks. (Zur Erinnerung: Im Januar 2009 nahm Radio Sylvia nach langer Pause die Sendungen wieder auf, ab dann legal \ud83d\ude0e und im Internet.)\u2026","rel":"","context":"In \"AM\"","block_context":{"text":"AM","link":"https:\/\/www.achimbrueckner.de\/freeradio\/php\/wordpress\/?tag=am"},"img":{"alt_text":"","src":"","width":0,"height":0},"classes":[]}],"_links":{"self":[{"href":"https:\/\/www.achimbrueckner.de\/freeradio\/php\/wordpress\/index.php?rest_route=\/wp\/v2\/posts\/459745","targetHints":{"allow":["GET"]}}],"collection":[{"href":"https:\/\/www.achimbrueckner.de\/freeradio\/php\/wordpress\/index.php?rest_route=\/wp\/v2\/posts"}],"about":[{"href":"https:\/\/www.achimbrueckner.de\/freeradio\/php\/wordpress\/index.php?rest_route=\/wp\/v2\/types\/post"}],"author":[{"embeddable":true,"href":"https:\/\/www.achimbrueckner.de\/freeradio\/php\/wordpress\/index.php?rest_route=\/wp\/v2\/users\/1"}],"replies":[{"embeddable":true,"href":"https:\/\/www.achimbrueckner.de\/freeradio\/php\/wordpress\/index.php?rest_route=%2Fwp%2Fv2%2Fcomments&post=459745"}],"version-history":[{"count":0,"href":"https:\/\/www.achimbrueckner.de\/freeradio\/php\/wordpress\/index.php?rest_route=\/wp\/v2\/posts\/459745\/revisions"}],"wp:attachment":[{"href":"https:\/\/www.achimbrueckner.de\/freeradio\/php\/wordpress\/index.php?rest_route=%2Fwp%2Fv2%2Fmedia&parent=459745"}],"wp:term":[{"taxonomy":"category","embeddable":true,"href":"https:\/\/www.achimbrueckner.de\/freeradio\/php\/wordpress\/index.php?rest_route=%2Fwp%2Fv2%2Fcategories&post=459745"},{"taxonomy":"post_tag","embeddable":true,"href":"https:\/\/www.achimbrueckner.de\/freeradio\/php\/wordpress\/index.php?rest_route=%2Fwp%2Fv2%2Ftags&post=459745"}],"curies":[{"name":"wp","href":"https:\/\/api.w.org\/{rel}","templated":true}]}}