{"id":460666,"date":"2019-05-16T17:13:35","date_gmt":"2019-05-16T17:13:35","guid":{"rendered":"https:\/\/www.achimbrueckner.de\/freeradio\/php\/wordpress\/?p=460666"},"modified":"2019-05-16T17:13:35","modified_gmt":"2019-05-16T17:13:35","slug":"infodigital-aktuell-40-jahre-radio-bavaria-international","status":"publish","type":"post","link":"https:\/\/www.achimbrueckner.de\/freeradio\/php\/wordpress\/?p=460666","title":{"rendered":"InfoDigital aktuell: 40 Jahre Radio Bavaria International"},"content":{"rendered":"<p><a href=\"https:\/\/www.infosat.de\/radio\/infodigital-aktuell-40-jahre-radio-bavaria-international\" rel=\"noopener noreferrer\" target=\"_blank\">https:\/\/www.infosat.de\/radio\/infodigital-aktuell-40-jahre-radio-bavaria-international<\/a><\/p>\n","protected":false},"excerpt":{"rendered":"<p>https:\/\/www.infosat.de\/radio\/infodigital-aktuell-40-jahre-radio-bavaria-international<\/p>\n","protected":false},"author":1,"featured_media":0,"comment_status":"closed","ping_status":"open","sticky":false,"template":"","format":"standard","meta":{"_jetpack_memberships_contains_paid_content":false,"footnotes":"","jetpack_publicize_message":"","jetpack_publicize_feature_enabled":true,"jetpack_social_post_already_shared":true,"jetpack_social_options":{"image_generator_settings":{"template":"highway","default_image_id":0,"font":"","enabled":false},"version":2}},"categories":[1],"tags":[],"class_list":["post-460666","post","type-post","status-publish","format-standard","hentry","category-uncategorized"],"jetpack_publicize_connections":[],"jetpack_featured_media_url":"","jetpack_sharing_enabled":true,"jetpack_shortlink":"https:\/\/wp.me\/p5CD59-1VQ6","jetpack-related-posts":[{"id":11113,"url":"https:\/\/www.achimbrueckner.de\/freeradio\/php\/wordpress\/?p=11113","url_meta":{"origin":460666,"position":0},"title":"Radio Brenner Sonderprogramm via Memorialstream","author":"Administrator","date":"March 13, 2009 20:35","format":false,"excerpt":"Was f\u00fcr Radionostalgiker: \"FM Kompakt im Radio\" l\u00e4dt anl\u00e4\u00dflich seines 2. Geburtstages zu einem \"Radiospecial\": Sonntag, 15. M\u00e4rz 2009, ab 19.00 Uhr, \u00fcber den Radio-Brenner-Memorial-Stream bei laut.FM. Aus der Programmfolge: \"S\u00fcdtirol Aktuell\" aus dem jahre 1984 von Herwig Macht mit ausf\u00fchrlicher Betrachtung der damaligen S\u00fcdtirol-Szene inkl. vieler Soundfiles von Radio\u2026","rel":"","context":"In \"AM\"","block_context":{"text":"AM","link":"https:\/\/www.achimbrueckner.de\/freeradio\/php\/wordpress\/?tag=am"},"img":{"alt_text":"","src":"","width":0,"height":0},"classes":[]},{"id":462087,"url":"https:\/\/www.achimbrueckner.de\/freeradio\/php\/wordpress\/?p=462087","url_meta":{"origin":460666,"position":1},"title":"Radio Bavaria International zur\u00fcck via laut.fm","author":"Administrator","date":"December 16, 2019 16:26","format":false,"excerpt":"Radio Bavaria International - The legend is back! Zum dritten Advent 2019 bescherte der Radiopionier J\u00fcrgen von Wedel den alpinen Radiofreunden eine vorgezogene Weihnachts\u00fcberraschung. Mit dem heutigen Restart von Radio Bavaria International ist die Legende zur\u00fcck im Netz. Es handelte sich dabei um den ersten deutschsprachigen Privatsender, der gezielt von\u2026","rel":"","context":"In \"AM\"","block_context":{"text":"AM","link":"https:\/\/www.achimbrueckner.de\/freeradio\/php\/wordpress\/?tag=am"},"img":{"alt_text":"","src":"","width":0,"height":0},"classes":[]},{"id":20710,"url":"https:\/\/www.achimbrueckner.de\/freeradio\/php\/wordpress\/?p=20710","url_meta":{"origin":460666,"position":2},"title":"Radio Marabu","author":"Administrator","date":"December 8, 2010 17:00","format":false,"excerpt":"+++T\u00c4GLICH MARABU LIVE IN 2011+++ Zum 01.Januar 2011 werden wir uns wie in guten alten Piratenradiozeiten mit RADIO MiAmigo die Frequenzen teilen. T\u00e4glich ab 21 UHR werden wir 4 Stunden lang auf den UKW und Kabelfrequenzen von RadioMiAmigo zu h\u00f6ren sein(nat\u00fcrlich auch www.radiomiamigo.es). Ein Programmschema ver\u00f6ffentlichen wir hier in K\u00fcrze.\u2026","rel":"","context":"In \"AM\"","block_context":{"text":"AM","link":"https:\/\/www.achimbrueckner.de\/freeradio\/php\/wordpress\/?tag=am"},"img":{"alt_text":"","src":"","width":0,"height":0},"classes":[]},{"id":13701,"url":"https:\/\/www.achimbrueckner.de\/freeradio\/php\/wordpress\/?p=13701","url_meta":{"origin":460666,"position":3},"title":"Radio Bavaria International","author":"Administrator","date":"August 31, 2009 16:35","format":false,"excerpt":"Radio Bavaria International (RBI), der absolute Pionier der Privatradios aus S\u00fcdtirol, ist wieder da; und zwar in Form einer zweist\u00fcndigen Radioshow, die alle 14 Tage auf Caf\u00c3\u00a9 80s FM ausgestrahlt wird. Die beiden Moderatoren Mike Cain (Foto links) und J\u00fcrgen von Wedel, seinerzeit Mitbegr\u00fcnder von Radio Bavaria International, lassen ab\u2026","rel":"","context":"In &quot;webradio&quot;","block_context":{"text":"webradio","link":"https:\/\/www.achimbrueckner.de\/freeradio\/php\/wordpress\/?cat=13"},"img":{"alt_text":"","src":"","width":0,"height":0},"classes":[]},{"id":462090,"url":"https:\/\/www.achimbrueckner.de\/freeradio\/php\/wordpress\/?p=462090","url_meta":{"origin":460666,"position":4},"title":"Radio Bavaria International: Das Original ist zur\u00fcck!","author":"Administrator","date":"December 17, 2019 18:05","format":false,"excerpt":"https:\/\/www.radioszene.de\/139053\/radio-bavaria-international-zurueck.html","rel":"","context":"Similar post","block_context":{"text":"Similar post","link":""},"img":{"alt_text":"","src":"","width":0,"height":0},"classes":[]},{"id":2213,"url":"https:\/\/www.achimbrueckner.de\/freeradio\/php\/wordpress\/?p=2213","url_meta":{"origin":460666,"position":5},"title":"Radio Bavaria International","author":"Administrator","date":"March 18, 2007 08:23","format":false,"excerpt":"Radio Bavaria International is on 6267 Khz at 0820 Utc with SINPO 24433. Plays some pop-music of the 80th.","rel":"","context":"In &quot;reception&quot;","block_context":{"text":"reception","link":"https:\/\/www.achimbrueckner.de\/freeradio\/php\/wordpress\/?cat=4"},"img":{"alt_text":"","src":"","width":0,"height":0},"classes":[]}],"_links":{"self":[{"href":"https:\/\/www.achimbrueckner.de\/freeradio\/php\/wordpress\/index.php?rest_route=\/wp\/v2\/posts\/460666","targetHints":{"allow":["GET"]}}],"collection":[{"href":"https:\/\/www.achimbrueckner.de\/freeradio\/php\/wordpress\/index.php?rest_route=\/wp\/v2\/posts"}],"about":[{"href":"https:\/\/www.achimbrueckner.de\/freeradio\/php\/wordpress\/index.php?rest_route=\/wp\/v2\/types\/post"}],"author":[{"embeddable":true,"href":"https:\/\/www.achimbrueckner.de\/freeradio\/php\/wordpress\/index.php?rest_route=\/wp\/v2\/users\/1"}],"replies":[{"embeddable":true,"href":"https:\/\/www.achimbrueckner.de\/freeradio\/php\/wordpress\/index.php?rest_route=%2Fwp%2Fv2%2Fcomments&post=460666"}],"version-history":[{"count":0,"href":"https:\/\/www.achimbrueckner.de\/freeradio\/php\/wordpress\/index.php?rest_route=\/wp\/v2\/posts\/460666\/revisions"}],"wp:attachment":[{"href":"https:\/\/www.achimbrueckner.de\/freeradio\/php\/wordpress\/index.php?rest_route=%2Fwp%2Fv2%2Fmedia&parent=460666"}],"wp:term":[{"taxonomy":"category","embeddable":true,"href":"https:\/\/www.achimbrueckner.de\/freeradio\/php\/wordpress\/index.php?rest_route=%2Fwp%2Fv2%2Fcategories&post=460666"},{"taxonomy":"post_tag","embeddable":true,"href":"https:\/\/www.achimbrueckner.de\/freeradio\/php\/wordpress\/index.php?rest_route=%2Fwp%2Fv2%2Ftags&post=460666"}],"curies":[{"name":"wp","href":"https:\/\/api.w.org\/{rel}","templated":true}]}}