{"id":460793,"date":"2019-06-10T10:25:35","date_gmt":"2019-06-10T10:25:35","guid":{"rendered":"https:\/\/www.achimbrueckner.de\/freeradio\/php\/wordpress\/?p=460793"},"modified":"2019-06-10T10:25:35","modified_gmt":"2019-06-10T10:25:35","slug":"mittelwellen-piratensender-in-belgien","status":"publish","type":"post","link":"https:\/\/www.achimbrueckner.de\/freeradio\/php\/wordpress\/?p=460793","title":{"rendered":"Mittelwellen Piratensender in Belgien"},"content":{"rendered":"<p><a href=\"http:\/\/detlef-meis.de\/2019\/05\/29\/mittelwellen-piratensender-in-belgien\/\" rel=\"noopener noreferrer\" target=\"_blank\">http:\/\/detlef-meis.de\/2019\/05\/29\/mittelwellen-piratensender-in-belgien\/<\/a><\/p>\n","protected":false},"excerpt":{"rendered":"<p>http:\/\/detlef-meis.de\/2019\/05\/29\/mittelwellen-piratensender-in-belgien\/<\/p>\n","protected":false},"author":1,"featured_media":0,"comment_status":"closed","ping_status":"open","sticky":false,"template":"","format":"standard","meta":{"_jetpack_memberships_contains_paid_content":false,"footnotes":"","jetpack_publicize_message":"","jetpack_publicize_feature_enabled":true,"jetpack_social_post_already_shared":true,"jetpack_social_options":{"image_generator_settings":{"template":"highway","default_image_id":0,"font":"","enabled":false},"version":2}},"categories":[1],"tags":[25],"class_list":["post-460793","post","type-post","status-publish","format-standard","hentry","category-uncategorized","tag-piratensender"],"jetpack_publicize_connections":[],"jetpack_featured_media_url":"","jetpack_sharing_enabled":true,"jetpack_shortlink":"https:\/\/wp.me\/p5CD59-1VS9","jetpack-related-posts":[{"id":460578,"url":"https:\/\/www.achimbrueckner.de\/freeradio\/php\/wordpress\/?p=460578","url_meta":{"origin":460793,"position":0},"title":"Unbenannter Piratensender Sender in den Niederlanden ausgehoben","author":"Administrator","date":"May 1, 2019 16:38","format":false,"excerpt":"http:\/\/detlef-meis.de\/2019\/04\/26\/2525\/","rel":"","context":"In \"Piratensender\"","block_context":{"text":"Piratensender","link":"https:\/\/www.achimbrueckner.de\/freeradio\/php\/wordpress\/?tag=piratensender"},"img":{"alt_text":"","src":"","width":0,"height":0},"classes":[]},{"id":460577,"url":"https:\/\/www.achimbrueckner.de\/freeradio\/php\/wordpress\/?p=460577","url_meta":{"origin":460793,"position":1},"title":"Bundesnetzagentur legt UKW-Schwarzsender still","author":"Administrator","date":"May 1, 2019 16:09","format":false,"excerpt":"http:\/\/detlef-meis.de\/2019\/04\/30\/bundesnetzagentur-schliesst-ukw-piratensender\/","rel":"","context":"In \"Piratensender\"","block_context":{"text":"Piratensender","link":"https:\/\/www.achimbrueckner.de\/freeradio\/php\/wordpress\/?tag=piratensender"},"img":{"alt_text":"","src":"","width":0,"height":0},"classes":[]},{"id":197977,"url":"https:\/\/www.achimbrueckner.de\/freeradio\/php\/wordpress\/?p=197977","url_meta":{"origin":460793,"position":2},"title":"chilenische Piratensender @RCWradio 7550 Khz","author":"Administrator","date":"June 27, 2015 08:22","format":false,"excerpt":"Tipp f\u00fcr Extrem-DX: Der chilenische Piratensender @RCWradio \u00fcbertr\u00e4gt die Spiele der Copa Am\u00e9rica 2015 auf 7550 kHz. Info via RCWradio via Radiopiraten","rel":"","context":"In \"AM\"","block_context":{"text":"AM","link":"https:\/\/www.achimbrueckner.de\/freeradio\/php\/wordpress\/?tag=am"},"img":{"alt_text":"","src":"","width":0,"height":0},"classes":[]},{"id":170002,"url":"https:\/\/www.achimbrueckner.de\/freeradio\/php\/wordpress\/?p=170002","url_meta":{"origin":460793,"position":3},"title":"UKW Piratensender Deutschland","author":"Administrator","date":"June 23, 2015 18:06","format":false,"excerpt":"Piratensender aus Deutschland UKW: 13. Juni 2015 Station Hulli Gulli 106,3 Mhz 9. Juni 2015 Radio Lambada 97,3 Mhz 21. Juni 2015 Radio PTN Radio Eisb\u00e4r 98,2 Mhz","rel":"","context":"In &quot;download&quot;","block_context":{"text":"download","link":"https:\/\/www.achimbrueckner.de\/freeradio\/php\/wordpress\/?cat=7"},"img":{"alt_text":"","src":"","width":0,"height":0},"classes":[]},{"id":27630,"url":"https:\/\/www.achimbrueckner.de\/freeradio\/php\/wordpress\/?p=27630","url_meta":{"origin":460793,"position":4},"title":"Piratensender in Neu-Ulm?!","author":"Administrator","date":"May 1, 2013 08:19","format":false,"excerpt":"Piratensender in Neu-Ulm?! http:\/\/www.radioforen.de\/index.php?threads\/piratensender-in-neu-ulm.36625\/","rel":"","context":"In \"Piratensender\"","block_context":{"text":"Piratensender","link":"https:\/\/www.achimbrueckner.de\/freeradio\/php\/wordpress\/?tag=piratensender"},"img":{"alt_text":"","src":"","width":0,"height":0},"classes":[]},{"id":18656,"url":"https:\/\/www.achimbrueckner.de\/freeradio\/php\/wordpress\/?p=18656","url_meta":{"origin":460793,"position":5},"title":"Polizei nimmt Piratensender hoch","author":"Administrator","date":"June 12, 2010 07:53","format":false,"excerpt":"Polizei nimmt Piratensender hoch http:\/\/www.bz-berlin.de\/bezirk\/friedrichshain\/polizei-nimmt-piratensender-hoch-article869992.html","rel":"","context":"In \"Piratensender\"","block_context":{"text":"Piratensender","link":"https:\/\/www.achimbrueckner.de\/freeradio\/php\/wordpress\/?tag=piratensender"},"img":{"alt_text":"","src":"","width":0,"height":0},"classes":[]}],"_links":{"self":[{"href":"https:\/\/www.achimbrueckner.de\/freeradio\/php\/wordpress\/index.php?rest_route=\/wp\/v2\/posts\/460793","targetHints":{"allow":["GET"]}}],"collection":[{"href":"https:\/\/www.achimbrueckner.de\/freeradio\/php\/wordpress\/index.php?rest_route=\/wp\/v2\/posts"}],"about":[{"href":"https:\/\/www.achimbrueckner.de\/freeradio\/php\/wordpress\/index.php?rest_route=\/wp\/v2\/types\/post"}],"author":[{"embeddable":true,"href":"https:\/\/www.achimbrueckner.de\/freeradio\/php\/wordpress\/index.php?rest_route=\/wp\/v2\/users\/1"}],"replies":[{"embeddable":true,"href":"https:\/\/www.achimbrueckner.de\/freeradio\/php\/wordpress\/index.php?rest_route=%2Fwp%2Fv2%2Fcomments&post=460793"}],"version-history":[{"count":0,"href":"https:\/\/www.achimbrueckner.de\/freeradio\/php\/wordpress\/index.php?rest_route=\/wp\/v2\/posts\/460793\/revisions"}],"wp:attachment":[{"href":"https:\/\/www.achimbrueckner.de\/freeradio\/php\/wordpress\/index.php?rest_route=%2Fwp%2Fv2%2Fmedia&parent=460793"}],"wp:term":[{"taxonomy":"category","embeddable":true,"href":"https:\/\/www.achimbrueckner.de\/freeradio\/php\/wordpress\/index.php?rest_route=%2Fwp%2Fv2%2Fcategories&post=460793"},{"taxonomy":"post_tag","embeddable":true,"href":"https:\/\/www.achimbrueckner.de\/freeradio\/php\/wordpress\/index.php?rest_route=%2Fwp%2Fv2%2Ftags&post=460793"}],"curies":[{"name":"wp","href":"https:\/\/api.w.org\/{rel}","templated":true}]}}