{"id":461074,"date":"2019-07-29T10:06:09","date_gmt":"2019-07-29T10:06:09","guid":{"rendered":"https:\/\/www.achimbrueckner.de\/freeradio\/php\/wordpress\/?p=461074"},"modified":"2019-07-29T10:06:09","modified_gmt":"2019-07-29T10:06:09","slug":"radio-sylvia-3-august-2019-6070-khz","status":"publish","type":"post","link":"https:\/\/www.achimbrueckner.de\/freeradio\/php\/wordpress\/?p=461074","title":{"rendered":"Radio Sylvia 3. August 2019 6070 Khz"},"content":{"rendered":"<p>Hallo Leute! Es geht wieder los: Am 3. August ab 18 Uhr greifen unsere Moderationsfachkr\u00e4fte \ud83d\ude01 Agatha Rabiata, Dom van Hool und Mark Andersen wieder in die Vollen und beschallen euch sechs kurzweilige Live-Stunden mit allem, was das Herz begehrt &#8211; von brachial bis zart. Au\u00dferdem gibt es wie immer von 19 bis 20 Uhr brandneue Mucke. Die Motto-Show &#8220;Stunde der Wahrheit&#8221; von 22 bis 23 Uhr hat dieses Mal das Thema &#8220;Original und F\u00e4lschung&#8221;.<\/p>\n<p>Musikw\u00fcnsche, Gr\u00fc\u00dfe, Empfangsberichte etc. sind willkommen (info@radiosylvia.de).<\/p>\n<p>Wir z\u00e4hlen auf euch &#8211; am 3. August von 18 bis 24 Uhr online und parallel auf der guten alten Kurzwelle 6070 kHz!<\/p>\n","protected":false},"excerpt":{"rendered":"<p>Hallo Leute! Es geht wieder los: Am 3. August ab 18 Uhr greifen unsere Moderationsfachkr\u00e4fte \ud83d\ude01 Agatha Rabiata, Dom van Hool und Mark Andersen wieder in die Vollen und beschallen euch sechs kurzweilige Live-Stunden mit allem, was das Herz begehrt &#8211; von brachial bis zart. Au\u00dferdem gibt es wie immer von 19 bis 20 Uhr &hellip; <a href=\"https:\/\/www.achimbrueckner.de\/freeradio\/php\/wordpress\/?p=461074\" class=\"more-link\">Continue reading <span class=\"screen-reader-text\">Radio Sylvia 3. August 2019 6070 Khz<\/span><\/a><\/p>\n","protected":false},"author":1,"featured_media":0,"comment_status":"closed","ping_status":"open","sticky":false,"template":"","format":"standard","meta":{"_jetpack_memberships_contains_paid_content":false,"footnotes":"","jetpack_publicize_message":"","jetpack_publicize_feature_enabled":true,"jetpack_social_post_already_shared":true,"jetpack_social_options":{"image_generator_settings":{"template":"highway","default_image_id":0,"font":"","enabled":false},"version":2}},"categories":[1],"tags":[22],"class_list":["post-461074","post","type-post","status-publish","format-standard","hentry","category-uncategorized","tag-am"],"jetpack_publicize_connections":[],"jetpack_featured_media_url":"","jetpack_sharing_enabled":true,"jetpack_shortlink":"https:\/\/wp.me\/p5CD59-1VWG","jetpack-related-posts":[{"id":459169,"url":"https:\/\/www.achimbrueckner.de\/freeradio\/php\/wordpress\/?p=459169","url_meta":{"origin":461074,"position":0},"title":"Radio Sylvia 6070 Khz 1. September 2018","author":"Administrator","date":"August 21, 2018 16:34","format":false,"excerpt":"Moin aus dem Norden! Es gibt zwei Nachrichten, eine gute und eine schlechte. Die schlechte zuerst: Unser Moderatoren-Rollkommando ist im Urlaub, daher wird der \"Sonnabend of Death\" am 1. September ausfallen. Wir senden aber trotzdem von 18 bis 20 Uhr auf Kurzwelle 6070 kHz (unmoderiert). Und nun die gute: Am\u2026","rel":"","context":"In \"AM\"","block_context":{"text":"AM","link":"https:\/\/www.achimbrueckner.de\/freeradio\/php\/wordpress\/?tag=am"},"img":{"alt_text":"","src":"","width":0,"height":0},"classes":[]},{"id":465636,"url":"https:\/\/www.achimbrueckner.de\/freeradio\/php\/wordpress\/?p=465636","url_meta":{"origin":461074,"position":1},"title":"Radio Sylvia 7. August 2021","author":"Administrator","date":"August 3, 2021 17:25","format":false,"excerpt":"Moin Moin! Es ist Sommerzeit, Urlaubszeit, und so ist auch das Radio-Sylvia-Team im Urlaub. Trotzdem l\u00e4uft am 7. August wieder unsere \"Radiorandale\", diesmal ohne Live-Moderation, aber wie gewohnt von 18 Uhr bis Mitternacht - online und auf Kurzwelle 6070 und 3955 kHz. Die Specials: Von 19 bis 20 Uhr pr\u00e4sentieren\u2026","rel":"","context":"Similar post","block_context":{"text":"Similar post","link":""},"img":{"alt_text":"","src":"","width":0,"height":0},"classes":[]},{"id":462309,"url":"https:\/\/www.achimbrueckner.de\/freeradio\/php\/wordpress\/?p=462309","url_meta":{"origin":461074,"position":2},"title":"Radio Sylvia 1. Februar 2020 6070 Khz","author":"Administrator","date":"January 21, 2020 17:49","format":false,"excerpt":"Moin aus Hamburg! Los geht's, die neue \"Radiorandale\" kommt - jetzt wieder mit leibhaftigen Moderatoren! Agatha Rabiata, Dom van Hool und Mark Andersen besetzen am 1. Februar ab 18 Uhr wieder das \"Studio Nord\" und bringen euch live die sechsst\u00fcndige \"Radiorandale\". Die Highlights: Von 19 bis 20 Uhr gibt's Neues\u2026","rel":"","context":"In \"AM\"","block_context":{"text":"AM","link":"https:\/\/www.achimbrueckner.de\/freeradio\/php\/wordpress\/?tag=am"},"img":{"alt_text":"","src":"","width":0,"height":0},"classes":[]},{"id":462871,"url":"https:\/\/www.achimbrueckner.de\/freeradio\/php\/wordpress\/?p=462871","url_meta":{"origin":461074,"position":3},"title":"Radio Sylvia 4. April 2020 6070 Khz","author":"Administrator","date":"March 29, 2020 12:51","format":false,"excerpt":"Moin aus dem Norden! Trotz widriger Umst\u00e4nde gibt es auch am 4. April von 18 bis 24 Uhr die gro\u00dfe Live-Show \"Radiorandale\", dieses Mal mit unserer Seuchennotbesatzung \ud83d\udc4d Agatha Rabiata und Dom van Hool, die euch mit gro\u00dfartigen Kl\u00e4ngen versorgt \ud83c\udfb8 Von 19 bis 20 Uhr l\u00e4uft wieder unsere Neuheiten-Rubrik,\u2026","rel":"","context":"In \"AM\"","block_context":{"text":"AM","link":"https:\/\/www.achimbrueckner.de\/freeradio\/php\/wordpress\/?tag=am"},"img":{"alt_text":"","src":"","width":0,"height":0},"classes":[]},{"id":462658,"url":"https:\/\/www.achimbrueckner.de\/freeradio\/php\/wordpress\/?p=462658","url_meta":{"origin":461074,"position":4},"title":"Radio Sylvia 7. M\u00e4rz 2020","author":"Administrator","date":"March 2, 2020 17:38","format":false,"excerpt":"Moin! Am 7. M\u00e4rz geben wir wieder Vollgas: Agatha Rabiata, Dom van Hool und Mark Andersen senden ab 18 Uhr sechs Stunden live aus dem \"Studio Nord\" und pr\u00e4sentieren euch die M\u00e4rz-Ausgabe der \"Radiorandale\" mit kernigen Kl\u00e4ngen aus aller Welt. Als Highlights steht von 19 bis 20 Uhr wieder brandneue\u2026","rel":"","context":"In \"AM\"","block_context":{"text":"AM","link":"https:\/\/www.achimbrueckner.de\/freeradio\/php\/wordpress\/?tag=am"},"img":{"alt_text":"","src":"","width":0,"height":0},"classes":[]},{"id":463745,"url":"https:\/\/www.achimbrueckner.de\/freeradio\/php\/wordpress\/?p=463745","url_meta":{"origin":461074,"position":5},"title":"Radio Sylvia 6070 Khz 1. August 2020","author":"Administrator","date":"July 26, 2020 17:21","format":false,"excerpt":"Moin aus dem Norden! Das Radiorandale-Hauptquartier, unser bew\u00e4hrtes Studio Nord, meldet sich am 1. August um 18 Uhr lautstark zur\u00fcck: Sechs Stunden Live-Sendung sind angesagt, u.a. mit der Neuheiten-Show von 19 bis 20 Uhr und der Stunde der Wahrheit (22 bis 23 Uhr), die wir diesmal den ausgefallenen Festivals widmen\u2026","rel":"","context":"In \"AM\"","block_context":{"text":"AM","link":"https:\/\/www.achimbrueckner.de\/freeradio\/php\/wordpress\/?tag=am"},"img":{"alt_text":"","src":"","width":0,"height":0},"classes":[]}],"_links":{"self":[{"href":"https:\/\/www.achimbrueckner.de\/freeradio\/php\/wordpress\/index.php?rest_route=\/wp\/v2\/posts\/461074","targetHints":{"allow":["GET"]}}],"collection":[{"href":"https:\/\/www.achimbrueckner.de\/freeradio\/php\/wordpress\/index.php?rest_route=\/wp\/v2\/posts"}],"about":[{"href":"https:\/\/www.achimbrueckner.de\/freeradio\/php\/wordpress\/index.php?rest_route=\/wp\/v2\/types\/post"}],"author":[{"embeddable":true,"href":"https:\/\/www.achimbrueckner.de\/freeradio\/php\/wordpress\/index.php?rest_route=\/wp\/v2\/users\/1"}],"replies":[{"embeddable":true,"href":"https:\/\/www.achimbrueckner.de\/freeradio\/php\/wordpress\/index.php?rest_route=%2Fwp%2Fv2%2Fcomments&post=461074"}],"version-history":[{"count":0,"href":"https:\/\/www.achimbrueckner.de\/freeradio\/php\/wordpress\/index.php?rest_route=\/wp\/v2\/posts\/461074\/revisions"}],"wp:attachment":[{"href":"https:\/\/www.achimbrueckner.de\/freeradio\/php\/wordpress\/index.php?rest_route=%2Fwp%2Fv2%2Fmedia&parent=461074"}],"wp:term":[{"taxonomy":"category","embeddable":true,"href":"https:\/\/www.achimbrueckner.de\/freeradio\/php\/wordpress\/index.php?rest_route=%2Fwp%2Fv2%2Fcategories&post=461074"},{"taxonomy":"post_tag","embeddable":true,"href":"https:\/\/www.achimbrueckner.de\/freeradio\/php\/wordpress\/index.php?rest_route=%2Fwp%2Fv2%2Ftags&post=461074"}],"curies":[{"name":"wp","href":"https:\/\/api.w.org\/{rel}","templated":true}]}}