{"id":461589,"date":"2019-09-29T09:28:37","date_gmt":"2019-09-29T09:28:37","guid":{"rendered":"https:\/\/www.achimbrueckner.de\/freeradio\/php\/wordpress\/?p=461589"},"modified":"2019-09-29T09:28:37","modified_gmt":"2019-09-29T09:28:37","slug":"radio-sylvia-5-oktober-2019","status":"publish","type":"post","link":"https:\/\/www.achimbrueckner.de\/freeradio\/php\/wordpress\/?p=461589","title":{"rendered":"Radio Sylvia 5. Oktober 2019"},"content":{"rendered":"<p>Moin! Demn\u00e4chst kommt wieder unser Festival des guten Geschmacks: die neue Randiorandale! Der Startschuss f\u00e4llt am 5. Oktober um 18 Uhr, und anschlie\u00dfend geben euch Agatha Rabiata, Dom van Hool und Mark Andersen sechs Stunden lang feinste Kl\u00e4nge auf die Ohren. Wie immer gibt&#8217;s von 19 bis 20 Uhr brandneue Musik, und in unserer &#8220;Stunde der Wahrheit&#8221; von 22 bis 23 Uhr begl\u00fccken wir euch dieses Mal mit knackigem L\u00e4rm aus Skandinavien. Die wichtigsten Daten nochmal in Kurzform zum Vormerken: Sa, 5. Oktober, 18 &#8211; 24 Uhr, live, online und auf Kurzwelle 6070 kHz &#8211; und Bier kalt stellen \ud83d\ude01\ud83c\udf7a<\/p>\n","protected":false},"excerpt":{"rendered":"<p>Moin! Demn\u00e4chst kommt wieder unser Festival des guten Geschmacks: die neue Randiorandale! Der Startschuss f\u00e4llt am 5. Oktober um 18 Uhr, und anschlie\u00dfend geben euch Agatha Rabiata, Dom van Hool und Mark Andersen sechs Stunden lang feinste Kl\u00e4nge auf die Ohren. Wie immer gibt&#8217;s von 19 bis 20 Uhr brandneue Musik, und in unserer &#8220;Stunde &hellip; <a href=\"https:\/\/www.achimbrueckner.de\/freeradio\/php\/wordpress\/?p=461589\" class=\"more-link\">Continue reading <span class=\"screen-reader-text\">Radio Sylvia 5. Oktober 2019<\/span><\/a><\/p>\n","protected":false},"author":1,"featured_media":0,"comment_status":"closed","ping_status":"open","sticky":false,"template":"","format":"standard","meta":{"_jetpack_memberships_contains_paid_content":false,"footnotes":"","jetpack_publicize_message":"","jetpack_publicize_feature_enabled":true,"jetpack_social_post_already_shared":true,"jetpack_social_options":{"image_generator_settings":{"template":"highway","default_image_id":0,"font":"","enabled":false},"version":2}},"categories":[1],"tags":[22],"class_list":["post-461589","post","type-post","status-publish","format-standard","hentry","category-uncategorized","tag-am"],"jetpack_publicize_connections":[],"jetpack_featured_media_url":"","jetpack_sharing_enabled":true,"jetpack_shortlink":"https:\/\/wp.me\/p5CD59-1W4Z","jetpack-related-posts":[{"id":459169,"url":"https:\/\/www.achimbrueckner.de\/freeradio\/php\/wordpress\/?p=459169","url_meta":{"origin":461589,"position":0},"title":"Radio Sylvia 6070 Khz 1. September 2018","author":"Administrator","date":"August 21, 2018 16:34","format":false,"excerpt":"Moin aus dem Norden! Es gibt zwei Nachrichten, eine gute und eine schlechte. Die schlechte zuerst: Unser Moderatoren-Rollkommando ist im Urlaub, daher wird der \"Sonnabend of Death\" am 1. September ausfallen. Wir senden aber trotzdem von 18 bis 20 Uhr auf Kurzwelle 6070 kHz (unmoderiert). Und nun die gute: Am\u2026","rel":"","context":"In \"AM\"","block_context":{"text":"AM","link":"https:\/\/www.achimbrueckner.de\/freeradio\/php\/wordpress\/?tag=am"},"img":{"alt_text":"","src":"","width":0,"height":0},"classes":[]},{"id":465860,"url":"https:\/\/www.achimbrueckner.de\/freeradio\/php\/wordpress\/?p=465860","url_meta":{"origin":461589,"position":1},"title":"Radio Sylvia 2 Oktober 2021","author":"Administrator","date":"September 29, 2021 14:45","format":false,"excerpt":"Moin aus dem Norden! Am 2. Oktober um 18 Uhr entern wir wieder unser Studio Nord und pr\u00e4sentieren euch sechs pralle Stunden lang live die neue \"Radiorandale\". Von 19 bis 20 Uhr gibt's die Neuheiten-Show, und in unserer \"Stunde der Wahrheit\" (22 bis 23 Uhr) werden wir die Bundestagswahl musikalisch\u2026","rel":"","context":"Similar post","block_context":{"text":"Similar post","link":""},"img":{"alt_text":"","src":"","width":0,"height":0},"classes":[]},{"id":461074,"url":"https:\/\/www.achimbrueckner.de\/freeradio\/php\/wordpress\/?p=461074","url_meta":{"origin":461589,"position":2},"title":"Radio Sylvia 3. August 2019 6070 Khz","author":"Administrator","date":"July 29, 2019 10:06","format":false,"excerpt":"Hallo Leute! Es geht wieder los: Am 3. August ab 18 Uhr greifen unsere Moderationsfachkr\u00e4fte \ud83d\ude01 Agatha Rabiata, Dom van Hool und Mark Andersen wieder in die Vollen und beschallen euch sechs kurzweilige Live-Stunden mit allem, was das Herz begehrt - von brachial bis zart. Au\u00dferdem gibt es wie immer\u2026","rel":"","context":"In \"AM\"","block_context":{"text":"AM","link":"https:\/\/www.achimbrueckner.de\/freeradio\/php\/wordpress\/?tag=am"},"img":{"alt_text":"","src":"","width":0,"height":0},"classes":[]},{"id":460879,"url":"https:\/\/www.achimbrueckner.de\/freeradio\/php\/wordpress\/?p=460879","url_meta":{"origin":461589,"position":3},"title":"Radio Sylvia 6. Juli 6070 Khz","author":"Administrator","date":"June 29, 2019 10:09","format":false,"excerpt":"Moin aus Hamburg! Am 6. Juli laden Agatha Rabiata, Dom van Hool und Mark Andersen zur neuesten Ausgabe der \"Radiorandale\". Von 18 bis 24 Uhr erwartet euch eine sechsst\u00fcndige Sommersause voller akustischer Perlen. Als zus\u00e4tzliche Highlights bringen wir euch von 19 bis 20 Uhr brandneue Musik und (tataaa!) von 22\u2026","rel":"","context":"In \"AM\"","block_context":{"text":"AM","link":"https:\/\/www.achimbrueckner.de\/freeradio\/php\/wordpress\/?tag=am"},"img":{"alt_text":"","src":"","width":0,"height":0},"classes":[]},{"id":462309,"url":"https:\/\/www.achimbrueckner.de\/freeradio\/php\/wordpress\/?p=462309","url_meta":{"origin":461589,"position":4},"title":"Radio Sylvia 1. Februar 2020 6070 Khz","author":"Administrator","date":"January 21, 2020 17:49","format":false,"excerpt":"Moin aus Hamburg! Los geht's, die neue \"Radiorandale\" kommt - jetzt wieder mit leibhaftigen Moderatoren! Agatha Rabiata, Dom van Hool und Mark Andersen besetzen am 1. Februar ab 18 Uhr wieder das \"Studio Nord\" und bringen euch live die sechsst\u00fcndige \"Radiorandale\". Die Highlights: Von 19 bis 20 Uhr gibt's Neues\u2026","rel":"","context":"In \"AM\"","block_context":{"text":"AM","link":"https:\/\/www.achimbrueckner.de\/freeradio\/php\/wordpress\/?tag=am"},"img":{"alt_text":"","src":"","width":0,"height":0},"classes":[]},{"id":464948,"url":"https:\/\/www.achimbrueckner.de\/freeradio\/php\/wordpress\/?p=464948","url_meta":{"origin":461589,"position":5},"title":"Radio Sylvia 6. M\u00e4rz 2021","author":"Administrator","date":"March 1, 2021 17:59","format":false,"excerpt":"Moin! Systemrelevant und alternativlos: die \"Radiorandale\" auf Radio Sylvia \ud83d\ude0e - wieder zu h\u00f6ren am 6. M\u00e4rz von 18 bis 24 Uhr. Freut euch auf sechs Stunden mit knackiger Musik und guter Laune gegen die Corona-Melancholie. Als Specials bringen wir euch die Neuheiten-Show (19 bis 20 Uhr) und die \"Stunde\u2026","rel":"","context":"In \"AM\"","block_context":{"text":"AM","link":"https:\/\/www.achimbrueckner.de\/freeradio\/php\/wordpress\/?tag=am"},"img":{"alt_text":"","src":"","width":0,"height":0},"classes":[]}],"_links":{"self":[{"href":"https:\/\/www.achimbrueckner.de\/freeradio\/php\/wordpress\/index.php?rest_route=\/wp\/v2\/posts\/461589","targetHints":{"allow":["GET"]}}],"collection":[{"href":"https:\/\/www.achimbrueckner.de\/freeradio\/php\/wordpress\/index.php?rest_route=\/wp\/v2\/posts"}],"about":[{"href":"https:\/\/www.achimbrueckner.de\/freeradio\/php\/wordpress\/index.php?rest_route=\/wp\/v2\/types\/post"}],"author":[{"embeddable":true,"href":"https:\/\/www.achimbrueckner.de\/freeradio\/php\/wordpress\/index.php?rest_route=\/wp\/v2\/users\/1"}],"replies":[{"embeddable":true,"href":"https:\/\/www.achimbrueckner.de\/freeradio\/php\/wordpress\/index.php?rest_route=%2Fwp%2Fv2%2Fcomments&post=461589"}],"version-history":[{"count":0,"href":"https:\/\/www.achimbrueckner.de\/freeradio\/php\/wordpress\/index.php?rest_route=\/wp\/v2\/posts\/461589\/revisions"}],"wp:attachment":[{"href":"https:\/\/www.achimbrueckner.de\/freeradio\/php\/wordpress\/index.php?rest_route=%2Fwp%2Fv2%2Fmedia&parent=461589"}],"wp:term":[{"taxonomy":"category","embeddable":true,"href":"https:\/\/www.achimbrueckner.de\/freeradio\/php\/wordpress\/index.php?rest_route=%2Fwp%2Fv2%2Fcategories&post=461589"},{"taxonomy":"post_tag","embeddable":true,"href":"https:\/\/www.achimbrueckner.de\/freeradio\/php\/wordpress\/index.php?rest_route=%2Fwp%2Fv2%2Ftags&post=461589"}],"curies":[{"name":"wp","href":"https:\/\/api.w.org\/{rel}","templated":true}]}}