{"id":461833,"date":"2019-10-31T20:18:26","date_gmt":"2019-10-31T20:18:26","guid":{"rendered":"https:\/\/www.achimbrueckner.de\/freeradio\/php\/wordpress\/?p=461833"},"modified":"2019-10-31T20:18:26","modified_gmt":"2019-10-31T20:18:26","slug":"umbaupause-auf-kurzwelle-6150-radio-marabu-programm","status":"publish","type":"post","link":"https:\/\/www.achimbrueckner.de\/freeradio\/php\/wordpress\/?p=461833","title":{"rendered":"UMBAUPAUSE AUF KURZWELLE 6150- RADIO MARABU PROGRAMM"},"content":{"rendered":"<p><a href=\"http:\/\/radio-marabu.de\/wordpress\/umbaupause-auf-kurzwelle-6150-radio-marabu-programm\/\" rel=\"noopener noreferrer\" target=\"_blank\">http:\/\/radio-marabu.de\/wordpress\/umbaupause-auf-kurzwelle-6150-radio-marabu-programm\/<\/a><\/p>\n","protected":false},"excerpt":{"rendered":"<p>http:\/\/radio-marabu.de\/wordpress\/umbaupause-auf-kurzwelle-6150-radio-marabu-programm\/<\/p>\n","protected":false},"author":1,"featured_media":0,"comment_status":"closed","ping_status":"open","sticky":false,"template":"","format":"standard","meta":{"_jetpack_memberships_contains_paid_content":false,"footnotes":"","jetpack_publicize_message":"","jetpack_publicize_feature_enabled":true,"jetpack_social_post_already_shared":true,"jetpack_social_options":{"image_generator_settings":{"template":"highway","default_image_id":0,"font":"","enabled":false},"version":2}},"categories":[1],"tags":[22],"class_list":["post-461833","post","type-post","status-publish","format-standard","hentry","category-uncategorized","tag-am"],"jetpack_publicize_connections":[],"jetpack_featured_media_url":"","jetpack_sharing_enabled":true,"jetpack_shortlink":"https:\/\/wp.me\/p5CD59-1W8V","jetpack-related-posts":[{"id":458559,"url":"https:\/\/www.achimbrueckner.de\/freeradio\/php\/wordpress\/?p=458559","url_meta":{"origin":461833,"position":0},"title":"OSTERN 2018- RADIO MARABU 08-20UHR AUF KURZWELLE 6150 VIA EUROPA 24","author":"Administrator","date":"March 28, 2018 09:20","format":false,"excerpt":"http:\/\/radio-marabu.de\/wordpress\/ostern-2018-radio-marabu-08-20uhr-auf-kurzwelle-6150-via-europa-24\/","rel":"","context":"Similar post","block_context":{"text":"Similar post","link":""},"img":{"alt_text":"","src":"","width":0,"height":0},"classes":[]},{"id":453526,"url":"https:\/\/www.achimbrueckner.de\/freeradio\/php\/wordpress\/?p=453526","url_meta":{"origin":461833,"position":1},"title":"MARABU AUF KURZWELLE 6150","author":"Administrator","date":"February 27, 2017 20:19","format":false,"excerpt":"http:\/\/radio-marabu.de\/wordpress\/marabu-auf-kurzwelle-6150\/","rel":"","context":"Similar post","block_context":{"text":"Similar post","link":""},"img":{"alt_text":"","src":"","width":0,"height":0},"classes":[]},{"id":184,"url":"https:\/\/www.achimbrueckner.de\/freeradio\/php\/wordpress\/?p=184","url_meta":{"origin":461833,"position":2},"title":"Radio Marabu X-mas Day on 9290 Khz","author":"Administrator","date":"December 18, 2005 09:11","format":false,"excerpt":"Radio Marabu sendet am Weihnachtstag, dem 24. Dezember 2005, von 11.00 bis 17.00 Uhr MEZ auf Kurzwelle 9290 kHz ein Weihnachtssonderprogramm mit EuropesAlternativeMusic und handverlesenen Weihnachtsklassikern. Das Programm pr\u00e4sentieren Marcel Fischer, Frank G\u00f6bel und Julia B. Zu gewinnen gibt es wie jedes Jahr eine Menge CD\u00c2\u00b4s. Unser Weihnachtsprogramm ist des\u2026","rel":"","context":"In \"AM\"","block_context":{"text":"AM","link":"https:\/\/www.achimbrueckner.de\/freeradio\/php\/wordpress\/?tag=am"},"img":{"alt_text":"","src":"","width":0,"height":0},"classes":[]},{"id":532,"url":"https:\/\/www.achimbrueckner.de\/freeradio\/php\/wordpress\/?p=532","url_meta":{"origin":461833,"position":3},"title":"Radio Marabu","author":"Administrator","date":"April 12, 2006 15:50","format":false,"excerpt":"Radio Marabu wird am 15. April 2006 von 11.00 bis 15.00 Uhr deutscher Zeit (10.00 bis 14.00 Uhr UTC) auf Kurzwelle auf der Frequenz 9290 kHz zu h\u00f6ren sein. Das Programm widmet sich u.a. der Radiolegende Graham Gill, der am 15. April 2006 immerhin 70 Jahre alt (jung) wird. Auch\u2026","rel":"","context":"In \"AM\"","block_context":{"text":"AM","link":"https:\/\/www.achimbrueckner.de\/freeradio\/php\/wordpress\/?tag=am"},"img":{"alt_text":"","src":"","width":0,"height":0},"classes":[]},{"id":454372,"url":"https:\/\/www.achimbrueckner.de\/freeradio\/php\/wordpress\/?p=454372","url_meta":{"origin":461833,"position":4},"title":"Test Radio Marabu 6150 Khz 22 April 2017 2200 Uhr 6150 Khz","author":"Administrator","date":"April 22, 2017 13:21","format":false,"excerpt":"TEST VON MARABU AUF KURZWELLE HEUTE VON 22.00 BIS 04.00 UHR AUF 6150 KHZ Heute in der Zeit von 22.00 Uhr bis 04.00 Uhr wird eine Testsendung ausgestrahlt.","rel":"","context":"Similar post","block_context":{"text":"Similar post","link":""},"img":{"alt_text":"","src":"","width":0,"height":0},"classes":[]},{"id":451246,"url":"https:\/\/www.achimbrueckner.de\/freeradio\/php\/wordpress\/?p=451246","url_meta":{"origin":461833,"position":5},"title":"RADIO MARABU AUF KURZWELLE 6305","author":"Administrator","date":"October 21, 2016 11:52","format":false,"excerpt":"http:\/\/radio-marabu.de\/wordpress\/radio-marabu-auf-kurzwelle-6305\/","rel":"","context":"Similar post","block_context":{"text":"Similar post","link":""},"img":{"alt_text":"","src":"","width":0,"height":0},"classes":[]}],"_links":{"self":[{"href":"https:\/\/www.achimbrueckner.de\/freeradio\/php\/wordpress\/index.php?rest_route=\/wp\/v2\/posts\/461833","targetHints":{"allow":["GET"]}}],"collection":[{"href":"https:\/\/www.achimbrueckner.de\/freeradio\/php\/wordpress\/index.php?rest_route=\/wp\/v2\/posts"}],"about":[{"href":"https:\/\/www.achimbrueckner.de\/freeradio\/php\/wordpress\/index.php?rest_route=\/wp\/v2\/types\/post"}],"author":[{"embeddable":true,"href":"https:\/\/www.achimbrueckner.de\/freeradio\/php\/wordpress\/index.php?rest_route=\/wp\/v2\/users\/1"}],"replies":[{"embeddable":true,"href":"https:\/\/www.achimbrueckner.de\/freeradio\/php\/wordpress\/index.php?rest_route=%2Fwp%2Fv2%2Fcomments&post=461833"}],"version-history":[{"count":0,"href":"https:\/\/www.achimbrueckner.de\/freeradio\/php\/wordpress\/index.php?rest_route=\/wp\/v2\/posts\/461833\/revisions"}],"wp:attachment":[{"href":"https:\/\/www.achimbrueckner.de\/freeradio\/php\/wordpress\/index.php?rest_route=%2Fwp%2Fv2%2Fmedia&parent=461833"}],"wp:term":[{"taxonomy":"category","embeddable":true,"href":"https:\/\/www.achimbrueckner.de\/freeradio\/php\/wordpress\/index.php?rest_route=%2Fwp%2Fv2%2Fcategories&post=461833"},{"taxonomy":"post_tag","embeddable":true,"href":"https:\/\/www.achimbrueckner.de\/freeradio\/php\/wordpress\/index.php?rest_route=%2Fwp%2Fv2%2Ftags&post=461833"}],"curies":[{"name":"wp","href":"https:\/\/api.w.org\/{rel}","templated":true}]}}