{"id":461836,"date":"2019-11-01T16:56:53","date_gmt":"2019-11-01T16:56:53","guid":{"rendered":"https:\/\/www.achimbrueckner.de\/freeradio\/php\/wordpress\/?p=461836"},"modified":"2019-11-01T16:56:53","modified_gmt":"2019-11-01T16:56:53","slug":"als-die-gemeinde-einen-piratensender-betrieb","status":"publish","type":"post","link":"https:\/\/www.achimbrueckner.de\/freeradio\/php\/wordpress\/?p=461836","title":{"rendered":"Als die Gemeinde einen &#8220;Piratensender&#8221; betrieb"},"content":{"rendered":"<p><a href=\"https:\/\/www.pnp.de\/lokales\/landkreis_altoetting\/burgkirchen_garching\/3498798_Als-die-Gemeinde-einen-Piratensender-betrieb.html\" rel=\"noopener noreferrer\" target=\"_blank\">https:\/\/www.pnp.de\/lokales\/landkreis_altoetting\/burgkirchen_garching\/3498798_Als-die-Gemeinde-einen-Piratensender-betrieb.html<\/a><\/p>\n","protected":false},"excerpt":{"rendered":"<p>https:\/\/www.pnp.de\/lokales\/landkreis_altoetting\/burgkirchen_garching\/3498798_Als-die-Gemeinde-einen-Piratensender-betrieb.html<\/p>\n","protected":false},"author":1,"featured_media":0,"comment_status":"closed","ping_status":"open","sticky":false,"template":"","format":"standard","meta":{"_jetpack_memberships_contains_paid_content":false,"footnotes":"","jetpack_publicize_message":"","jetpack_publicize_feature_enabled":true,"jetpack_social_post_already_shared":true,"jetpack_social_options":{"image_generator_settings":{"template":"highway","default_image_id":0,"font":"","enabled":false},"version":2}},"categories":[1],"tags":[25],"class_list":["post-461836","post","type-post","status-publish","format-standard","hentry","category-uncategorized","tag-piratensender"],"jetpack_publicize_connections":[],"jetpack_featured_media_url":"","jetpack_sharing_enabled":true,"jetpack_shortlink":"https:\/\/wp.me\/p5CD59-1W8Y","jetpack-related-posts":[{"id":463989,"url":"https:\/\/www.achimbrueckner.de\/freeradio\/php\/wordpress\/?p=463989","url_meta":{"origin":461836,"position":0},"title":"Als die Polizei gegen einen Piratensender durchgriff","author":"Administrator","date":"September 8, 2020 17:09","format":false,"excerpt":"https:\/\/www.idowa.de\/inhalt.achtung-achtung-hier-spricht-radio-suenching-als-die-polizei-gegen-einen-piratensender-durchgriff.9922f917-c0a9-4594-9361-48578eb6169c.html","rel":"","context":"In \"Piratensender\"","block_context":{"text":"Piratensender","link":"https:\/\/www.achimbrueckner.de\/freeradio\/php\/wordpress\/?tag=piratensender"},"img":{"alt_text":"","src":"","width":0,"height":0},"classes":[]},{"id":2300,"url":"https:\/\/www.achimbrueckner.de\/freeradio\/php\/wordpress\/?p=2300","url_meta":{"origin":461836,"position":1},"title":"Piratensender Powerplay","author":"Administrator","date":"March 29, 2007 16:54","format":false,"excerpt":"Auf wikipedia ist ein Artikel zum Kultfilm der 80er Jahre Piratensender Powerplay erschienen. Die beiden Supernasen Tommy und Mike betreiben einen Piratensender aus einem Wohnmobil heraus.","rel":"","context":"In &quot;links&quot;","block_context":{"text":"links","link":"https:\/\/www.achimbrueckner.de\/freeradio\/php\/wordpress\/?cat=9"},"img":{"alt_text":"","src":"","width":0,"height":0},"classes":[]},{"id":11126,"url":"https:\/\/www.achimbrueckner.de\/freeradio\/php\/wordpress\/?p=11126","url_meta":{"origin":461836,"position":2},"title":"Internet-Piratensender ausgehoben","author":"Administrator","date":"March 14, 2009 08:04","format":false,"excerpt":"Die Berliner Morgenpost berichtet \u00fcber einen rechtsextremen Internet-Piratensender, der ausgebohen wurde.","rel":"","context":"In \"Piratensender\"","block_context":{"text":"Piratensender","link":"https:\/\/www.achimbrueckner.de\/freeradio\/php\/wordpress\/?tag=piratensender"},"img":{"alt_text":"","src":"","width":0,"height":0},"classes":[]},{"id":5078,"url":"https:\/\/www.achimbrueckner.de\/freeradio\/php\/wordpress\/?p=5078","url_meta":{"origin":461836,"position":3},"title":"Niederl\u00e4ndischer Piratensender legalisiert","author":"Administrator","date":"December 29, 2007 22:04","format":false,"excerpt":"\u00dcber einen niederl\u00e4ndischen legalisierten Piratensender berichtet Stefan Hagedorn hier. Quelle: www.transponder-news.de","rel":"","context":"In \"Piratensender\"","block_context":{"text":"Piratensender","link":"https:\/\/www.achimbrueckner.de\/freeradio\/php\/wordpress\/?tag=piratensender"},"img":{"alt_text":"","src":"","width":0,"height":0},"classes":[]},{"id":22515,"url":"https:\/\/www.achimbrueckner.de\/freeradio\/php\/wordpress\/?p=22515","url_meta":{"origin":461836,"position":4},"title":"Athener Piratensender","author":"Administrator","date":"June 20, 2011 16:06","format":false,"excerpt":"Tagesschau.de berichtet \u00fcber einen Athener Piratensender http:\/\/www.tagesschau.de\/ausland\/griechenlandvertrauensfrage102.html Info via Twitter","rel":"","context":"In \"Piratensender\"","block_context":{"text":"Piratensender","link":"https:\/\/www.achimbrueckner.de\/freeradio\/php\/wordpress\/?tag=piratensender"},"img":{"alt_text":"","src":"","width":0,"height":0},"classes":[]},{"id":12512,"url":"https:\/\/www.achimbrueckner.de\/freeradio\/php\/wordpress\/?p=12512","url_meta":{"origin":461836,"position":5},"title":"Autonome installieren Piratensender","author":"Administrator","date":"June 15, 2009 15:07","format":false,"excerpt":"Die Berliner Morgenpost berichtet \u00fcber einen Piratensender auf 95.2 Mhz in Berlin. Weitere Artikel auf google-news. Auch im Radioforum wird diskutiert.","rel":"","context":"In &quot;dxtuners&quot;","block_context":{"text":"dxtuners","link":"https:\/\/www.achimbrueckner.de\/freeradio\/php\/wordpress\/?cat=10"},"img":{"alt_text":"","src":"","width":0,"height":0},"classes":[]}],"_links":{"self":[{"href":"https:\/\/www.achimbrueckner.de\/freeradio\/php\/wordpress\/index.php?rest_route=\/wp\/v2\/posts\/461836","targetHints":{"allow":["GET"]}}],"collection":[{"href":"https:\/\/www.achimbrueckner.de\/freeradio\/php\/wordpress\/index.php?rest_route=\/wp\/v2\/posts"}],"about":[{"href":"https:\/\/www.achimbrueckner.de\/freeradio\/php\/wordpress\/index.php?rest_route=\/wp\/v2\/types\/post"}],"author":[{"embeddable":true,"href":"https:\/\/www.achimbrueckner.de\/freeradio\/php\/wordpress\/index.php?rest_route=\/wp\/v2\/users\/1"}],"replies":[{"embeddable":true,"href":"https:\/\/www.achimbrueckner.de\/freeradio\/php\/wordpress\/index.php?rest_route=%2Fwp%2Fv2%2Fcomments&post=461836"}],"version-history":[{"count":0,"href":"https:\/\/www.achimbrueckner.de\/freeradio\/php\/wordpress\/index.php?rest_route=\/wp\/v2\/posts\/461836\/revisions"}],"wp:attachment":[{"href":"https:\/\/www.achimbrueckner.de\/freeradio\/php\/wordpress\/index.php?rest_route=%2Fwp%2Fv2%2Fmedia&parent=461836"}],"wp:term":[{"taxonomy":"category","embeddable":true,"href":"https:\/\/www.achimbrueckner.de\/freeradio\/php\/wordpress\/index.php?rest_route=%2Fwp%2Fv2%2Fcategories&post=461836"},{"taxonomy":"post_tag","embeddable":true,"href":"https:\/\/www.achimbrueckner.de\/freeradio\/php\/wordpress\/index.php?rest_route=%2Fwp%2Fv2%2Ftags&post=461836"}],"curies":[{"name":"wp","href":"https:\/\/api.w.org\/{rel}","templated":true}]}}