{"id":461885,"date":"2019-11-08T23:50:46","date_gmt":"2019-11-08T23:50:46","guid":{"rendered":"https:\/\/www.achimbrueckner.de\/freeradio\/php\/wordpress\/?p=461885"},"modified":"2019-11-08T23:50:46","modified_gmt":"2019-11-08T23:50:46","slug":"radio-fantasy-hat-sich-nicht-auf-frequenzneuaufteilung-beworben","status":"publish","type":"post","link":"https:\/\/www.achimbrueckner.de\/freeradio\/php\/wordpress\/?p=461885","title":{"rendered":"Radio Fantasy hat sich nicht auf Frequenzneuaufteilung beworben"},"content":{"rendered":"<p><a href=\"https:\/\/www.grenzecho.net\/24723\/artikel\/2019-11-06\/radio-fantasy-hat-sich-nicht-auf-frequenzneuaufteilung-beworben\" rel=\"noopener noreferrer\" target=\"_blank\">https:\/\/www.grenzecho.net\/24723\/artikel\/2019-11-06\/radio-fantasy-hat-sich-nicht-auf-frequenzneuaufteilung-beworben<\/a><\/p>\n","protected":false},"excerpt":{"rendered":"<p>https:\/\/www.grenzecho.net\/24723\/artikel\/2019-11-06\/radio-fantasy-hat-sich-nicht-auf-frequenzneuaufteilung-beworben<\/p>\n","protected":false},"author":1,"featured_media":0,"comment_status":"closed","ping_status":"open","sticky":false,"template":"","format":"standard","meta":{"_jetpack_memberships_contains_paid_content":false,"footnotes":"","jetpack_publicize_message":"","jetpack_publicize_feature_enabled":true,"jetpack_social_post_already_shared":true,"jetpack_social_options":{"image_generator_settings":{"template":"highway","default_image_id":0,"font":"","enabled":false},"version":2}},"categories":[1],"tags":[],"class_list":["post-461885","post","type-post","status-publish","format-standard","hentry","category-uncategorized"],"jetpack_publicize_connections":[],"jetpack_featured_media_url":"","jetpack_sharing_enabled":true,"jetpack_shortlink":"https:\/\/wp.me\/p5CD59-1W9L","jetpack-related-posts":[{"id":467121,"url":"https:\/\/www.achimbrueckner.de\/freeradio\/php\/wordpress\/?p=467121","url_meta":{"origin":461885,"position":0},"title":"NMD Radio 6300 Khz","author":"Administrator","date":"June 7, 2022 18:17","format":false,"excerpt":"Nach langer Zeit war NMD Radio heute auf 6300 Khz zu h\u00f6ren. Die Station hat sch\u00f6ne Jingles im Paket, die auch noch nicht angestaubt sind. Reports gehen an nmdradio@hotmail.com. Zur Zeit beschr\u00e4nkt sich die Aktivit\u00e4t unter der Woche auf abends nach 1700 Utc.","rel":"","context":"In &quot;dxtuners&quot;","block_context":{"text":"dxtuners","link":"https:\/\/www.achimbrueckner.de\/freeradio\/php\/wordpress\/?cat=10"},"img":{"alt_text":"","src":"","width":0,"height":0},"classes":[]},{"id":489,"url":"https:\/\/www.achimbrueckner.de\/freeradio\/php\/wordpress\/?p=489","url_meta":{"origin":461885,"position":1},"title":"Laser Hot Hits","author":"The_Radio_Monitor","date":"March 19, 2006 08:20","format":false,"excerpt":"In der Tat hat Laser Hot Hits die Frequenz gewechselt und sendet jetzt auf 6275 kHz statt 6285 kHz. Damit hat sich Laser wieder einen der beliebtesten Free-Radio-Kan\u00e4le im 48-m-Band ausgesucht ... und ob die starken holl\u00e4ndischen Stationen Laser dort nicht wieder pl\u00e4tten, wird sich bald zeigen. 6220 kHz befindet\u2026","rel":"","context":"In &quot;Empfang&quot;","block_context":{"text":"Empfang","link":"https:\/\/www.achimbrueckner.de\/freeradio\/php\/wordpress\/?cat=3"},"img":{"alt_text":"","src":"","width":0,"height":0},"classes":[]},{"id":751,"url":"https:\/\/www.achimbrueckner.de\/freeradio\/php\/wordpress\/?p=751","url_meta":{"origin":461885,"position":2},"title":"Delta Radio","author":"Administrator","date":"July 23, 2006 09:03","format":false,"excerpt":"Etwas st\u00e4rker als Paardenkracht ist um 0900 Utc auf der 6290 Khz Delta Radio. H\u00f6rgenu\u00df bietet das Ganze nicht, O=3 bei S=9+10dB, weil die St\u00f6rungen doch betr\u00e4chtlich sind. Gespielt wird Pop-Musik aus den 80er Jahren. Warum sich Delta Radio diese schon belegte Frequenz ausgesucht hat, bleibt das Geheimnis des OPs.","rel":"","context":"In &quot;Empfang&quot;","block_context":{"text":"Empfang","link":"https:\/\/www.achimbrueckner.de\/freeradio\/php\/wordpress\/?cat=3"},"img":{"alt_text":"","src":"","width":0,"height":0},"classes":[]},{"id":455160,"url":"https:\/\/www.achimbrueckner.de\/freeradio\/php\/wordpress\/?p=455160","url_meta":{"origin":461885,"position":3},"title":"Borderhunter Summer Meeting 2017","author":"Administrator","date":"June 28, 2017 15:39","format":false,"excerpt":"Borderhunter Summer Meeting 2017 information. Hi Free Radio and pirate fans! It's already time for another one! From the 30th June to the 2th of July 2017, everyone of distinction in the scene meets once again \u2013 both listeners and stations! On this particular weekend, it\u2019s provisionally planned that the\u2026","rel":"","context":"In &quot;English&quot;","block_context":{"text":"English","link":"https:\/\/www.achimbrueckner.de\/freeradio\/php\/wordpress\/?cat=2"},"img":{"alt_text":"","src":"","width":0,"height":0},"classes":[]},{"id":2877,"url":"https:\/\/www.achimbrueckner.de\/freeradio\/php\/wordpress\/?p=2877","url_meta":{"origin":461885,"position":4},"title":"Radio S\u00fcdsee Melodie","author":"Administrator","date":"December 21, 2003 12:27","format":false,"excerpt":"Eine neue Station gab es heute erst auf 6281 und dann auf 6290 Khz: Radio S\u00fcdsee Melodie, kam hier mit recht starken Signal aber nicht ganz interferenzfrei an. Das Programm bestand aus S\u00fcdseekl\u00e4ngen und an der Moderatorenstimme war unschwer zu erkennen, das sich ein alter Bekannter der deutschen FR-Szene etwas\u2026","rel":"","context":"In &quot;Empfang&quot;","block_context":{"text":"Empfang","link":"https:\/\/www.achimbrueckner.de\/freeradio\/php\/wordpress\/?cat=3"},"img":{"alt_text":"","src":"","width":0,"height":0},"classes":[]},{"id":35177,"url":"https:\/\/www.achimbrueckner.de\/freeradio\/php\/wordpress\/?p=35177","url_meta":{"origin":461885,"position":5},"title":"3. Seepiraten-Nacht am Samstag, 30. August ab 20 Uhr","author":"Administrator","date":"August 30, 2014 13:32","format":false,"excerpt":"3. Seepiraten-Nacht am Samstag, 30. August ab 20 Uhr: Sondersendung zum 40. Jahrestag des Verbots von Seesendern vor der niederl\u00e4ndischen K\u00fcste von Gunnar Leohnard (Eisenach). Am 31. August 1974 verstummten die ber\u00fchmt-ber\u00fcchtigten Piraten-Radiosender vor der holl\u00e4ndischen K\u00fcste. Radio Veronica, Radio Atlantis und Radio Nordsee International wurden abgeschaltet, Radio Caroline verlagerte\u2026","rel":"","context":"In \"AM\"","block_context":{"text":"AM","link":"https:\/\/www.achimbrueckner.de\/freeradio\/php\/wordpress\/?tag=am"},"img":{"alt_text":"","src":"","width":0,"height":0},"classes":[]}],"_links":{"self":[{"href":"https:\/\/www.achimbrueckner.de\/freeradio\/php\/wordpress\/index.php?rest_route=\/wp\/v2\/posts\/461885","targetHints":{"allow":["GET"]}}],"collection":[{"href":"https:\/\/www.achimbrueckner.de\/freeradio\/php\/wordpress\/index.php?rest_route=\/wp\/v2\/posts"}],"about":[{"href":"https:\/\/www.achimbrueckner.de\/freeradio\/php\/wordpress\/index.php?rest_route=\/wp\/v2\/types\/post"}],"author":[{"embeddable":true,"href":"https:\/\/www.achimbrueckner.de\/freeradio\/php\/wordpress\/index.php?rest_route=\/wp\/v2\/users\/1"}],"replies":[{"embeddable":true,"href":"https:\/\/www.achimbrueckner.de\/freeradio\/php\/wordpress\/index.php?rest_route=%2Fwp%2Fv2%2Fcomments&post=461885"}],"version-history":[{"count":0,"href":"https:\/\/www.achimbrueckner.de\/freeradio\/php\/wordpress\/index.php?rest_route=\/wp\/v2\/posts\/461885\/revisions"}],"wp:attachment":[{"href":"https:\/\/www.achimbrueckner.de\/freeradio\/php\/wordpress\/index.php?rest_route=%2Fwp%2Fv2%2Fmedia&parent=461885"}],"wp:term":[{"taxonomy":"category","embeddable":true,"href":"https:\/\/www.achimbrueckner.de\/freeradio\/php\/wordpress\/index.php?rest_route=%2Fwp%2Fv2%2Fcategories&post=461885"},{"taxonomy":"post_tag","embeddable":true,"href":"https:\/\/www.achimbrueckner.de\/freeradio\/php\/wordpress\/index.php?rest_route=%2Fwp%2Fv2%2Ftags&post=461885"}],"curies":[{"name":"wp","href":"https:\/\/api.w.org\/{rel}","templated":true}]}}