{"id":461886,"date":"2019-11-08T23:53:51","date_gmt":"2019-11-08T23:53:51","guid":{"rendered":"https:\/\/www.achimbrueckner.de\/freeradio\/php\/wordpress\/?p=461886"},"modified":"2019-11-08T23:53:51","modified_gmt":"2019-11-08T23:53:51","slug":"ausstellung-letzebuerg-am-zweete-weltkrich-in-petingen","status":"publish","type":"post","link":"https:\/\/www.achimbrueckner.de\/freeradio\/php\/wordpress\/?p=461886","title":{"rendered":"Ausstellung &#8220;L\u00ebtzebuerg am Zweete Weltkrich&#8221; in Petingen"},"content":{"rendered":"<p><a href=\"https:\/\/www.wort.lu\/de\/lokales\/ausstellung-letzebuerg-am-zweete-weltkrich-in-petingen-5dc28e9eda2cc1784e34f308\" rel=\"noopener noreferrer\" target=\"_blank\">https:\/\/www.wort.lu\/de\/lokales\/ausstellung-letzebuerg-am-zweete-weltkrich-in-petingen-5dc28e9eda2cc1784e34f308<\/a><\/p>\n","protected":false},"excerpt":{"rendered":"<p>https:\/\/www.wort.lu\/de\/lokales\/ausstellung-letzebuerg-am-zweete-weltkrich-in-petingen-5dc28e9eda2cc1784e34f308<\/p>\n","protected":false},"author":1,"featured_media":0,"comment_status":"closed","ping_status":"open","sticky":false,"template":"","format":"standard","meta":{"_jetpack_memberships_contains_paid_content":false,"footnotes":"","jetpack_publicize_message":"","jetpack_publicize_feature_enabled":true,"jetpack_social_post_already_shared":true,"jetpack_social_options":{"image_generator_settings":{"template":"highway","default_image_id":0,"font":"","enabled":false},"version":2}},"categories":[1],"tags":[22],"class_list":["post-461886","post","type-post","status-publish","format-standard","hentry","category-uncategorized","tag-am"],"jetpack_publicize_connections":[],"jetpack_featured_media_url":"","jetpack_sharing_enabled":true,"jetpack_shortlink":"https:\/\/wp.me\/p5CD59-1W9M","jetpack-related-posts":[{"id":34781,"url":"https:\/\/www.achimbrueckner.de\/freeradio\/php\/wordpress\/?p=34781","url_meta":{"origin":461886,"position":0},"title":"Mittelalter-Ausstellung Credo Paderborn","author":"Administrator","date":"July 26, 2013 20:30","format":false,"excerpt":"Mittelalter-Ausstellung Credo Paderborn http:\/\/www.nw-news.de\/owl\/kreis_paderborn\/paderborn\/paderborn\/8937072_Gauck_hat_Credo_Ausstellung_eroeffnet.html http:\/\/www.westfalen-blatt.de\/nachricht\/2013-07-26-bundespraesident-gauck-eroeffnet-ausstellung-credo-9237973\/613\/","rel":"","context":"In &quot;privat&quot;","block_context":{"text":"privat","link":"https:\/\/www.achimbrueckner.de\/freeradio\/php\/wordpress\/?cat=37"},"img":{"alt_text":"","src":"","width":0,"height":0},"classes":[]},{"id":459894,"url":"https:\/\/www.achimbrueckner.de\/freeradio\/php\/wordpress\/?p=459894","url_meta":{"origin":461886,"position":1},"title":"Ausstellung Piraten auf Sendung","author":"Administrator","date":"January 11, 2019 17:32","format":false,"excerpt":"https:\/\/www.sueddeutsche.de\/kultur\/ausstellung-piraten-auf-sendung-1.4283268","rel":"","context":"Similar post","block_context":{"text":"Similar post","link":""},"img":{"alt_text":"","src":"","width":0,"height":0},"classes":[]},{"id":462807,"url":"https:\/\/www.achimbrueckner.de\/freeradio\/php\/wordpress\/?p=462807","url_meta":{"origin":461886,"position":2},"title":"Bis zum 30. April ist die Ausstellung \u201eROTSTIFT. Medienmacht, Zensur und \u00d6ffentlichkeit in der DDR\u201c im Archiv B\u00fcrgerbewegung zu besichtigen","author":"Administrator","date":"March 17, 2020 16:19","format":false,"excerpt":"Ua \u00fcber Radio Glasnost: https:\/\/www.l-iz.de\/kultur\/ausstellungen\/2020\/03\/Bis-zum-30-April-ist-die-Ausstellung-ROTSTIFT-Medienmacht-Zensur-und-Oeffentlichkeit-in-der-DDR-im-Archiv-Buergerbewegung-zu-besichtigen-321215","rel":"","context":"In \"Medien\"","block_context":{"text":"Medien","link":"https:\/\/www.achimbrueckner.de\/freeradio\/php\/wordpress\/?tag=medien"},"img":{"alt_text":"","src":"","width":0,"height":0},"classes":[]},{"id":14459,"url":"https:\/\/www.achimbrueckner.de\/freeradio\/php\/wordpress\/?p=14459","url_meta":{"origin":461886,"position":3},"title":"Illegaler Sender Leipzig","author":"Administrator","date":"October 21, 2009 16:13","format":false,"excerpt":"Der RHCI berichtet \u00fcber einen illegalen Sender in Leipzig-Holzhausen (1961-1962) auf UKW 98 und 99 Mhz: Bilder einer Ausstellung im Leipziger Rathaus: http:\/\/www.rhci-online.de\/RHCI-Mail-Oktober-2-2009.pdf Info via RHCI","rel":"","context":"In \"UKW\"","block_context":{"text":"UKW","link":"https:\/\/www.achimbrueckner.de\/freeradio\/php\/wordpress\/?tag=ukw"},"img":{"alt_text":"","src":"","width":0,"height":0},"classes":[]},{"id":458546,"url":"https:\/\/www.achimbrueckner.de\/freeradio\/php\/wordpress\/?p=458546","url_meta":{"origin":461886,"position":4},"title":"DER 18. ERKRATHER RADIOTAG Samstag , 30.Juni 2018","author":"Administrator","date":"March 25, 2018 18:11","format":false,"excerpt":"DER 18. ERKRATHER RADIOTAG Samstag , 30.Juni 2018 An diesem Samstag sind wir zum zweiten Mal Gast im Technischen Museum QQTec in Hilden! Diese Location mit ihrer umfangreichen Ausstellung war auf gro\u00dfe Begeisterung der Besucher im vorigen Jahr gestossen. Die Koordinierung mit anderen Veranstaltung f\u00fchrte zu diesem neuen und ungew\u00f6hnlichen\u2026","rel":"","context":"In &quot;Camps&quot;","block_context":{"text":"Camps","link":"https:\/\/www.achimbrueckner.de\/freeradio\/php\/wordpress\/?cat=6"},"img":{"alt_text":"","src":"","width":0,"height":0},"classes":[]},{"id":525,"url":"https:\/\/www.achimbrueckner.de\/freeradio\/php\/wordpress\/?p=525","url_meta":{"origin":461886,"position":5},"title":"Merchweiler","author":"Administrator","date":"April 4, 2006 15:15","format":false,"excerpt":"SWLCS-KURZWELLENH\u00d6RERCLUB SAAR, Postfach 1230, D-66585 Merchweiler, Deutschland www.swlcs.de Email: p_hell(-a-)freenet.de Telefon u. FAX : 06825 \/ 8380 EINLADUNG RUNDFUNK INTERNATIONAL Unter diesem Motto findet das 32. INTERNATIONALE SWLCS-DX-CAMP in der Zeit vom 21.. bis einschlie\u00dflich 23. Juli 2006 in Merchweiler im Herzen des Saarlandes statt. W\u00e4hrend dieser drei Tage werden\u2026","rel":"","context":"In &quot;Camps&quot;","block_context":{"text":"Camps","link":"https:\/\/www.achimbrueckner.de\/freeradio\/php\/wordpress\/?cat=6"},"img":{"alt_text":"","src":"","width":0,"height":0},"classes":[]}],"_links":{"self":[{"href":"https:\/\/www.achimbrueckner.de\/freeradio\/php\/wordpress\/index.php?rest_route=\/wp\/v2\/posts\/461886","targetHints":{"allow":["GET"]}}],"collection":[{"href":"https:\/\/www.achimbrueckner.de\/freeradio\/php\/wordpress\/index.php?rest_route=\/wp\/v2\/posts"}],"about":[{"href":"https:\/\/www.achimbrueckner.de\/freeradio\/php\/wordpress\/index.php?rest_route=\/wp\/v2\/types\/post"}],"author":[{"embeddable":true,"href":"https:\/\/www.achimbrueckner.de\/freeradio\/php\/wordpress\/index.php?rest_route=\/wp\/v2\/users\/1"}],"replies":[{"embeddable":true,"href":"https:\/\/www.achimbrueckner.de\/freeradio\/php\/wordpress\/index.php?rest_route=%2Fwp%2Fv2%2Fcomments&post=461886"}],"version-history":[{"count":0,"href":"https:\/\/www.achimbrueckner.de\/freeradio\/php\/wordpress\/index.php?rest_route=\/wp\/v2\/posts\/461886\/revisions"}],"wp:attachment":[{"href":"https:\/\/www.achimbrueckner.de\/freeradio\/php\/wordpress\/index.php?rest_route=%2Fwp%2Fv2%2Fmedia&parent=461886"}],"wp:term":[{"taxonomy":"category","embeddable":true,"href":"https:\/\/www.achimbrueckner.de\/freeradio\/php\/wordpress\/index.php?rest_route=%2Fwp%2Fv2%2Fcategories&post=461886"},{"taxonomy":"post_tag","embeddable":true,"href":"https:\/\/www.achimbrueckner.de\/freeradio\/php\/wordpress\/index.php?rest_route=%2Fwp%2Fv2%2Ftags&post=461886"}],"curies":[{"name":"wp","href":"https:\/\/api.w.org\/{rel}","templated":true}]}}