{"id":462090,"date":"2019-12-17T18:05:36","date_gmt":"2019-12-17T18:05:36","guid":{"rendered":"https:\/\/www.achimbrueckner.de\/freeradio\/php\/wordpress\/?p=462090"},"modified":"2019-12-17T18:05:36","modified_gmt":"2019-12-17T18:05:36","slug":"radio-bavaria-international-das-original-ist-zuruck","status":"publish","type":"post","link":"https:\/\/www.achimbrueckner.de\/freeradio\/php\/wordpress\/?p=462090","title":{"rendered":"Radio Bavaria International: Das Original ist zur\u00fcck!"},"content":{"rendered":"<p><a href=\"https:\/\/www.radioszene.de\/139053\/radio-bavaria-international-zurueck.html\" rel=\"noopener noreferrer\" target=\"_blank\">https:\/\/www.radioszene.de\/139053\/radio-bavaria-international-zurueck.html<\/a><\/p>\n","protected":false},"excerpt":{"rendered":"<p>https:\/\/www.radioszene.de\/139053\/radio-bavaria-international-zurueck.html<\/p>\n","protected":false},"author":1,"featured_media":0,"comment_status":"closed","ping_status":"open","sticky":false,"template":"","format":"standard","meta":{"_jetpack_memberships_contains_paid_content":false,"footnotes":"","jetpack_publicize_message":"","jetpack_publicize_feature_enabled":true,"jetpack_social_post_already_shared":true,"jetpack_social_options":{"image_generator_settings":{"template":"highway","default_image_id":0,"font":"","enabled":false},"version":2}},"categories":[1],"tags":[],"class_list":["post-462090","post","type-post","status-publish","format-standard","hentry","category-uncategorized"],"jetpack_publicize_connections":[],"jetpack_featured_media_url":"","jetpack_sharing_enabled":true,"jetpack_shortlink":"https:\/\/wp.me\/p5CD59-1Wd4","jetpack-related-posts":[{"id":462087,"url":"https:\/\/www.achimbrueckner.de\/freeradio\/php\/wordpress\/?p=462087","url_meta":{"origin":462090,"position":0},"title":"Radio Bavaria International zur\u00fcck via laut.fm","author":"Administrator","date":"December 16, 2019 16:26","format":false,"excerpt":"Radio Bavaria International - The legend is back! Zum dritten Advent 2019 bescherte der Radiopionier J\u00fcrgen von Wedel den alpinen Radiofreunden eine vorgezogene Weihnachts\u00fcberraschung. Mit dem heutigen Restart von Radio Bavaria International ist die Legende zur\u00fcck im Netz. Es handelte sich dabei um den ersten deutschsprachigen Privatsender, der gezielt von\u2026","rel":"","context":"In \"AM\"","block_context":{"text":"AM","link":"https:\/\/www.achimbrueckner.de\/freeradio\/php\/wordpress\/?tag=am"},"img":{"alt_text":"","src":"","width":0,"height":0},"classes":[]},{"id":13701,"url":"https:\/\/www.achimbrueckner.de\/freeradio\/php\/wordpress\/?p=13701","url_meta":{"origin":462090,"position":1},"title":"Radio Bavaria International","author":"Administrator","date":"August 31, 2009 16:35","format":false,"excerpt":"Radio Bavaria International (RBI), der absolute Pionier der Privatradios aus S\u00fcdtirol, ist wieder da; und zwar in Form einer zweist\u00fcndigen Radioshow, die alle 14 Tage auf Caf\u00c3\u00a9 80s FM ausgestrahlt wird. Die beiden Moderatoren Mike Cain (Foto links) und J\u00fcrgen von Wedel, seinerzeit Mitbegr\u00fcnder von Radio Bavaria International, lassen ab\u2026","rel":"","context":"In &quot;webradio&quot;","block_context":{"text":"webradio","link":"https:\/\/www.achimbrueckner.de\/freeradio\/php\/wordpress\/?cat=13"},"img":{"alt_text":"","src":"","width":0,"height":0},"classes":[]},{"id":460666,"url":"https:\/\/www.achimbrueckner.de\/freeradio\/php\/wordpress\/?p=460666","url_meta":{"origin":462090,"position":2},"title":"InfoDigital aktuell: 40 Jahre Radio Bavaria International","author":"Administrator","date":"May 16, 2019 17:13","format":false,"excerpt":"https:\/\/www.infosat.de\/radio\/infodigital-aktuell-40-jahre-radio-bavaria-international","rel":"","context":"Similar post","block_context":{"text":"Similar post","link":""},"img":{"alt_text":"","src":"","width":0,"height":0},"classes":[]},{"id":462092,"url":"https:\/\/www.achimbrueckner.de\/freeradio\/php\/wordpress\/?p=462092","url_meta":{"origin":462090,"position":3},"title":"Radio Bavaria International: Webradio soll an Privatfunk-Pionier erinnern","author":"Administrator","date":"December 17, 2019 18:10","format":false,"excerpt":"https:\/\/www.smartphonefan.de\/2019\/12\/17\/radio-bavaria-international-webradio-erinnert-an-privatfunk-pionier\/","rel":"","context":"In \"web\"","block_context":{"text":"web","link":"https:\/\/www.achimbrueckner.de\/freeradio\/php\/wordpress\/?tag=web"},"img":{"alt_text":"","src":"","width":0,"height":0},"classes":[]},{"id":467052,"url":"https:\/\/www.achimbrueckner.de\/freeradio\/php\/wordpress\/?p=467052","url_meta":{"origin":462090,"position":4},"title":"Radio Bavaria International: Mitgr\u00fcnder erinnert mit Video an legend\u00e4ren Privatsender","author":"Administrator","date":"May 22, 2022 08:48","format":false,"excerpt":"https:\/\/www.smartphonefan.de\/2022\/05\/19\/radio-bavaria-international-mitgruender-erinnert-mit-video-an-legendaeren-privatsender\/","rel":"","context":"Similar post","block_context":{"text":"Similar post","link":""},"img":{"alt_text":"","src":"","width":0,"height":0},"classes":[]},{"id":37587,"url":"https:\/\/www.achimbrueckner.de\/freeradio\/php\/wordpress\/?p=37587","url_meta":{"origin":462090,"position":5},"title":"Offshore Memories Radio Bavaria International","author":"Administrator","date":"December 22, 2014 14:59","format":false,"excerpt":"Offshore Memories Musikalische Erinnerungen an legend\u00e4re Seesender bietet Radio Bavaria International ab 2015 immer donnerstags von 20.00 bis 22.00 Uhr. Mike Uhini erinnert an Stationen wie Radio Caroline, Radio Veronica, Radio Nordsee International oder Big L Radio London. Im Mittelpunkt der Show stehen die Charts, die damals von den Radio-Schiffen\u2026","rel":"","context":"In \"AM\"","block_context":{"text":"AM","link":"https:\/\/www.achimbrueckner.de\/freeradio\/php\/wordpress\/?tag=am"},"img":{"alt_text":"","src":"","width":0,"height":0},"classes":[]}],"_links":{"self":[{"href":"https:\/\/www.achimbrueckner.de\/freeradio\/php\/wordpress\/index.php?rest_route=\/wp\/v2\/posts\/462090","targetHints":{"allow":["GET"]}}],"collection":[{"href":"https:\/\/www.achimbrueckner.de\/freeradio\/php\/wordpress\/index.php?rest_route=\/wp\/v2\/posts"}],"about":[{"href":"https:\/\/www.achimbrueckner.de\/freeradio\/php\/wordpress\/index.php?rest_route=\/wp\/v2\/types\/post"}],"author":[{"embeddable":true,"href":"https:\/\/www.achimbrueckner.de\/freeradio\/php\/wordpress\/index.php?rest_route=\/wp\/v2\/users\/1"}],"replies":[{"embeddable":true,"href":"https:\/\/www.achimbrueckner.de\/freeradio\/php\/wordpress\/index.php?rest_route=%2Fwp%2Fv2%2Fcomments&post=462090"}],"version-history":[{"count":0,"href":"https:\/\/www.achimbrueckner.de\/freeradio\/php\/wordpress\/index.php?rest_route=\/wp\/v2\/posts\/462090\/revisions"}],"wp:attachment":[{"href":"https:\/\/www.achimbrueckner.de\/freeradio\/php\/wordpress\/index.php?rest_route=%2Fwp%2Fv2%2Fmedia&parent=462090"}],"wp:term":[{"taxonomy":"category","embeddable":true,"href":"https:\/\/www.achimbrueckner.de\/freeradio\/php\/wordpress\/index.php?rest_route=%2Fwp%2Fv2%2Fcategories&post=462090"},{"taxonomy":"post_tag","embeddable":true,"href":"https:\/\/www.achimbrueckner.de\/freeradio\/php\/wordpress\/index.php?rest_route=%2Fwp%2Fv2%2Ftags&post=462090"}],"curies":[{"name":"wp","href":"https:\/\/api.w.org\/{rel}","templated":true}]}}