{"id":462092,"date":"2019-12-17T18:10:52","date_gmt":"2019-12-17T18:10:52","guid":{"rendered":"https:\/\/www.achimbrueckner.de\/freeradio\/php\/wordpress\/?p=462092"},"modified":"2019-12-17T18:10:52","modified_gmt":"2019-12-17T18:10:52","slug":"radio-bavaria-international-webradio-soll-an-privatfunk-pionier-erinnern","status":"publish","type":"post","link":"https:\/\/www.achimbrueckner.de\/freeradio\/php\/wordpress\/?p=462092","title":{"rendered":"Radio Bavaria International: Webradio soll an Privatfunk-Pionier erinnern"},"content":{"rendered":"<p><a href=\"https:\/\/www.smartphonefan.de\/2019\/12\/17\/radio-bavaria-international-webradio-erinnert-an-privatfunk-pionier\/\" rel=\"noopener noreferrer\" target=\"_blank\">https:\/\/www.smartphonefan.de\/2019\/12\/17\/radio-bavaria-international-webradio-erinnert-an-privatfunk-pionier\/<\/a><\/p>\n","protected":false},"excerpt":{"rendered":"<p>https:\/\/www.smartphonefan.de\/2019\/12\/17\/radio-bavaria-international-webradio-erinnert-an-privatfunk-pionier\/<\/p>\n","protected":false},"author":1,"featured_media":0,"comment_status":"closed","ping_status":"open","sticky":false,"template":"","format":"standard","meta":{"_jetpack_memberships_contains_paid_content":false,"footnotes":"","jetpack_publicize_message":"","jetpack_publicize_feature_enabled":true,"jetpack_social_post_already_shared":true,"jetpack_social_options":{"image_generator_settings":{"template":"highway","default_image_id":0,"font":"","enabled":false},"version":2}},"categories":[1],"tags":[26],"class_list":["post-462092","post","type-post","status-publish","format-standard","hentry","category-uncategorized","tag-web"],"jetpack_publicize_connections":[],"jetpack_featured_media_url":"","jetpack_sharing_enabled":true,"jetpack_shortlink":"https:\/\/wp.me\/p5CD59-1Wd6","jetpack-related-posts":[{"id":13701,"url":"https:\/\/www.achimbrueckner.de\/freeradio\/php\/wordpress\/?p=13701","url_meta":{"origin":462092,"position":0},"title":"Radio Bavaria International","author":"Administrator","date":"August 31, 2009 16:35","format":false,"excerpt":"Radio Bavaria International (RBI), der absolute Pionier der Privatradios aus S\u00fcdtirol, ist wieder da; und zwar in Form einer zweist\u00fcndigen Radioshow, die alle 14 Tage auf Caf\u00c3\u00a9 80s FM ausgestrahlt wird. Die beiden Moderatoren Mike Cain (Foto links) und J\u00fcrgen von Wedel, seinerzeit Mitbegr\u00fcnder von Radio Bavaria International, lassen ab\u2026","rel":"","context":"In &quot;webradio&quot;","block_context":{"text":"webradio","link":"https:\/\/www.achimbrueckner.de\/freeradio\/php\/wordpress\/?cat=13"},"img":{"alt_text":"","src":"","width":0,"height":0},"classes":[]},{"id":6821,"url":"https:\/\/www.achimbrueckner.de\/freeradio\/php\/wordpress\/?p=6821","url_meta":{"origin":462092,"position":1},"title":"Radio Pionier","author":"Administrator","date":"May 12, 2008 08:04","format":false,"excerpt":"Radio Pionier is on 6401 Khz at 0800 Utc with SINPO 34433 in United Kingdom. Plays some Oldies and dutch music.","rel":"","context":"In &quot;dxtuners&quot;","block_context":{"text":"dxtuners","link":"https:\/\/www.achimbrueckner.de\/freeradio\/php\/wordpress\/?cat=10"},"img":{"alt_text":"","src":"","width":0,"height":0},"classes":[]},{"id":462108,"url":"https:\/\/www.achimbrueckner.de\/freeradio\/php\/wordpress\/?p=462108","url_meta":{"origin":462092,"position":2},"title":"Legend\u00e4rer M\u00fcnchner Radio-Pionier feiert Comeback: Sendung war einzigartig","author":"Administrator","date":"December 20, 2019 16:07","format":false,"excerpt":"https:\/\/www.merkur.de\/bayern\/radio-comeback-muenchen-suedtirol-bozen-sender-moderator-pionier-antenne-13357178.html","rel":"","context":"Similar post","block_context":{"text":"Similar post","link":""},"img":{"alt_text":"","src":"","width":0,"height":0},"classes":[]},{"id":462087,"url":"https:\/\/www.achimbrueckner.de\/freeradio\/php\/wordpress\/?p=462087","url_meta":{"origin":462092,"position":3},"title":"Radio Bavaria International zur\u00fcck via laut.fm","author":"Administrator","date":"December 16, 2019 16:26","format":false,"excerpt":"Radio Bavaria International - The legend is back! Zum dritten Advent 2019 bescherte der Radiopionier J\u00fcrgen von Wedel den alpinen Radiofreunden eine vorgezogene Weihnachts\u00fcberraschung. Mit dem heutigen Restart von Radio Bavaria International ist die Legende zur\u00fcck im Netz. Es handelte sich dabei um den ersten deutschsprachigen Privatsender, der gezielt von\u2026","rel":"","context":"In \"AM\"","block_context":{"text":"AM","link":"https:\/\/www.achimbrueckner.de\/freeradio\/php\/wordpress\/?tag=am"},"img":{"alt_text":"","src":"","width":0,"height":0},"classes":[]},{"id":460666,"url":"https:\/\/www.achimbrueckner.de\/freeradio\/php\/wordpress\/?p=460666","url_meta":{"origin":462092,"position":4},"title":"InfoDigital aktuell: 40 Jahre Radio Bavaria International","author":"Administrator","date":"May 16, 2019 17:13","format":false,"excerpt":"https:\/\/www.infosat.de\/radio\/infodigital-aktuell-40-jahre-radio-bavaria-international","rel":"","context":"Similar post","block_context":{"text":"Similar post","link":""},"img":{"alt_text":"","src":"","width":0,"height":0},"classes":[]},{"id":462090,"url":"https:\/\/www.achimbrueckner.de\/freeradio\/php\/wordpress\/?p=462090","url_meta":{"origin":462092,"position":5},"title":"Radio Bavaria International: Das Original ist zur\u00fcck!","author":"Administrator","date":"December 17, 2019 18:05","format":false,"excerpt":"https:\/\/www.radioszene.de\/139053\/radio-bavaria-international-zurueck.html","rel":"","context":"Similar post","block_context":{"text":"Similar post","link":""},"img":{"alt_text":"","src":"","width":0,"height":0},"classes":[]}],"_links":{"self":[{"href":"https:\/\/www.achimbrueckner.de\/freeradio\/php\/wordpress\/index.php?rest_route=\/wp\/v2\/posts\/462092","targetHints":{"allow":["GET"]}}],"collection":[{"href":"https:\/\/www.achimbrueckner.de\/freeradio\/php\/wordpress\/index.php?rest_route=\/wp\/v2\/posts"}],"about":[{"href":"https:\/\/www.achimbrueckner.de\/freeradio\/php\/wordpress\/index.php?rest_route=\/wp\/v2\/types\/post"}],"author":[{"embeddable":true,"href":"https:\/\/www.achimbrueckner.de\/freeradio\/php\/wordpress\/index.php?rest_route=\/wp\/v2\/users\/1"}],"replies":[{"embeddable":true,"href":"https:\/\/www.achimbrueckner.de\/freeradio\/php\/wordpress\/index.php?rest_route=%2Fwp%2Fv2%2Fcomments&post=462092"}],"version-history":[{"count":0,"href":"https:\/\/www.achimbrueckner.de\/freeradio\/php\/wordpress\/index.php?rest_route=\/wp\/v2\/posts\/462092\/revisions"}],"wp:attachment":[{"href":"https:\/\/www.achimbrueckner.de\/freeradio\/php\/wordpress\/index.php?rest_route=%2Fwp%2Fv2%2Fmedia&parent=462092"}],"wp:term":[{"taxonomy":"category","embeddable":true,"href":"https:\/\/www.achimbrueckner.de\/freeradio\/php\/wordpress\/index.php?rest_route=%2Fwp%2Fv2%2Fcategories&post=462092"},{"taxonomy":"post_tag","embeddable":true,"href":"https:\/\/www.achimbrueckner.de\/freeradio\/php\/wordpress\/index.php?rest_route=%2Fwp%2Fv2%2Ftags&post=462092"}],"curies":[{"name":"wp","href":"https:\/\/api.w.org\/{rel}","templated":true}]}}