{"id":462156,"date":"2019-12-28T14:26:57","date_gmt":"2019-12-28T14:26:57","guid":{"rendered":"https:\/\/www.achimbrueckner.de\/freeradio\/php\/wordpress\/?p=462156"},"modified":"2019-12-28T14:26:57","modified_gmt":"2019-12-28T14:26:57","slug":"fmk-besucht-ostbelgien-10-18","status":"publish","type":"post","link":"https:\/\/www.achimbrueckner.de\/freeradio\/php\/wordpress\/?p=462156","title":{"rendered":"FMK besucht Ostbelgien 10\/18"},"content":{"rendered":"<p><a href=\"https:\/\/fmkompakt.de\/index.php\/fmk-besucht-ostbelgien-10-18\" rel=\"noopener noreferrer\" target=\"_blank\">https:\/\/fmkompakt.de\/index.php\/fmk-besucht-ostbelgien-10-18<\/a><\/p>\n","protected":false},"excerpt":{"rendered":"<p>https:\/\/fmkompakt.de\/index.php\/fmk-besucht-ostbelgien-10-18<\/p>\n","protected":false},"author":1,"featured_media":0,"comment_status":"closed","ping_status":"open","sticky":false,"template":"","format":"standard","meta":{"_jetpack_memberships_contains_paid_content":false,"footnotes":"","jetpack_publicize_message":"","jetpack_publicize_feature_enabled":true,"jetpack_social_post_already_shared":true,"jetpack_social_options":{"image_generator_settings":{"template":"highway","default_image_id":0,"font":"","enabled":false},"version":2}},"categories":[1],"tags":[24],"class_list":["post-462156","post","type-post","status-publish","format-standard","hentry","category-uncategorized","tag-fm"],"jetpack_publicize_connections":[],"jetpack_featured_media_url":"","jetpack_sharing_enabled":true,"jetpack_shortlink":"https:\/\/wp.me\/p5CD59-1We8","jetpack-related-posts":[{"id":463446,"url":"https:\/\/www.achimbrueckner.de\/freeradio\/php\/wordpress\/?p=463446","url_meta":{"origin":462156,"position":0},"title":"FMK besucht Ostbelgien 10\/18","author":"Administrator","date":"June 4, 2020 15:32","format":false,"excerpt":"https:\/\/fmkompakt.de\/index.php\/fmk-besucht-ostbelgien-10-18","rel":"","context":"In \"FM\"","block_context":{"text":"FM","link":"https:\/\/www.achimbrueckner.de\/freeradio\/php\/wordpress\/?tag=fm"},"img":{"alt_text":"","src":"","width":0,"height":0},"classes":[]},{"id":475459,"url":"https:\/\/www.achimbrueckner.de\/freeradio\/php\/wordpress\/?p=475459","url_meta":{"origin":462156,"position":1},"title":"Stefan Kramer aus dem FMK Archiv","author":"Administrator","date":"April 9, 2026 16:08","format":false,"excerpt":"Liebe Radiofreunde, hier das FMK-Programm f\u00fcr die kommende Woche via https:\/\/laut.fm\/jukebox. Alle diese Sendungen sind nur ONLINE \u00fcber den laut.fm-Stream zu h\u00f6ren. Am Freitag den 10.April findet die Trauerfeier f\u00fcr Stefan Kramer statt. Im Gedenken an Stefan Kramer wiederholt FMK Radio daher nochmal einige seiner Shows aus den Programmen von\u2026","rel":"","context":"Similar post","block_context":{"text":"Similar post","link":""},"img":{"alt_text":"","src":"","width":0,"height":0},"classes":[]},{"id":32758,"url":"https:\/\/www.achimbrueckner.de\/freeradio\/php\/wordpress\/?p=32758","url_meta":{"origin":462156,"position":2},"title":"FM Kompakt im Radio 1. Mai 2014","author":"Administrator","date":"April 30, 2014 18:55","format":false,"excerpt":"Liebe Radiofreunde FM Kompakt im Radio hat f\u00fcr den morgigen Maifeiertag wieder ein Sonderprogramm zusammengestellt. Free Radio Mitschnitte, Musik durch Jahrzehnte und interessante FMK-Produktionen u.a. ein Interview mit Wolf Harranth dem Moderator von Intermedia und heutigen Kurator des Dokumentationsarchives Funk in Wien warten auf euch. Zu h\u00f6ren ist das ganze\u2026","rel":"","context":"In \"AM\"","block_context":{"text":"AM","link":"https:\/\/www.achimbrueckner.de\/freeradio\/php\/wordpress\/?tag=am"},"img":{"alt_text":"","src":"","width":0,"height":0},"classes":[]},{"id":16481,"url":"https:\/\/www.achimbrueckner.de\/freeradio\/php\/wordpress\/?p=16481","url_meta":{"origin":462156,"position":3},"title":"FMK-Lesertreffen 2010","author":"Administrator","date":"January 20, 2010 21:30","format":false,"excerpt":"Das FMK-Lesertreffen 2010 wirft seine Schatten voraus > Im Fr\u00fchjahr wird es im S\u00fcddeutschen Raum ein weiteres FMK Treffen geben. Alle Radiofreunde sind herzlich eingeladen. Offen ist noch der exakte Termin, deshalb Hier der Link zur Terminfindung. Info via fmkompakt.de","rel":"","context":"In &quot;Camps&quot;","block_context":{"text":"Camps","link":"https:\/\/www.achimbrueckner.de\/freeradio\/php\/wordpress\/?cat=6"},"img":{"alt_text":"","src":"","width":0,"height":0},"classes":[]},{"id":18024,"url":"https:\/\/www.achimbrueckner.de\/freeradio\/php\/wordpress\/?p=18024","url_meta":{"origin":462156,"position":4},"title":"Real FM DVD","author":"Administrator","date":"April 23, 2010 21:31","format":false,"excerpt":"Eines der ganz grossen Highlights innerhalb der FR-Szene der letzten Jahre war unbestritten Real FM aus Ostbelgien ! Ab sofort k\u00f6nnt ihr bei FM Kompakt die DVD \"A Tribute to Real FM\" bestellen. Das Ganze zum Selbstkostenpreis von 10,--EUR + 2,50 \u00e2\u201a\u00ac Versand. Die DVD ist in einem hochwertigen Amaray-DVD-Videocase\u2026","rel":"","context":"In \"AM\"","block_context":{"text":"AM","link":"https:\/\/www.achimbrueckner.de\/freeradio\/php\/wordpress\/?tag=am"},"img":{"alt_text":"","src":"","width":0,"height":0},"classes":[]},{"id":461648,"url":"https:\/\/www.achimbrueckner.de\/freeradio\/php\/wordpress\/?p=461648","url_meta":{"origin":462156,"position":5},"title":"Neues aus Ostbelgien","author":"Administrator","date":"October 6, 2019 08:15","format":false,"excerpt":"https:\/\/www.radioforen.de\/index.php?threads\/neues-aus-ostbelgien.32361\/page-17#post-823686","rel":"","context":"Similar post","block_context":{"text":"Similar post","link":""},"img":{"alt_text":"","src":"","width":0,"height":0},"classes":[]}],"_links":{"self":[{"href":"https:\/\/www.achimbrueckner.de\/freeradio\/php\/wordpress\/index.php?rest_route=\/wp\/v2\/posts\/462156","targetHints":{"allow":["GET"]}}],"collection":[{"href":"https:\/\/www.achimbrueckner.de\/freeradio\/php\/wordpress\/index.php?rest_route=\/wp\/v2\/posts"}],"about":[{"href":"https:\/\/www.achimbrueckner.de\/freeradio\/php\/wordpress\/index.php?rest_route=\/wp\/v2\/types\/post"}],"author":[{"embeddable":true,"href":"https:\/\/www.achimbrueckner.de\/freeradio\/php\/wordpress\/index.php?rest_route=\/wp\/v2\/users\/1"}],"replies":[{"embeddable":true,"href":"https:\/\/www.achimbrueckner.de\/freeradio\/php\/wordpress\/index.php?rest_route=%2Fwp%2Fv2%2Fcomments&post=462156"}],"version-history":[{"count":0,"href":"https:\/\/www.achimbrueckner.de\/freeradio\/php\/wordpress\/index.php?rest_route=\/wp\/v2\/posts\/462156\/revisions"}],"wp:attachment":[{"href":"https:\/\/www.achimbrueckner.de\/freeradio\/php\/wordpress\/index.php?rest_route=%2Fwp%2Fv2%2Fmedia&parent=462156"}],"wp:term":[{"taxonomy":"category","embeddable":true,"href":"https:\/\/www.achimbrueckner.de\/freeradio\/php\/wordpress\/index.php?rest_route=%2Fwp%2Fv2%2Fcategories&post=462156"},{"taxonomy":"post_tag","embeddable":true,"href":"https:\/\/www.achimbrueckner.de\/freeradio\/php\/wordpress\/index.php?rest_route=%2Fwp%2Fv2%2Ftags&post=462156"}],"curies":[{"name":"wp","href":"https:\/\/api.w.org\/{rel}","templated":true}]}}