{"id":463711,"date":"2020-07-20T19:51:35","date_gmt":"2020-07-20T19:51:35","guid":{"rendered":"https:\/\/www.achimbrueckner.de\/freeradio\/php\/wordpress\/?p=463711"},"modified":"2020-07-20T19:53:18","modified_gmt":"2020-07-20T19:53:18","slug":"skyline-radio-germany-summer-edition-2020-july-25-39756160-khz-shortwave","status":"publish","type":"post","link":"https:\/\/www.achimbrueckner.de\/freeradio\/php\/wordpress\/?p=463711","title":{"rendered":"SKYLINE RADIO GERMANY &#8211; SUMMER EDITION 2020 &#8211; July 25, 3975+6160 kHz SHORTWAVE"},"content":{"rendered":"<p>SKYLINE RADIO GERMANY &#8211; S.R.G. SUMMER EDITION 2020! &#8211; PLEASE SPREAD THE WORD!<\/p>\n<p>THE HALLMARK OF QUALITY IS BACK AGAIN!<\/p>\n<p>Shortwaveradio.de kindly gave us the 6th possibility to be on air with some brandnew shows via their transmitters in Northern Germany.<\/p>\n<p>If you would like to try to catch our programmes, 6 hours on Saturday, July 25th, 2020, Saturday, 16.00 &#8211; 22.00 UTC would be a good time to give us a listen again.<\/p>\n<p>Try the 75 and 49 metre band shortwave on 3975 and possibly 6160 kHz!<\/p>\n<p>It is the very last chance for you to grab our FINAL eQSL-card design!<br \/>\nAttention: This one is available as eQSL-card only!<br \/>\nIn the future only &#8220;snail-mail&#8221; reports with sufficient return postage will be answered with our paper printed QSL-cards!<\/p>\n<p>For our listeners outside of Europe: please check the various WebSDRs, and we will verify every correct reception report with our eQSL also.<\/p>\n<p>We look forward to your reception reports, criticisms and commendations to:<br \/>\nSKYLINE RADIO GERMANY, P.O.Box 2702, 6049 ZG Herten, The Netherlands or via e-mail to: skylineradiogermany@web.de<\/p>\n<p>Have a great time with us and Good DX,<br \/>\nDJ Jan-Hendrik<\/p>\n<p>SKYLINE RADIO GERMANY &#8211; S.R.G. SOMMER EDITION 2020! &#8211; BITTE GERN WEITER VERBREITEN!<\/p>\n<p>DAS QUALIT\u00c4TSIEGEL IST ZUR\u00dcCK!<\/p>\n<p>Shortwaveradio.de hat uns freundlicherweise die M\u00f6glichkeit gegeben, zum sechsten Mal \u00fcber seine Sender in Norddeutschland mit unseren Shows auf Sendung zu sein.<\/p>\n<p>Wenn Sie versuchen m\u00f6chten, unsere Programme zu empfangen, 6 Stunden am 25. Juli 2020, Samstag von 16.00 &#8211; 22.00 Uhr UTC w\u00e4re wieder ein guter Zeitpunkt, um uns wieder zuzuh\u00f6ren.<\/p>\n<p>Probieren Sie das 75 und 49 Meterband Kurzwelle auf 3975 und 6160 kHz!<\/p>\n<p>Es ist die letzte Gelegenheit, unser finales eQSL-Karten-Design abzugreifen.<br \/>\nAchtung: Dieses ist nur als eQSL-Karte zu erhalten.<br \/>\nZuk\u00fcnftig werden nur &#8220;Schneckenpost&#8221;-Berichte mit ausreichendem R\u00fcckporto mit unseren gedruckten QSL-Karten beantwortet.<\/p>\n<p>F\u00fcr unsere H\u00f6rer au\u00dferhalb Europas: Bitte nutzen Sie die verschiedenen WebSDRs, und wir werden jeden korrekten Empfangsbericht mit unserer eQSL best\u00e4tigen.<\/p>\n<p>Wir freuen uns auf Ihre Empfangsberichte und Kommentare an:<br \/>\nSKYLINE RADIO GERMANY, P.O.Box 2702, 6049 ZG Herten, Niederlande oder per E-Mail an skylineradiogermany@web.de<\/p>\n<p>Viel Spa\u00df bei uns und Good DX,<br \/>\nDJ Jan-Hendrik<\/p>\n","protected":false},"excerpt":{"rendered":"<p>SKYLINE RADIO GERMANY &#8211; S.R.G. SUMMER EDITION 2020! &#8211; PLEASE SPREAD THE WORD! THE HALLMARK OF QUALITY IS BACK AGAIN! Shortwaveradio.de kindly gave us the 6th possibility to be on air with some brandnew shows via their transmitters in Northern Germany. If you would like to try to catch our programmes, 6 hours on Saturday, &hellip; <a href=\"https:\/\/www.achimbrueckner.de\/freeradio\/php\/wordpress\/?p=463711\" class=\"more-link\">Continue reading <span class=\"screen-reader-text\">SKYLINE RADIO GERMANY &#8211; SUMMER EDITION 2020 &#8211; July 25, 3975+6160 kHz SHORTWAVE<\/span><\/a><\/p>\n","protected":false},"author":1,"featured_media":0,"comment_status":"closed","ping_status":"open","sticky":false,"template":"","format":"standard","meta":{"_jetpack_memberships_contains_paid_content":false,"footnotes":"","jetpack_publicize_message":"","jetpack_publicize_feature_enabled":true,"jetpack_social_post_already_shared":true,"jetpack_social_options":{"image_generator_settings":{"template":"highway","default_image_id":0,"font":"","enabled":false},"version":2}},"categories":[1,2],"tags":[22,28,48,18,26],"class_list":["post-463711","post","type-post","status-publish","format-standard","hentry","category-uncategorized","category-english","tag-am","tag-dx","tag-qsl","tag-shortwave","tag-web"],"jetpack_publicize_connections":[],"jetpack_featured_media_url":"","jetpack_sharing_enabled":true,"jetpack_shortlink":"https:\/\/wp.me\/p5CD59-1WDd","jetpack-related-posts":[{"id":463336,"url":"https:\/\/www.achimbrueckner.de\/freeradio\/php\/wordpress\/?p=463336","url_meta":{"origin":463711,"position":0},"title":"SKYLINE RADIO GERMANY &#8211; BACK ON THE AIR IN 2020 &#8211; May 30, 3975+6160 kHz SHORTWAVE","author":"Administrator","date":"May 21, 2020 14:24","format":false,"excerpt":"SKYLINE RADIO GERMANY - BACK ON THE AIR IN 2020! - PLEASE SPREAD THE WORD! IT'S ALWAYS ROCK'N'ROLL - NOTHING ELSE MATTERS! Shortwaveradio.de kindly gave us the 5th possibility to be on air with some brandnew shows via their transmitters in Northern Germany. If you would like to try to\u2026","rel":"","context":"In &quot;English&quot;","block_context":{"text":"English","link":"https:\/\/www.achimbrueckner.de\/freeradio\/php\/wordpress\/?cat=2"},"img":{"alt_text":"","src":"https:\/\/i0.wp.com\/www.achimbrueckner.de\/freeradio\/php\/wordpress\/wp-content\/uploads\/2020\/05\/sample_SRG_eQSL_shortwaveradio-de_30-05-2020.jpg?resize=350%2C200&ssl=1","width":350,"height":200},"classes":[]},{"id":462082,"url":"https:\/\/www.achimbrueckner.de\/freeradio\/php\/wordpress\/?p=462082","url_meta":{"origin":463711,"position":1},"title":"SKYLINE RADIO GERMANY &#8211; CHRISTMAS PARTY 2019 &#8211; DECEMBER 25+26, 3975+6160 kHz SHORTWAVE","author":"Administrator","date":"December 15, 2019 18:20","format":false,"excerpt":"SKYLINE RADIO GERMANY - ROCKIN' CHRISTMAS PARTY 2019! - PLEASE SPREAD THE WORD! HELLO DEAR FREE RADIO FANS AND DXERS! We have a special CHRISTMAS present for you: After 5 years of absence there will be a special SRG-CHRISTMAS PARTY again! We will rock the airwaves again via the facilities\u2026","rel":"","context":"In &quot;English&quot;","block_context":{"text":"English","link":"https:\/\/www.achimbrueckner.de\/freeradio\/php\/wordpress\/?cat=2"},"img":{"alt_text":"","src":"","width":0,"height":0},"classes":[]},{"id":460428,"url":"https:\/\/www.achimbrueckner.de\/freeradio\/php\/wordpress\/?p=460428","url_meta":{"origin":463711,"position":2},"title":"SKYLINE RADIO GERMANY ALERT, EASTER SATURDAY 2019 &#8211; 3975 kHz SHORTWAVE","author":"Administrator","date":"April 8, 2019 18:30","format":false,"excerpt":"SKYLINE RADIO GERMANY Alert! PLEASE SPREAD THE WORD! After a long time of absence - WE ARE BACK ON THE AIR! Shortwaveradio.de kindly gave us the possibility to be on air with our shows via their transmitter located somewhere in Northern Germany. If you would like to try to catch\u2026","rel":"","context":"In &quot;English&quot;","block_context":{"text":"English","link":"https:\/\/www.achimbrueckner.de\/freeradio\/php\/wordpress\/?cat=2"},"img":{"alt_text":"","src":"","width":0,"height":0},"classes":[]},{"id":461727,"url":"https:\/\/www.achimbrueckner.de\/freeradio\/php\/wordpress\/?p=461727","url_meta":{"origin":463711,"position":3},"title":"SKYLINE RADIO GERMANY &#8211; 20 YEARS ON AIR! &#8211; OCTOBER 26TH, 2019 &#8211; 3975 kHz SHORTWAVE","author":"Administrator","date":"October 15, 2019 13:47","format":false,"excerpt":"SKYLINE RADIO GERMANY - 20 YEARS ON AIR! - PLEASE SPREAD THE WORD! WE WANT THE AIRWAVES - IF ROCK IS GONNA STAY ALIVE! Shortwaveradio.de kindly gave us another possibility to be on air with some brandnew shows via their transmitters in Northern Germany. If you would like to try\u2026","rel":"","context":"In &quot;English&quot;","block_context":{"text":"English","link":"https:\/\/www.achimbrueckner.de\/freeradio\/php\/wordpress\/?cat=2"},"img":{"alt_text":"","src":"","width":0,"height":0},"classes":[]},{"id":460742,"url":"https:\/\/www.achimbrueckner.de\/freeradio\/php\/wordpress\/?p=460742","url_meta":{"origin":463711,"position":4},"title":"SKYLINE RADIO GERMANY STRIKES BACK &#8211; JUNE 8TH, 2019 &#8211; 3975 kHz SHORTWAVE","author":"Administrator","date":"June 2, 2019 12:24","format":false,"excerpt":"SKYLINE RADIO GERMANY STRIKES BACK! PLEASE SPREAD THE WORD! After our GREAT success 7 weeks ago - LET'S GET READY TO RUMBLE AGAIN! Shortwaveradio.de kindly gave us another possibility to be on air with some brandnew shows via their transmitters in Northern Germany. If you would like to try to\u2026","rel":"","context":"In &quot;English&quot;","block_context":{"text":"English","link":"https:\/\/www.achimbrueckner.de\/freeradio\/php\/wordpress\/?cat=2"},"img":{"alt_text":"","src":"","width":0,"height":0},"classes":[]},{"id":472096,"url":"https:\/\/www.achimbrueckner.de\/freeradio\/php\/wordpress\/?p=472096","url_meta":{"origin":463711,"position":5},"title":"Skyline Radio Germany Spring and Summer 2023","author":"Administrator","date":"April 30, 2023 15:31","format":false,"excerpt":"SKYLINE RADIO GERMANY Alert! ON THE AIR FOR SPRING AND SUMMER! Shortwaveradio.de kindly gave us the possibility to be on air again with our shows via their transmitters located somewhere in Northern Germany. If you would like to try to catch our programmes, EVERY SUNDAY starting on from about 08.00\u2026","rel":"","context":"In &quot;English&quot;","block_context":{"text":"English","link":"https:\/\/www.achimbrueckner.de\/freeradio\/php\/wordpress\/?cat=2"},"img":{"alt_text":"","src":"","width":0,"height":0},"classes":[]}],"_links":{"self":[{"href":"https:\/\/www.achimbrueckner.de\/freeradio\/php\/wordpress\/index.php?rest_route=\/wp\/v2\/posts\/463711","targetHints":{"allow":["GET"]}}],"collection":[{"href":"https:\/\/www.achimbrueckner.de\/freeradio\/php\/wordpress\/index.php?rest_route=\/wp\/v2\/posts"}],"about":[{"href":"https:\/\/www.achimbrueckner.de\/freeradio\/php\/wordpress\/index.php?rest_route=\/wp\/v2\/types\/post"}],"author":[{"embeddable":true,"href":"https:\/\/www.achimbrueckner.de\/freeradio\/php\/wordpress\/index.php?rest_route=\/wp\/v2\/users\/1"}],"replies":[{"embeddable":true,"href":"https:\/\/www.achimbrueckner.de\/freeradio\/php\/wordpress\/index.php?rest_route=%2Fwp%2Fv2%2Fcomments&post=463711"}],"version-history":[{"count":0,"href":"https:\/\/www.achimbrueckner.de\/freeradio\/php\/wordpress\/index.php?rest_route=\/wp\/v2\/posts\/463711\/revisions"}],"wp:attachment":[{"href":"https:\/\/www.achimbrueckner.de\/freeradio\/php\/wordpress\/index.php?rest_route=%2Fwp%2Fv2%2Fmedia&parent=463711"}],"wp:term":[{"taxonomy":"category","embeddable":true,"href":"https:\/\/www.achimbrueckner.de\/freeradio\/php\/wordpress\/index.php?rest_route=%2Fwp%2Fv2%2Fcategories&post=463711"},{"taxonomy":"post_tag","embeddable":true,"href":"https:\/\/www.achimbrueckner.de\/freeradio\/php\/wordpress\/index.php?rest_route=%2Fwp%2Fv2%2Ftags&post=463711"}],"curies":[{"name":"wp","href":"https:\/\/api.w.org\/{rel}","templated":true}]}}