{"id":463834,"date":"2020-08-11T17:44:03","date_gmt":"2020-08-11T17:44:03","guid":{"rendered":"https:\/\/www.achimbrueckner.de\/freeradio\/php\/wordpress\/?p=463834"},"modified":"2020-08-11T17:44:21","modified_gmt":"2020-08-11T17:44:21","slug":"radio-60-15-august-2020-6045-khz","status":"publish","type":"post","link":"https:\/\/www.achimbrueckner.de\/freeradio\/php\/wordpress\/?p=463834","title":{"rendered":"Radio 60 15. August 2020 6045 Khz"},"content":{"rendered":"<p>Erste Sendung aus Nauen 13 &#8211; 16 Uhr MESZ mit 100kW auf 6045 kHz &#8211; mit guter &#038; alter Rock- und Popmusik<br \/>\n&#8211; 13-14 Uhr mit \u20acrdenman von Radio60!<br \/>\n&#8211; 14-15 Uhr mit Gunter von Hitmix-Radio als Gast-DJ<br \/>\n&#8211; 15-16 Uhr wieder mit \u20acrdenman von Radio60!<br \/>\nEmpfangsrapporte, Gr\u00fc\u00dfe und Musikw\u00fcnsche f\u00fcr diese Live-Sendung bitte an erdenman(at)gmx.de.<br \/>\nInfo\u00b4s auf <a href=\"https:\/\/radio60.jimdofree.com\" rel=\"noopener noreferrer\" target=\"_blank\">https:\/\/radio60.jimdofree.com<\/a><\/p>\n<p>Info via Facebook<\/p>\n","protected":false},"excerpt":{"rendered":"<p>Erste Sendung aus Nauen 13 &#8211; 16 Uhr MESZ mit 100kW auf 6045 kHz &#8211; mit guter &#038; alter Rock- und Popmusik &#8211; 13-14 Uhr mit \u20acrdenman von Radio60! &#8211; 14-15 Uhr mit Gunter von Hitmix-Radio als Gast-DJ &#8211; 15-16 Uhr wieder mit \u20acrdenman von Radio60! Empfangsrapporte, Gr\u00fc\u00dfe und Musikw\u00fcnsche f\u00fcr diese Live-Sendung bitte an &hellip; <a href=\"https:\/\/www.achimbrueckner.de\/freeradio\/php\/wordpress\/?p=463834\" class=\"more-link\">Continue reading <span class=\"screen-reader-text\">Radio 60 15. August 2020 6045 Khz<\/span><\/a><\/p>\n","protected":false},"author":1,"featured_media":0,"comment_status":"closed","ping_status":"open","sticky":false,"template":"","format":"standard","meta":{"_jetpack_memberships_contains_paid_content":false,"footnotes":"","jetpack_publicize_message":"","jetpack_publicize_feature_enabled":true,"jetpack_social_post_already_shared":true,"jetpack_social_options":{"image_generator_settings":{"template":"highway","default_image_id":0,"font":"","enabled":false},"version":2}},"categories":[1],"tags":[],"class_list":["post-463834","post","type-post","status-publish","format-standard","hentry","category-uncategorized"],"jetpack_publicize_connections":[],"jetpack_featured_media_url":"","jetpack_sharing_enabled":true,"jetpack_shortlink":"https:\/\/wp.me\/p5CD59-1WFc","jetpack-related-posts":[{"id":466126,"url":"https:\/\/www.achimbrueckner.de\/freeradio\/php\/wordpress\/?p=466126","url_meta":{"origin":463834,"position":0},"title":"Telstar Radio 25 December 2021","author":"Administrator","date":"November 28, 2021 09:11","format":false,"excerpt":"Hier noch ein paar technische Informationen der Sendung von Telstar-Radio am 25.12.2021 f\u00fcr die Technik-Freaks unter den H\u00f6rern. Wie auch schon w\u00e4hrend einer fr\u00fcheren von Radio60! veranstalteten Sendung muss auch hier aus organisatorischen Gr\u00fcnden w\u00e4hrend der laufenden Sendung ein Senderwechsel durchgef\u00fchrt werden. Der Grund ist einfach, dass Radio Se-Ta 2\u2026","rel":"","context":"In &quot;English&quot;","block_context":{"text":"English","link":"https:\/\/www.achimbrueckner.de\/freeradio\/php\/wordpress\/?cat=2"},"img":{"alt_text":"","src":"","width":0,"height":0},"classes":[]},{"id":466731,"url":"https:\/\/www.achimbrueckner.de\/freeradio\/php\/wordpress\/?p=466731","url_meta":{"origin":463834,"position":1},"title":"Radio 60 Easter broadcast","author":"Administrator","date":"March 30, 2022 15:54","format":false,"excerpt":"At easter erdenman from Radio60 will organizes together with his two radio colleagues Gunter (Hitmix-Radio) and Toon (Telstar-Radio) a shortwave program. The live broadcast will run on Easter Saturday, 04\/16\/2022 from 11:00 to 14:00 UTC (13:00 - 16:00 CEST) on 6045 kHz with 100kW from Nauen\/Germany. Broadcasting will be live\u2026","rel":"","context":"In &quot;English&quot;","block_context":{"text":"English","link":"https:\/\/www.achimbrueckner.de\/freeradio\/php\/wordpress\/?cat=2"},"img":{"alt_text":"","src":"","width":0,"height":0},"classes":[]},{"id":467473,"url":"https:\/\/www.achimbrueckner.de\/freeradio\/php\/wordpress\/?p=467473","url_meta":{"origin":463834,"position":2},"title":"Radio 60 13th of August 2022","author":"Administrator","date":"August 4, 2022 13:03","format":false,"excerpt":"The holiday is now over and we feel like making good music on good old shortwave again. That's why Radio60! is organising a 2-hour programme on shortwave with Gunter from Hitmix-Radio as guest DJ on 13.th August 2022 from 12 to 14 UTC on 6045 kHz with 100 kW via\u2026","rel":"","context":"In &quot;English&quot;","block_context":{"text":"English","link":"https:\/\/www.achimbrueckner.de\/freeradio\/php\/wordpress\/?cat=2"},"img":{"alt_text":"","src":"","width":0,"height":0},"classes":[]},{"id":463765,"url":"https:\/\/www.achimbrueckner.de\/freeradio\/php\/wordpress\/?p=463765","url_meta":{"origin":463834,"position":3},"title":"Radio60 \/ Erste Sendung auf Kurzwelle aus Nauen","author":"Administrator","date":"July 30, 2020 17:12","format":false,"excerpt":"Radio 60, ein Mitglied der Studio52 Radiogroup hat nun eine eigene Unbedenklichkeitsbescheinigung des Ausw\u00e4rtigen Amtes und darf selbst \u00fcber Kurzwellensender in Deutschland ins Ausland senden. Wie der Sender FM Kompakt heute mitteilte, ist die erste Sendung f\u00fcr Samstag den 15.08.2020 von 11:00-14:00 UTC (13:00-16:00 MESZ) auf 6045 khz mit 100\u2026","rel":"","context":"In \"AM\"","block_context":{"text":"AM","link":"https:\/\/www.achimbrueckner.de\/freeradio\/php\/wordpress\/?tag=am"},"img":{"alt_text":"","src":"","width":0,"height":0},"classes":[]},{"id":474735,"url":"https:\/\/www.achimbrueckner.de\/freeradio\/php\/wordpress\/?p=474735","url_meta":{"origin":463834,"position":4},"title":"Radio60! jetzt auf Amazon-Alexa-Ger\u00e4ten","author":"Administrator","date":"November 10, 2025 17:31","format":false,"excerpt":"Radio60! jetzt auf Amazon-Alexa-Ger\u00e4ten Ein guter Freund namens Martin aus Kiel von Heimatradio.com war so nett, einen s.g. Skill f\u00fcr das Starten der beiden Radio60-Streams auf den Alexa-Ger\u00e4ten zu erstellen. Mit \"Alexa, aktiviere den Skill Radio Sechzig\" oder \u00fcber diesen Link https:\/\/www.amazon.de\/dp\/B0FYGDWTMM\/) aktiviert man einmalig diesen Skill f\u00fcr alle Ger\u00e4te\u2026","rel":"","context":"Similar post","block_context":{"text":"Similar post","link":""},"img":{"alt_text":"","src":"","width":0,"height":0},"classes":[]},{"id":473851,"url":"https:\/\/www.achimbrueckner.de\/freeradio\/php\/wordpress\/?p=473851","url_meta":{"origin":463834,"position":5},"title":"Telstar Radio 24 December 2024","author":"Administrator","date":"December 13, 2024 15:27","format":false,"excerpt":"Telstar-Radio will again organise a live-radio-programm on shortwave on 24 December 2024 together with guest-DJ \u20acrdenman on the already well-known frequency 6045 kHz at 100kW via the transmitter in Nauen \/ Germany. We will play a lot of good music - but no jingle bells, guaranteed \ud83e\udd18! The programm starts\u2026","rel":"","context":"In &quot;English&quot;","block_context":{"text":"English","link":"https:\/\/www.achimbrueckner.de\/freeradio\/php\/wordpress\/?cat=2"},"img":{"alt_text":"","src":"","width":0,"height":0},"classes":[]}],"_links":{"self":[{"href":"https:\/\/www.achimbrueckner.de\/freeradio\/php\/wordpress\/index.php?rest_route=\/wp\/v2\/posts\/463834","targetHints":{"allow":["GET"]}}],"collection":[{"href":"https:\/\/www.achimbrueckner.de\/freeradio\/php\/wordpress\/index.php?rest_route=\/wp\/v2\/posts"}],"about":[{"href":"https:\/\/www.achimbrueckner.de\/freeradio\/php\/wordpress\/index.php?rest_route=\/wp\/v2\/types\/post"}],"author":[{"embeddable":true,"href":"https:\/\/www.achimbrueckner.de\/freeradio\/php\/wordpress\/index.php?rest_route=\/wp\/v2\/users\/1"}],"replies":[{"embeddable":true,"href":"https:\/\/www.achimbrueckner.de\/freeradio\/php\/wordpress\/index.php?rest_route=%2Fwp%2Fv2%2Fcomments&post=463834"}],"version-history":[{"count":0,"href":"https:\/\/www.achimbrueckner.de\/freeradio\/php\/wordpress\/index.php?rest_route=\/wp\/v2\/posts\/463834\/revisions"}],"wp:attachment":[{"href":"https:\/\/www.achimbrueckner.de\/freeradio\/php\/wordpress\/index.php?rest_route=%2Fwp%2Fv2%2Fmedia&parent=463834"}],"wp:term":[{"taxonomy":"category","embeddable":true,"href":"https:\/\/www.achimbrueckner.de\/freeradio\/php\/wordpress\/index.php?rest_route=%2Fwp%2Fv2%2Fcategories&post=463834"},{"taxonomy":"post_tag","embeddable":true,"href":"https:\/\/www.achimbrueckner.de\/freeradio\/php\/wordpress\/index.php?rest_route=%2Fwp%2Fv2%2Ftags&post=463834"}],"curies":[{"name":"wp","href":"https:\/\/api.w.org\/{rel}","templated":true}]}}