{"id":463838,"date":"2020-08-13T16:49:48","date_gmt":"2020-08-13T16:49:48","guid":{"rendered":"https:\/\/www.achimbrueckner.de\/freeradio\/php\/wordpress\/?p=463838"},"modified":"2020-08-13T16:49:48","modified_gmt":"2020-08-13T16:49:48","slug":"the-day-the-music-died-special-programs-tomorrow-august-14th-2020","status":"publish","type":"post","link":"https:\/\/www.achimbrueckner.de\/freeradio\/php\/wordpress\/?p=463838","title":{"rendered":"The Day the Music Died &#8211; Special programs tomorrow, August 14th 2020"},"content":{"rendered":"<p>Tomorrow on August 14th Radio Channel 292 will air some special programs in remembrance of the close down of the Offshore Stations off the English coast On 3955, 6070 and 9670 kHz<\/p>\n<p>For further details please check the schedules on our homepage<\/p>\n<p><a href=\"https:\/\/www.channel292.de\/schedule-3955-khz\/\" rel=\"noopener noreferrer\" target=\"_blank\">https:\/\/www.channel292.de\/schedule-3955-khz\/<\/a><br \/>\n<a href=\"https:\/\/www.channel292.de\/schedule-6070-khz\/\" rel=\"noopener noreferrer\" target=\"_blank\">https:\/\/www.channel292.de\/schedule-6070-khz\/<\/a><br \/>\n<a href=\"https:\/\/www.channel292.de\/schedule-9670-khz\/\" rel=\"noopener noreferrer\" target=\"_blank\">https:\/\/www.channel292.de\/schedule-9670-khz\/<\/a><\/p>\n","protected":false},"excerpt":{"rendered":"<p>Tomorrow on August 14th Radio Channel 292 will air some special programs in remembrance of the close down of the Offshore Stations off the English coast On 3955, 6070 and 9670 kHz For further details please check the schedules on our homepage https:\/\/www.channel292.de\/schedule-3955-khz\/ https:\/\/www.channel292.de\/schedule-6070-khz\/ https:\/\/www.channel292.de\/schedule-9670-khz\/<\/p>\n","protected":false},"author":1,"featured_media":0,"comment_status":"closed","ping_status":"open","sticky":false,"template":"","format":"standard","meta":{"_jetpack_memberships_contains_paid_content":false,"footnotes":"","jetpack_publicize_message":"","jetpack_publicize_feature_enabled":true,"jetpack_social_post_already_shared":true,"jetpack_social_options":{"image_generator_settings":{"template":"highway","default_image_id":0,"font":"","enabled":false},"version":2}},"categories":[2],"tags":[22,49],"class_list":["post-463838","post","type-post","status-publish","format-standard","hentry","category-english","tag-am","tag-offshore"],"jetpack_publicize_connections":[],"jetpack_featured_media_url":"","jetpack_sharing_enabled":true,"jetpack_shortlink":"https:\/\/wp.me\/p5CD59-1WFg","jetpack-related-posts":[{"id":465752,"url":"https:\/\/www.achimbrueckner.de\/freeradio\/php\/wordpress\/?p=465752","url_meta":{"origin":463838,"position":0},"title":"Special Programs on August 29 \/ 30 \/ 31; Close down of the Offshore Stations","author":"Administrator","date":"August 29, 2021 08:14","format":false,"excerpt":"\"OHR - Offshore History Radio\" in cooperation with \"Radio Channel292\" p r e s e n t i n g Many special programs conc. the close down of the offshore stations off the dutch coast on August 29 \/ 30 \/ 31 Please check for Schedules here: https:\/\/www.channel292.de\/schedule-3955-khz\/ https:\/\/www.channel292.de\/schedule-6070-khz\/ https:\/\/www.channel292.de\/schedule-9670-khz\/","rel":"","context":"In &quot;English&quot;","block_context":{"text":"English","link":"https:\/\/www.achimbrueckner.de\/freeradio\/php\/wordpress\/?cat=2"},"img":{"alt_text":"","src":"","width":0,"height":0},"classes":[]},{"id":38315,"url":"https:\/\/www.achimbrueckner.de\/freeradio\/php\/wordpress\/?p=38315","url_meta":{"origin":463838,"position":1},"title":"Channel 292 Relays","author":"Administrator","date":"January 28, 2015 20:27","format":false,"excerpt":"Well-known stations via relay Channel 292 6070 Khz: Bluestar Radio, Superclan Radio, Radio Diamond. http:\/\/www.channel292.de\/schedule-for-bookings Info via Twitter","rel":"","context":"In &quot;English&quot;","block_context":{"text":"English","link":"https:\/\/www.achimbrueckner.de\/freeradio\/php\/wordpress\/?cat=2"},"img":{"alt_text":"","src":"","width":0,"height":0},"classes":[]},{"id":462992,"url":"https:\/\/www.achimbrueckner.de\/freeradio\/php\/wordpress\/?p=462992","url_meta":{"origin":463838,"position":2},"title":"6070 Khz prediction","author":"Administrator","date":"April 14, 2020 15:57","format":false,"excerpt":"https:\/\/www.channel292.de\/6070-khz-prediction\/","rel":"","context":"In &quot;English&quot;","block_context":{"text":"English","link":"https:\/\/www.achimbrueckner.de\/freeradio\/php\/wordpress\/?cat=2"},"img":{"alt_text":"","src":"","width":0,"height":0},"classes":[]},{"id":468518,"url":"https:\/\/www.achimbrueckner.de\/freeradio\/php\/wordpress\/?p=468518","url_meta":{"origin":463838,"position":3},"title":"TEXAS RADIO SHORTWAVE WILL CEASE MONTHLY PROGRAMS ON CHANNEL 292 IN 2023","author":"Administrator","date":"October 2, 2022 09:37","format":false,"excerpt":"TEXAS RADIO SHORTWAVE WILL CEASE MONTHLY PROGRAMS ON CHANNEL 292 IN 2023 Due to funding issues, TRSW will cease its monthly broadcasts on Channel 292 in Germany, effective with the 2022 Christmas Day programs. TRSW's aired monthly programs on Channel 292 since Christmas 2019, most recently on 6070 kHz, 3955\u2026","rel":"","context":"In &quot;English&quot;","block_context":{"text":"English","link":"https:\/\/www.achimbrueckner.de\/freeradio\/php\/wordpress\/?cat=2"},"img":{"alt_text":"","src":"","width":0,"height":0},"classes":[]},{"id":465717,"url":"https:\/\/www.achimbrueckner.de\/freeradio\/php\/wordpress\/?p=465717","url_meta":{"origin":463838,"position":4},"title":"OHR &#8211; Offshore History Radio &#8211; in combination with Radio Channel292 commemorating August31 1974 \/ August31 2021","author":"Administrator","date":"August 20, 2021 23:15","format":false,"excerpt":"OHR - Offshore History Radio - in combination with Radio Channel292 commemorating August31 1974 \/ August31 2021 the Close-Down of the (dutch-) Offshore Radio stations like RNI - Radio Northsea International\/Radio Atlantis\/Veronica etc.! OHR is Bringing Back the Golden Days of Offshore Radio! - On 3955 - 6070 and 9670\u2026","rel":"","context":"In &quot;English&quot;","block_context":{"text":"English","link":"https:\/\/www.achimbrueckner.de\/freeradio\/php\/wordpress\/?cat=2"},"img":{"alt_text":"","src":"","width":0,"height":0},"classes":[]},{"id":443876,"url":"https:\/\/www.achimbrueckner.de\/freeradio\/php\/wordpress\/?p=443876","url_meta":{"origin":463838,"position":5},"title":"Channel 292 6070 Khz only 10 watt","author":"Administrator","date":"August 15, 2015 22:00","format":false,"excerpt":"Aus messtechnischen Gr\u00fcnden k\u00f6nnen regul\u00e4re Programme momentan nur mit 10 W EIRP ausgestrahlt werden http:\/\/www.channel292.de\/schedule-for-bookings\/","rel":"","context":"In \"AM\"","block_context":{"text":"AM","link":"https:\/\/www.achimbrueckner.de\/freeradio\/php\/wordpress\/?tag=am"},"img":{"alt_text":"","src":"","width":0,"height":0},"classes":[]}],"_links":{"self":[{"href":"https:\/\/www.achimbrueckner.de\/freeradio\/php\/wordpress\/index.php?rest_route=\/wp\/v2\/posts\/463838","targetHints":{"allow":["GET"]}}],"collection":[{"href":"https:\/\/www.achimbrueckner.de\/freeradio\/php\/wordpress\/index.php?rest_route=\/wp\/v2\/posts"}],"about":[{"href":"https:\/\/www.achimbrueckner.de\/freeradio\/php\/wordpress\/index.php?rest_route=\/wp\/v2\/types\/post"}],"author":[{"embeddable":true,"href":"https:\/\/www.achimbrueckner.de\/freeradio\/php\/wordpress\/index.php?rest_route=\/wp\/v2\/users\/1"}],"replies":[{"embeddable":true,"href":"https:\/\/www.achimbrueckner.de\/freeradio\/php\/wordpress\/index.php?rest_route=%2Fwp%2Fv2%2Fcomments&post=463838"}],"version-history":[{"count":0,"href":"https:\/\/www.achimbrueckner.de\/freeradio\/php\/wordpress\/index.php?rest_route=\/wp\/v2\/posts\/463838\/revisions"}],"wp:attachment":[{"href":"https:\/\/www.achimbrueckner.de\/freeradio\/php\/wordpress\/index.php?rest_route=%2Fwp%2Fv2%2Fmedia&parent=463838"}],"wp:term":[{"taxonomy":"category","embeddable":true,"href":"https:\/\/www.achimbrueckner.de\/freeradio\/php\/wordpress\/index.php?rest_route=%2Fwp%2Fv2%2Fcategories&post=463838"},{"taxonomy":"post_tag","embeddable":true,"href":"https:\/\/www.achimbrueckner.de\/freeradio\/php\/wordpress\/index.php?rest_route=%2Fwp%2Fv2%2Ftags&post=463838"}],"curies":[{"name":"wp","href":"https:\/\/api.w.org\/{rel}","templated":true}]}}