{"id":463861,"date":"2020-08-17T15:51:32","date_gmt":"2020-08-17T15:51:32","guid":{"rendered":"https:\/\/www.achimbrueckner.de\/freeradio\/php\/wordpress\/?p=463861"},"modified":"2020-08-17T15:51:32","modified_gmt":"2020-08-17T15:51:32","slug":"nick-barker-alias-klaus-beilke","status":"publish","type":"post","link":"https:\/\/www.achimbrueckner.de\/freeradio\/php\/wordpress\/?p=463861","title":{"rendered":"Nick Barker alias Klaus Beilke"},"content":{"rendered":"<p><a href=\"https:\/\/fmkompakt.de\/index.php\/nick-barker\" rel=\"noopener noreferrer\" target=\"_blank\">https:\/\/fmkompakt.de\/index.php\/nick-barker<\/a><\/p>\n","protected":false},"excerpt":{"rendered":"<p>https:\/\/fmkompakt.de\/index.php\/nick-barker<\/p>\n","protected":false},"author":1,"featured_media":0,"comment_status":"closed","ping_status":"open","sticky":false,"template":"","format":"standard","meta":{"_jetpack_memberships_contains_paid_content":false,"footnotes":"","jetpack_publicize_message":"","jetpack_publicize_feature_enabled":true,"jetpack_social_post_already_shared":true,"jetpack_social_options":{"image_generator_settings":{"template":"highway","default_image_id":0,"font":"","enabled":false},"version":2}},"categories":[1],"tags":[24],"class_list":["post-463861","post","type-post","status-publish","format-standard","hentry","category-uncategorized","tag-fm"],"jetpack_publicize_connections":[],"jetpack_featured_media_url":"","jetpack_sharing_enabled":true,"jetpack_shortlink":"https:\/\/wp.me\/p5CD59-1WFD","jetpack-related-posts":[{"id":463883,"url":"https:\/\/www.achimbrueckner.de\/freeradio\/php\/wordpress\/?p=463883","url_meta":{"origin":463861,"position":0},"title":"BNL &#8211; Flight 101 Mit Nick Barker &#8211; 3.10.1982","author":"Administrator","date":"August 21, 2020 17:01","format":false,"excerpt":"https:\/\/soundcloud.com\/lothar-latte\/bnl-flight-101-mit-nick-barker-3101982","rel":"","context":"Similar post","block_context":{"text":"Similar post","link":""},"img":{"alt_text":"","src":"","width":0,"height":0},"classes":[]},{"id":23308,"url":"https:\/\/www.achimbrueckner.de\/freeradio\/php\/wordpress\/?p=23308","url_meta":{"origin":463861,"position":1},"title":"Radio Benelux Website Spot","author":"Administrator","date":"November 1, 2011 18:57","format":false,"excerpt":"hier ein von Nick Barker und mir produzierter Spot f\u00fcr die Radio Benelux-Website, mit vielen O-T\u00f6nen aus den sch\u00f6nen Benelux-Zeiten. promo_fuer_radio-benelux.de.mp3","rel":"","context":"In &quot;download&quot;","block_context":{"text":"download","link":"https:\/\/www.achimbrueckner.de\/freeradio\/php\/wordpress\/?cat=7"},"img":{"alt_text":"","src":"","width":0,"height":0},"classes":[]},{"id":462343,"url":"https:\/\/www.achimbrueckner.de\/freeradio\/php\/wordpress\/?p=462343","url_meta":{"origin":463861,"position":2},"title":"Radio M1","author":"Administrator","date":"January 26, 2020 15:04","format":false,"excerpt":"https:\/\/fmkompakt.de\/index.php\/radio-m1","rel":"","context":"In \"FM\"","block_context":{"text":"FM","link":"https:\/\/www.achimbrueckner.de\/freeradio\/php\/wordpress\/?tag=fm"},"img":{"alt_text":"","src":"","width":0,"height":0},"classes":[]},{"id":463446,"url":"https:\/\/www.achimbrueckner.de\/freeradio\/php\/wordpress\/?p=463446","url_meta":{"origin":463861,"position":3},"title":"FMK besucht Ostbelgien 10\/18","author":"Administrator","date":"June 4, 2020 15:32","format":false,"excerpt":"https:\/\/fmkompakt.de\/index.php\/fmk-besucht-ostbelgien-10-18","rel":"","context":"In \"FM\"","block_context":{"text":"FM","link":"https:\/\/www.achimbrueckner.de\/freeradio\/php\/wordpress\/?tag=fm"},"img":{"alt_text":"","src":"","width":0,"height":0},"classes":[]},{"id":462156,"url":"https:\/\/www.achimbrueckner.de\/freeradio\/php\/wordpress\/?p=462156","url_meta":{"origin":463861,"position":4},"title":"FMK besucht Ostbelgien 10\/18","author":"Administrator","date":"December 28, 2019 14:26","format":false,"excerpt":"https:\/\/fmkompakt.de\/index.php\/fmk-besucht-ostbelgien-10-18","rel":"","context":"In \"FM\"","block_context":{"text":"FM","link":"https:\/\/www.achimbrueckner.de\/freeradio\/php\/wordpress\/?tag=fm"},"img":{"alt_text":"","src":"","width":0,"height":0},"classes":[]},{"id":462517,"url":"https:\/\/www.achimbrueckner.de\/freeradio\/php\/wordpress\/?p=462517","url_meta":{"origin":463861,"position":5},"title":"Sieglinde aus Innsbruck\/Radio Brenner","author":"Administrator","date":"February 14, 2020 17:06","format":false,"excerpt":"https:\/\/fmkompakt.de\/index.php\/sieglinde-aus-innsbruck-radio-brenner","rel":"","context":"In \"FM\"","block_context":{"text":"FM","link":"https:\/\/www.achimbrueckner.de\/freeradio\/php\/wordpress\/?tag=fm"},"img":{"alt_text":"","src":"","width":0,"height":0},"classes":[]}],"_links":{"self":[{"href":"https:\/\/www.achimbrueckner.de\/freeradio\/php\/wordpress\/index.php?rest_route=\/wp\/v2\/posts\/463861","targetHints":{"allow":["GET"]}}],"collection":[{"href":"https:\/\/www.achimbrueckner.de\/freeradio\/php\/wordpress\/index.php?rest_route=\/wp\/v2\/posts"}],"about":[{"href":"https:\/\/www.achimbrueckner.de\/freeradio\/php\/wordpress\/index.php?rest_route=\/wp\/v2\/types\/post"}],"author":[{"embeddable":true,"href":"https:\/\/www.achimbrueckner.de\/freeradio\/php\/wordpress\/index.php?rest_route=\/wp\/v2\/users\/1"}],"replies":[{"embeddable":true,"href":"https:\/\/www.achimbrueckner.de\/freeradio\/php\/wordpress\/index.php?rest_route=%2Fwp%2Fv2%2Fcomments&post=463861"}],"version-history":[{"count":0,"href":"https:\/\/www.achimbrueckner.de\/freeradio\/php\/wordpress\/index.php?rest_route=\/wp\/v2\/posts\/463861\/revisions"}],"wp:attachment":[{"href":"https:\/\/www.achimbrueckner.de\/freeradio\/php\/wordpress\/index.php?rest_route=%2Fwp%2Fv2%2Fmedia&parent=463861"}],"wp:term":[{"taxonomy":"category","embeddable":true,"href":"https:\/\/www.achimbrueckner.de\/freeradio\/php\/wordpress\/index.php?rest_route=%2Fwp%2Fv2%2Fcategories&post=463861"},{"taxonomy":"post_tag","embeddable":true,"href":"https:\/\/www.achimbrueckner.de\/freeradio\/php\/wordpress\/index.php?rest_route=%2Fwp%2Fv2%2Ftags&post=463861"}],"curies":[{"name":"wp","href":"https:\/\/api.w.org\/{rel}","templated":true}]}}