{"id":463988,"date":"2020-09-08T16:53:18","date_gmt":"2020-09-08T16:53:18","guid":{"rendered":"https:\/\/www.achimbrueckner.de\/freeradio\/php\/wordpress\/?p=463988"},"modified":"2020-09-08T16:53:18","modified_gmt":"2020-09-08T16:53:18","slug":"ich-bekam-schon-immer-gegenwind","status":"publish","type":"post","link":"https:\/\/www.achimbrueckner.de\/freeradio\/php\/wordpress\/?p=463988","title":{"rendered":"&#8220;Ich bekam schon immer Gegenwind&#8221;"},"content":{"rendered":"<p><a href=\"https:\/\/www.vol.at\/ich-bekam-schon-immer-gegenwind\/6721141\" rel=\"noopener noreferrer\" target=\"_blank\">https:\/\/www.vol.at\/ich-bekam-schon-immer-gegenwind\/6721141<\/a><\/p>\n","protected":false},"excerpt":{"rendered":"<p>https:\/\/www.vol.at\/ich-bekam-schon-immer-gegenwind\/6721141<\/p>\n","protected":false},"author":1,"featured_media":0,"comment_status":"closed","ping_status":"open","sticky":false,"template":"","format":"standard","meta":{"_jetpack_memberships_contains_paid_content":false,"footnotes":"","jetpack_publicize_message":"","jetpack_publicize_feature_enabled":true,"jetpack_social_post_already_shared":true,"jetpack_social_options":{"image_generator_settings":{"template":"highway","default_image_id":0,"font":"","enabled":false},"version":2}},"categories":[1],"tags":[22],"class_list":["post-463988","post","type-post","status-publish","format-standard","hentry","category-uncategorized","tag-am"],"jetpack_publicize_connections":[],"jetpack_featured_media_url":"","jetpack_sharing_enabled":true,"jetpack_shortlink":"https:\/\/wp.me\/p5CD59-1WHG","jetpack-related-posts":[{"id":479,"url":"https:\/\/www.achimbrueckner.de\/freeradio\/php\/wordpress\/?p=479","url_meta":{"origin":463988,"position":0},"title":"Schlechte Bedingungen im 48m Band","author":"Administrator","date":"March 11, 2006 15:18","format":false,"excerpt":"Obwohl ich den ganzen Morgen und Nachmittag immer mal wieder \u00fcbers 48m Band gedreht habe, habe ich keine holl\u00e4ndische Station empfangen. Das Erdmagnetfeld ist etwas gest\u00f6rt, aber so schlecht waren die Bedingungen schon lange nicht mehr. An Logs wurde Radio Valencia auf 6310 Khz gemeldet, hier kein Signal.","rel":"","context":"Similar post","block_context":{"text":"Similar post","link":""},"img":{"alt_text":"","src":"","width":0,"height":0},"classes":[]},{"id":27,"url":"https:\/\/www.achimbrueckner.de\/freeradio\/php\/wordpress\/?p=27","url_meta":{"origin":463988,"position":1},"title":"Radio Marabu","author":"Administrator","date":"September 3, 2005 15:14","format":false,"excerpt":"Anl\u00e4sslich des 5. Erkrather Radiotages Erkrath 2005 ist Radio Marabu auf der 9290 Khz zu h\u00f6ren. Das Team von Radio Marabu ist auch vor Ort in Erkrath. Radio Marabu habe ich schon Ende der 80er Jahre im 48m Band geh\u00f6rt. In den Programmen gibt es immer viel alternative Musik. Radio\u2026","rel":"","context":"In &quot;Empfang&quot;","block_context":{"text":"Empfang","link":"https:\/\/www.achimbrueckner.de\/freeradio\/php\/wordpress\/?cat=3"},"img":{"alt_text":"","src":"","width":0,"height":0},"classes":[]},{"id":467443,"url":"https:\/\/www.achimbrueckner.de\/freeradio\/php\/wordpress\/?p=467443","url_meta":{"origin":463988,"position":2},"title":"Radio Joystick 7330 Khz 7 August 2022 1200 MESZ","author":"Administrator","date":"August 1, 2022 14:11","format":false,"excerpt":"Die aktuelle Charlie-Prince-Show ist n\u00e4chsten Sonntag um zw\u00f6lf Uhr deutscher Zeit auf 7330 kHz zu h\u00f6ren! Sie beginnt mit einem Meisterwerk des aufstrebenden kanadischen DJs und Produzenten \u201aStekl\u2018 alias Alex aus Vancouver. Man sp\u00fcrt sein gro\u00dfartiges Gesp\u00fcr f\u00fcr Samples und eing\u00e4ngige Melodien. \u201aTanuki\u2018 dagegen ist nicht nur eine wichtige Sagengestalt\u2026","rel":"","context":"Similar post","block_context":{"text":"Similar post","link":""},"img":{"alt_text":"","src":"","width":0,"height":0},"classes":[]},{"id":461972,"url":"https:\/\/www.achimbrueckner.de\/freeradio\/php\/wordpress\/?p=461972","url_meta":{"origin":463988,"position":3},"title":"Radio Sylvia 6070 Khz 7. Dezember 2019","author":"Administrator","date":"November 25, 2019 17:08","format":false,"excerpt":"Hallo und Moin! Euch graut schon vor der bald wieder aufkommenden Weihnachtsbesinnlichkeit? Es gibt ein perfektes Gegenmittel: Schaltet einfach am 7. Dezember um 18 Uhr Radio Sylvia ein. Euch erwartet die ultimative sechsst\u00fcndige Weihnachts-Radiorandale mit knackigen Kl\u00e4ngen und bet\u00f6render Weihnachtsmusik. Au\u00dferdem feiern wir in der Sendung den 35. Jahrestag unserer\u2026","rel":"","context":"In \"AM\"","block_context":{"text":"AM","link":"https:\/\/www.achimbrueckner.de\/freeradio\/php\/wordpress\/?tag=am"},"img":{"alt_text":"","src":"","width":0,"height":0},"classes":[]},{"id":464696,"url":"https:\/\/www.achimbrueckner.de\/freeradio\/php\/wordpress\/?p=464696","url_meta":{"origin":463988,"position":4},"title":"Sendeschiff Kanaren Full Gospel Las Palmas Church","author":"Administrator","date":"January 10, 2021 15:37","format":false,"excerpt":"Thread in der Mailingliste A-DX: > Existiert(e) da nicht ein Radioschiff, das Gottesdienste f\u00fcr koreanische Fischer sendet(e)? Finde auf die Schnelle nichts, die Station wurde aber bisweilen, ich glaube um 9 MHz, auch in < > Europa geh\u00f6rt. Davon habe ich noch nie etwas geh\u00f6rt. Es gab einmal auf den\u2026","rel":"","context":"In \"AM\"","block_context":{"text":"AM","link":"https:\/\/www.achimbrueckner.de\/freeradio\/php\/wordpress\/?tag=am"},"img":{"alt_text":"","src":"","width":0,"height":0},"classes":[]},{"id":16,"url":"https:\/\/www.achimbrueckner.de\/freeradio\/php\/wordpress\/?p=16","url_meta":{"origin":463988,"position":5},"title":"Radio City ???","author":"Administrator","date":"August 27, 2005 22:52","format":false,"excerpt":"Tentativ Radio City spielt heute auf der 3900 Khz gegen 2200 Utc. Es gibt viele Wortbeitr\u00e4ge und Ansagen in Deutsch und Englisch, au\u00dferdem wird die SRS Ytterby-Adresse angesagt. Eine klare ID habe ich noch nicht geh\u00f6rt, finde ich bei dieser Station aber auch immer etwas schwierig. Das Signal ist mit\u2026","rel":"","context":"In &quot;Empfang&quot;","block_context":{"text":"Empfang","link":"https:\/\/www.achimbrueckner.de\/freeradio\/php\/wordpress\/?cat=3"},"img":{"alt_text":"","src":"","width":0,"height":0},"classes":[]}],"_links":{"self":[{"href":"https:\/\/www.achimbrueckner.de\/freeradio\/php\/wordpress\/index.php?rest_route=\/wp\/v2\/posts\/463988","targetHints":{"allow":["GET"]}}],"collection":[{"href":"https:\/\/www.achimbrueckner.de\/freeradio\/php\/wordpress\/index.php?rest_route=\/wp\/v2\/posts"}],"about":[{"href":"https:\/\/www.achimbrueckner.de\/freeradio\/php\/wordpress\/index.php?rest_route=\/wp\/v2\/types\/post"}],"author":[{"embeddable":true,"href":"https:\/\/www.achimbrueckner.de\/freeradio\/php\/wordpress\/index.php?rest_route=\/wp\/v2\/users\/1"}],"replies":[{"embeddable":true,"href":"https:\/\/www.achimbrueckner.de\/freeradio\/php\/wordpress\/index.php?rest_route=%2Fwp%2Fv2%2Fcomments&post=463988"}],"version-history":[{"count":0,"href":"https:\/\/www.achimbrueckner.de\/freeradio\/php\/wordpress\/index.php?rest_route=\/wp\/v2\/posts\/463988\/revisions"}],"wp:attachment":[{"href":"https:\/\/www.achimbrueckner.de\/freeradio\/php\/wordpress\/index.php?rest_route=%2Fwp%2Fv2%2Fmedia&parent=463988"}],"wp:term":[{"taxonomy":"category","embeddable":true,"href":"https:\/\/www.achimbrueckner.de\/freeradio\/php\/wordpress\/index.php?rest_route=%2Fwp%2Fv2%2Fcategories&post=463988"},{"taxonomy":"post_tag","embeddable":true,"href":"https:\/\/www.achimbrueckner.de\/freeradio\/php\/wordpress\/index.php?rest_route=%2Fwp%2Fv2%2Ftags&post=463988"}],"curies":[{"name":"wp","href":"https:\/\/api.w.org\/{rel}","templated":true}]}}