{"id":464087,"date":"2020-09-24T14:57:31","date_gmt":"2020-09-24T14:57:31","guid":{"rendered":"https:\/\/www.achimbrueckner.de\/freeradio\/php\/wordpress\/?p=464087"},"modified":"2020-09-24T14:57:31","modified_gmt":"2020-09-24T14:57:31","slug":"piraten-und-pioniere-die-abenteuerliche-geschichte-des-privaten-rundfunks-in-osterreich","status":"publish","type":"post","link":"https:\/\/www.achimbrueckner.de\/freeradio\/php\/wordpress\/?p=464087","title":{"rendered":"Piraten und Pioniere &#8211; Die abenteuerliche Geschichte des privaten Rundfunks in \u00d6sterreich"},"content":{"rendered":"<p><a href=\"https:\/\/www.servustv.com\/videos\/aa-2452e9yy52112\/\" rel=\"noopener noreferrer\" target=\"_blank\">https:\/\/www.servustv.com\/videos\/aa-2452e9yy52112\/<\/a><\/p>\n","protected":false},"excerpt":{"rendered":"<p>https:\/\/www.servustv.com\/videos\/aa-2452e9yy52112\/<\/p>\n","protected":false},"author":1,"featured_media":0,"comment_status":"closed","ping_status":"open","sticky":false,"template":"","format":"standard","meta":{"_jetpack_memberships_contains_paid_content":false,"footnotes":"","jetpack_publicize_message":"","jetpack_publicize_feature_enabled":true,"jetpack_social_post_already_shared":true,"jetpack_social_options":{"image_generator_settings":{"template":"highway","default_image_id":0,"font":"","enabled":false},"version":2}},"categories":[1],"tags":[],"class_list":["post-464087","post","type-post","status-publish","format-standard","hentry","category-uncategorized"],"jetpack_publicize_connections":[],"jetpack_featured_media_url":"","jetpack_sharing_enabled":true,"jetpack_shortlink":"https:\/\/wp.me\/p5CD59-1WJh","jetpack-related-posts":[{"id":473820,"url":"https:\/\/www.achimbrueckner.de\/freeradio\/php\/wordpress\/?p=473820","url_meta":{"origin":464087,"position":0},"title":"R\u00fcdiger Landgraf, Stefan Szakacs Piratenradios und anderer &#8220;grober Unfug&#8221;: Die andere Geschichte des Rundfunks","author":"Administrator","date":"November 26, 2024 16:09","format":false,"excerpt":"https:\/\/www.derstandard.at\/story\/3000000244770\/piratenradios-und-anderer-grober-unfug-die-andere-geschichte-des-rundfunks Info via A-DX Facebook","rel":"","context":"Similar post","block_context":{"text":"Similar post","link":""},"img":{"alt_text":"","src":"","width":0,"height":0},"classes":[]},{"id":33471,"url":"https:\/\/www.achimbrueckner.de\/freeradio\/php\/wordpress\/?p=33471","url_meta":{"origin":464087,"position":1},"title":"Die Legende lebt&#8230;  Geschichte des S\u00fcdtiroler Rundfunks  gestern und heute","author":"Administrator","date":"May 30, 2014 08:14","format":false,"excerpt":"http:\/\/www.radiojournal.de\/suedtirol2\/index.htm","rel":"","context":"Similar post","block_context":{"text":"Similar post","link":""},"img":{"alt_text":"","src":"","width":0,"height":0},"classes":[]},{"id":458699,"url":"https:\/\/www.achimbrueckner.de\/freeradio\/php\/wordpress\/?p=458699","url_meta":{"origin":464087,"position":2},"title":"RADIOGESCHICHTEN &#8211; Pioniere, Piraten und der Fall des Monopols","author":"Administrator","date":"April 28, 2018 14:43","format":false,"excerpt":"https:\/\/www.youtube.com\/watch?v=9X-FUjlwOh8&feature=youtu.be","rel":"","context":"Similar post","block_context":{"text":"Similar post","link":""},"img":{"alt_text":"","src":"","width":0,"height":0},"classes":[]},{"id":450979,"url":"https:\/\/www.achimbrueckner.de\/freeradio\/php\/wordpress\/?p=450979","url_meta":{"origin":464087,"position":3},"title":"RADIOGESCHICHTEN &#8211; Pioniere, Piraten und der Fall des Monopols","author":"Administrator","date":"October 8, 2016 21:42","format":false,"excerpt":"https:\/\/www.youtube.com\/watch?v=9X-FUjlwOh8&feature=share","rel":"","context":"Similar post","block_context":{"text":"Similar post","link":""},"img":{"alt_text":"","src":"","width":0,"height":0},"classes":[]},{"id":464809,"url":"https:\/\/www.achimbrueckner.de\/freeradio\/php\/wordpress\/?p=464809","url_meta":{"origin":464087,"position":4},"title":"RADIOGESCHICHTEN &#8211; Pioniere, Piraten und der Fall des Monopols","author":"Administrator","date":"February 1, 2021 18:44","format":false,"excerpt":"https:\/\/www.youtube.com\/watch?v=9X-FUjlwOh8&feature=share","rel":"","context":"Similar post","block_context":{"text":"Similar post","link":""},"img":{"alt_text":"","src":"","width":0,"height":0},"classes":[]},{"id":23408,"url":"https:\/\/www.achimbrueckner.de\/freeradio\/php\/wordpress\/?p=23408","url_meta":{"origin":464087,"position":5},"title":"Hamburger Lokalradio 13 November 2011","author":"Administrator","date":"November 11, 2011 23:15","format":false,"excerpt":"Hallo liebe Listen- Mitglieder, am Sonntag den 13. November 2011 wird die vorerst letzte Testsendung des Hamburger Lokalradios auf 7265 KHz ausgestrahlt. Obwohl es eine Testsendung ist, werden interessante Beitr\u00e4ge \u00fcber die Geschichte des Deutschen Rundfunks und der Piratensender zu h\u00f6ren sein. Die Testsendung wird \u00fcber den Kurzwellensender G\u00f6hren (MV\u2026","rel":"","context":"In \"AM\"","block_context":{"text":"AM","link":"https:\/\/www.achimbrueckner.de\/freeradio\/php\/wordpress\/?tag=am"},"img":{"alt_text":"","src":"","width":0,"height":0},"classes":[]}],"_links":{"self":[{"href":"https:\/\/www.achimbrueckner.de\/freeradio\/php\/wordpress\/index.php?rest_route=\/wp\/v2\/posts\/464087","targetHints":{"allow":["GET"]}}],"collection":[{"href":"https:\/\/www.achimbrueckner.de\/freeradio\/php\/wordpress\/index.php?rest_route=\/wp\/v2\/posts"}],"about":[{"href":"https:\/\/www.achimbrueckner.de\/freeradio\/php\/wordpress\/index.php?rest_route=\/wp\/v2\/types\/post"}],"author":[{"embeddable":true,"href":"https:\/\/www.achimbrueckner.de\/freeradio\/php\/wordpress\/index.php?rest_route=\/wp\/v2\/users\/1"}],"replies":[{"embeddable":true,"href":"https:\/\/www.achimbrueckner.de\/freeradio\/php\/wordpress\/index.php?rest_route=%2Fwp%2Fv2%2Fcomments&post=464087"}],"version-history":[{"count":0,"href":"https:\/\/www.achimbrueckner.de\/freeradio\/php\/wordpress\/index.php?rest_route=\/wp\/v2\/posts\/464087\/revisions"}],"wp:attachment":[{"href":"https:\/\/www.achimbrueckner.de\/freeradio\/php\/wordpress\/index.php?rest_route=%2Fwp%2Fv2%2Fmedia&parent=464087"}],"wp:term":[{"taxonomy":"category","embeddable":true,"href":"https:\/\/www.achimbrueckner.de\/freeradio\/php\/wordpress\/index.php?rest_route=%2Fwp%2Fv2%2Fcategories&post=464087"},{"taxonomy":"post_tag","embeddable":true,"href":"https:\/\/www.achimbrueckner.de\/freeradio\/php\/wordpress\/index.php?rest_route=%2Fwp%2Fv2%2Ftags&post=464087"}],"curies":[{"name":"wp","href":"https:\/\/api.w.org\/{rel}","templated":true}]}}