{"id":464109,"date":"2020-10-01T15:15:05","date_gmt":"2020-10-01T15:15:05","guid":{"rendered":"https:\/\/www.achimbrueckner.de\/freeradio\/php\/wordpress\/?p=464109"},"modified":"2020-10-01T15:15:05","modified_gmt":"2020-10-01T15:15:05","slug":"illegale-radiosender-im-nordkreis-cloppenburg-gesendet-wurde-auch-aus-dem-kuhstall","status":"publish","type":"post","link":"https:\/\/www.achimbrueckner.de\/freeradio\/php\/wordpress\/?p=464109","title":{"rendered":"ILLEGALE RADIOSENDER IM NORDKREIS CLOPPENBURG Gesendet wurde auch aus dem Kuhstall"},"content":{"rendered":"<p><a href=\"https:\/\/www.nwzonline.de\/plus-cloppenburg-kreis\/friesoythe-saterland-illegale-radiosender-im-nordkreis-cloppenburg-gesendet-wurde-auch-aus-dem-kuhstall_a_50,10,476626586.html\" rel=\"noopener noreferrer\" target=\"_blank\">https:\/\/www.nwzonline.de\/plus-cloppenburg-kreis\/friesoythe-saterland-illegale-radiosender-im-nordkreis-cloppenburg-gesendet-wurde-auch-aus-dem-kuhstall_a_50,10,476626586.html<\/a><\/p>\n","protected":false},"excerpt":{"rendered":"<p>https:\/\/www.nwzonline.de\/plus-cloppenburg-kreis\/friesoythe-saterland-illegale-radiosender-im-nordkreis-cloppenburg-gesendet-wurde-auch-aus-dem-kuhstall_a_50,10,476626586.html<\/p>\n","protected":false},"author":1,"featured_media":0,"comment_status":"closed","ping_status":"open","sticky":false,"template":"","format":"standard","meta":{"_jetpack_memberships_contains_paid_content":false,"footnotes":"","jetpack_publicize_message":"","jetpack_publicize_feature_enabled":true,"jetpack_social_post_already_shared":true,"jetpack_social_options":{"image_generator_settings":{"template":"highway","default_image_id":0,"font":"","enabled":false},"version":2}},"categories":[1],"tags":[],"class_list":["post-464109","post","type-post","status-publish","format-standard","hentry","category-uncategorized"],"jetpack_publicize_connections":[],"jetpack_featured_media_url":"","jetpack_sharing_enabled":true,"jetpack_shortlink":"https:\/\/wp.me\/p5CD59-1WJD","jetpack-related-posts":[{"id":11445,"url":"https:\/\/www.achimbrueckner.de\/freeradio\/php\/wordpress\/?p=11445","url_meta":{"origin":464109,"position":0},"title":"Der k\u00fcrzeste Radiosender aller Zeiten","author":"Administrator","date":"April 5, 2009 20:29","format":false,"excerpt":"Liebe Freunde des guten Radios, Berlin hat einen neuen Radiosender! Radio Rock Revolution 88.4 FM ist der erste schwimmende Radiosender der Hauptstadt. Mit an Bord sind Hollywoodstars und musikalische G\u00e4ste, die drei Tage lang ein rockiges Programm abfahren. Ab heute, Sonntag, 10:00 Uhr, wird gesendet. Von einem Boot, das in\u2026","rel":"","context":"In \"AM\"","block_context":{"text":"AM","link":"https:\/\/www.achimbrueckner.de\/freeradio\/php\/wordpress\/?tag=am"},"img":{"alt_text":"","src":"","width":0,"height":0},"classes":[]},{"id":464523,"url":"https:\/\/www.achimbrueckner.de\/freeradio\/php\/wordpress\/?p=464523","url_meta":{"origin":464109,"position":1},"title":"Seesender Radio Monique kehrt in den \u00c4ther zur\u00fcck","author":"Administrator","date":"December 16, 2020 17:19","format":false,"excerpt":"Seesender Radio Monique kehrt in den \u00c4ther zur\u00fcck Heute ist der ehemalige Seesender Radio Monique wieder auf Sendung zu h\u00f6ren. Der Radiosender feiert nach vielen Jahren ein legales Comeback. Radio Monique war als Seesender in der zweiten H\u00e4lfte der 80er Jahre \u00fcber Mittelwelle zu h\u00f6ren. Die Sendungen kamen dann von\u2026","rel":"","context":"In \"AM\"","block_context":{"text":"AM","link":"https:\/\/www.achimbrueckner.de\/freeradio\/php\/wordpress\/?tag=am"},"img":{"alt_text":"","src":"","width":0,"height":0},"classes":[]},{"id":24693,"url":"https:\/\/www.achimbrueckner.de\/freeradio\/php\/wordpress\/?p=24693","url_meta":{"origin":464109,"position":2},"title":"Regierung der Kanaren erkl\u00e4rt die Mehrzahl der Radiosender im S\u00fcden f\u00fcr illegal","author":"Administrator","date":"April 10, 2012 19:48","format":false,"excerpt":"Regierung der Kanaren erkl\u00e4rt die Mehrzahl der Radiosender im S\u00fcden f\u00fcr illegal http:\/\/www.comprendes-grancanaria.de\/news\/newsdetails\/datum\/2012\/04\/09\/regierung-der-kanaren-erklaert-die-mehrzahl-der-radiosender-im-sueden-fuer-illegal-1\/","rel":"","context":"Similar post","block_context":{"text":"Similar post","link":""},"img":{"alt_text":"","src":"","width":0,"height":0},"classes":[]},{"id":35177,"url":"https:\/\/www.achimbrueckner.de\/freeradio\/php\/wordpress\/?p=35177","url_meta":{"origin":464109,"position":3},"title":"3. Seepiraten-Nacht am Samstag, 30. August ab 20 Uhr","author":"Administrator","date":"August 30, 2014 13:32","format":false,"excerpt":"3. Seepiraten-Nacht am Samstag, 30. August ab 20 Uhr: Sondersendung zum 40. Jahrestag des Verbots von Seesendern vor der niederl\u00e4ndischen K\u00fcste von Gunnar Leohnard (Eisenach). Am 31. August 1974 verstummten die ber\u00fchmt-ber\u00fcchtigten Piraten-Radiosender vor der holl\u00e4ndischen K\u00fcste. Radio Veronica, Radio Atlantis und Radio Nordsee International wurden abgeschaltet, Radio Caroline verlagerte\u2026","rel":"","context":"In \"AM\"","block_context":{"text":"AM","link":"https:\/\/www.achimbrueckner.de\/freeradio\/php\/wordpress\/?tag=am"},"img":{"alt_text":"","src":"","width":0,"height":0},"classes":[]},{"id":21120,"url":"https:\/\/www.achimbrueckner.de\/freeradio\/php\/wordpress\/?p=21120","url_meta":{"origin":464109,"position":4},"title":"Kanaren: Erster unlizenzierter Radiosender geschlossen","author":"Administrator","date":"January 12, 2011 16:10","format":false,"excerpt":"Kanaren: Erster unlizenzierter Radiosender geschlossen http:\/\/www.comprendes-grancanaria.de\/news\/newsdetails\/datum\/2011\/01\/11\/erster-unlizenzierter-radiosender-geschlossen\/","rel":"","context":"Similar post","block_context":{"text":"Similar post","link":""},"img":{"alt_text":"","src":"","width":0,"height":0},"classes":[]},{"id":473870,"url":"https:\/\/www.achimbrueckner.de\/freeradio\/php\/wordpress\/?p=473870","url_meta":{"origin":464109,"position":5},"title":"Radio Seagull mit speziellem Programm f\u00fcr die Weihnachtswoche","author":"Administrator","date":"December 23, 2024 13:55","format":false,"excerpt":"Radio Seagull mit speziellem Programm f\u00fcr die Weihnachtswoche Radio Seagull hat sein Programm f\u00fcr die Weihnachtswoche angepasst. Das regul\u00e4re Programm wurde ge\u00e4ndert. Am Montag und Dienstag werden einige historische Sendungen von ehemaligen Seagull-Mitgliedern wie den k\u00fcrzlich verstorbenen Dave Foster und Carl Kingston wiederholt. Am ersten Weihnachtstag von 6 Uhr morgens\u2026","rel":"","context":"Similar post","block_context":{"text":"Similar post","link":""},"img":{"alt_text":"","src":"","width":0,"height":0},"classes":[]}],"_links":{"self":[{"href":"https:\/\/www.achimbrueckner.de\/freeradio\/php\/wordpress\/index.php?rest_route=\/wp\/v2\/posts\/464109","targetHints":{"allow":["GET"]}}],"collection":[{"href":"https:\/\/www.achimbrueckner.de\/freeradio\/php\/wordpress\/index.php?rest_route=\/wp\/v2\/posts"}],"about":[{"href":"https:\/\/www.achimbrueckner.de\/freeradio\/php\/wordpress\/index.php?rest_route=\/wp\/v2\/types\/post"}],"author":[{"embeddable":true,"href":"https:\/\/www.achimbrueckner.de\/freeradio\/php\/wordpress\/index.php?rest_route=\/wp\/v2\/users\/1"}],"replies":[{"embeddable":true,"href":"https:\/\/www.achimbrueckner.de\/freeradio\/php\/wordpress\/index.php?rest_route=%2Fwp%2Fv2%2Fcomments&post=464109"}],"version-history":[{"count":0,"href":"https:\/\/www.achimbrueckner.de\/freeradio\/php\/wordpress\/index.php?rest_route=\/wp\/v2\/posts\/464109\/revisions"}],"wp:attachment":[{"href":"https:\/\/www.achimbrueckner.de\/freeradio\/php\/wordpress\/index.php?rest_route=%2Fwp%2Fv2%2Fmedia&parent=464109"}],"wp:term":[{"taxonomy":"category","embeddable":true,"href":"https:\/\/www.achimbrueckner.de\/freeradio\/php\/wordpress\/index.php?rest_route=%2Fwp%2Fv2%2Fcategories&post=464109"},{"taxonomy":"post_tag","embeddable":true,"href":"https:\/\/www.achimbrueckner.de\/freeradio\/php\/wordpress\/index.php?rest_route=%2Fwp%2Fv2%2Ftags&post=464109"}],"curies":[{"name":"wp","href":"https:\/\/api.w.org\/{rel}","templated":true}]}}