{"id":465470,"date":"2021-07-04T18:16:13","date_gmt":"2021-07-04T18:16:13","guid":{"rendered":"https:\/\/www.achimbrueckner.de\/freeradio\/php\/wordpress\/?p=465470"},"modified":"2021-07-04T18:16:13","modified_gmt":"2021-07-04T18:16:13","slug":"crocs-spasrock-20-jahre-paradise-radio-2","status":"publish","type":"post","link":"https:\/\/www.achimbrueckner.de\/freeradio\/php\/wordpress\/?p=465470","title":{"rendered":"Crocs Spa\u00dfrock: 20 Jahre Paradise Radio"},"content":{"rendered":"<p><a href=\"https:\/\/www.radioszene.de\/11448\/crocs-spasrock-20-jahre-paradise-radio.html\" rel=\"noopener\" target=\"_blank\">https:\/\/www.radioszene.de\/11448\/crocs-spasrock-20-jahre-paradise-radio.html<\/a><\/p>\n","protected":false},"excerpt":{"rendered":"<p>https:\/\/www.radioszene.de\/11448\/crocs-spasrock-20-jahre-paradise-radio.html<\/p>\n","protected":false},"author":1,"featured_media":0,"comment_status":"closed","ping_status":"open","sticky":false,"template":"","format":"standard","meta":{"_jetpack_memberships_contains_paid_content":false,"footnotes":"","jetpack_publicize_message":"","jetpack_publicize_feature_enabled":true,"jetpack_social_post_already_shared":true,"jetpack_social_options":{"image_generator_settings":{"template":"highway","default_image_id":0,"font":"","enabled":false},"version":2}},"categories":[1],"tags":[],"class_list":["post-465470","post","type-post","status-publish","format-standard","hentry","category-uncategorized"],"jetpack_publicize_connections":[],"jetpack_featured_media_url":"","jetpack_sharing_enabled":true,"jetpack_shortlink":"https:\/\/wp.me\/p5CD59-1X5A","jetpack-related-posts":[{"id":448709,"url":"https:\/\/www.achimbrueckner.de\/freeradio\/php\/wordpress\/?p=448709","url_meta":{"origin":465470,"position":0},"title":"Crocs Spa\u00dfrock: 20 Jahre Paradise Radio","author":"Administrator","date":"July 8, 2016 21:05","format":false,"excerpt":"http:\/\/www.radioszene.de\/news\/radioparadise_211104.htm","rel":"","context":"Similar post","block_context":{"text":"Similar post","link":""},"img":{"alt_text":"","src":"","width":0,"height":0},"classes":[]},{"id":11670,"url":"https:\/\/www.achimbrueckner.de\/freeradio\/php\/wordpress\/?p=11670","url_meta":{"origin":465470,"position":1},"title":"Radio Paradise","author":"Administrator","date":"April 17, 2009 18:07","format":false,"excerpt":"Radio Paradise hat am Sonntag alte Mitschnitte von der UKW-Piratenzeit im Programm: Weitere Ausgaben folgen soontags im Programm. 14.00 \"rebel with a crew\" 25 jahre paradiseradio (1984 - 2009) .., part 5 \" die chaosshows mit g\u00e4sten . heute teil 1. : 1. Mai 1992 : Mr. Aktiv und croc\u2026","rel":"","context":"In &quot;webradio&quot;","block_context":{"text":"webradio","link":"https:\/\/www.achimbrueckner.de\/freeradio\/php\/wordpress\/?cat=13"},"img":{"alt_text":"","src":"","width":0,"height":0},"classes":[]},{"id":27415,"url":"https:\/\/www.achimbrueckner.de\/freeradio\/php\/wordpress\/?p=27415","url_meta":{"origin":465470,"position":2},"title":"Radio Paradise","author":"Administrator","date":"April 5, 2013 20:15","format":false,"excerpt":"Heute mal wieder alte Baender aus crocs PiratenRadioZeiten ... 1982 - 1993 tune in winamp : http:\/\/sf1.streamfirma.de:1380\/listen.pls mediaplayer: http:\/\/tunein.streamfirma.de\/media_sf1.streamfirma.de_1380.asx crocradio.de paradiseradio.de","rel":"","context":"In &quot;links&quot;","block_context":{"text":"links","link":"https:\/\/www.achimbrueckner.de\/freeradio\/php\/wordpress\/?cat=9"},"img":{"alt_text":"","src":"","width":0,"height":0},"classes":[]},{"id":29610,"url":"https:\/\/www.achimbrueckner.de\/freeradio\/php\/wordpress\/?p=29610","url_meta":{"origin":465470,"position":3},"title":"105.2 Paradise raided &#8230; Heute vor 20 Jahren &#8230;","author":"Administrator","date":"November 28, 2013 19:42","format":false,"excerpt":"..... am 28.11.1993 (1.Advent) wurde auf dem Dr\u00f6genp\u00fctt ein mit 105.2 Mhz friedlich vor sich hin schwingender Radio-Transmitter hinterr\u00fccks von einer feigen Bande unter dem Anf\u00fchrer Norbert Neitzel \u00fcberfallen ... aus Anlass des 20 j\u00e4hrigen Raid-Rembrance-Day gibt es am kommenden Wochenende die letzten 48 Stunden als onair mitschnitt in voller\u2026","rel":"","context":"In \"AM\"","block_context":{"text":"AM","link":"https:\/\/www.achimbrueckner.de\/freeradio\/php\/wordpress\/?tag=am"},"img":{"alt_text":"","src":"","width":0,"height":0},"classes":[]},{"id":472477,"url":"https:\/\/www.achimbrueckner.de\/freeradio\/php\/wordpress\/?p=472477","url_meta":{"origin":465470,"position":4},"title":"Jubil\u00e4um: 40 Jahre Radio Caroline von der MV Ross Revenge","author":"Administrator","date":"August 20, 2023 16:25","format":false,"excerpt":"https:\/\/www.radioblog.eu\/2023\/08\/20\/jubilaeum-40-jahre-radio-caroline-von-der-mv-ross-revenge\/","rel":"","context":"Similar post","block_context":{"text":"Similar post","link":""},"img":{"alt_text":"","src":"","width":0,"height":0},"classes":[]},{"id":14082,"url":"https:\/\/www.achimbrueckner.de\/freeradio\/php\/wordpress\/?p=14082","url_meta":{"origin":465470,"position":5},"title":"Paradise Radio","author":"Administrator","date":"October 2, 2009 15:36","format":false,"excerpt":"Paradise Radio l\u00e4uft dieses Wochenende wieder u.a. mit Sonntag 17.00 MESZ paradise fm archives ( 25 jahre paradiseradio, teil weiss der geier ) http:\/\/sound.paradiseradio.de\/ http:\/\/server2.digital-webstream.de:10380\/listen.pls","rel":"","context":"In &quot;webradio&quot;","block_context":{"text":"webradio","link":"https:\/\/www.achimbrueckner.de\/freeradio\/php\/wordpress\/?cat=13"},"img":{"alt_text":"","src":"","width":0,"height":0},"classes":[]}],"_links":{"self":[{"href":"https:\/\/www.achimbrueckner.de\/freeradio\/php\/wordpress\/index.php?rest_route=\/wp\/v2\/posts\/465470","targetHints":{"allow":["GET"]}}],"collection":[{"href":"https:\/\/www.achimbrueckner.de\/freeradio\/php\/wordpress\/index.php?rest_route=\/wp\/v2\/posts"}],"about":[{"href":"https:\/\/www.achimbrueckner.de\/freeradio\/php\/wordpress\/index.php?rest_route=\/wp\/v2\/types\/post"}],"author":[{"embeddable":true,"href":"https:\/\/www.achimbrueckner.de\/freeradio\/php\/wordpress\/index.php?rest_route=\/wp\/v2\/users\/1"}],"replies":[{"embeddable":true,"href":"https:\/\/www.achimbrueckner.de\/freeradio\/php\/wordpress\/index.php?rest_route=%2Fwp%2Fv2%2Fcomments&post=465470"}],"version-history":[{"count":0,"href":"https:\/\/www.achimbrueckner.de\/freeradio\/php\/wordpress\/index.php?rest_route=\/wp\/v2\/posts\/465470\/revisions"}],"wp:attachment":[{"href":"https:\/\/www.achimbrueckner.de\/freeradio\/php\/wordpress\/index.php?rest_route=%2Fwp%2Fv2%2Fmedia&parent=465470"}],"wp:term":[{"taxonomy":"category","embeddable":true,"href":"https:\/\/www.achimbrueckner.de\/freeradio\/php\/wordpress\/index.php?rest_route=%2Fwp%2Fv2%2Fcategories&post=465470"},{"taxonomy":"post_tag","embeddable":true,"href":"https:\/\/www.achimbrueckner.de\/freeradio\/php\/wordpress\/index.php?rest_route=%2Fwp%2Fv2%2Ftags&post=465470"}],"curies":[{"name":"wp","href":"https:\/\/api.w.org\/{rel}","templated":true}]}}