{"id":465808,"date":"2021-09-11T14:05:21","date_gmt":"2021-09-11T14:05:21","guid":{"rendered":"https:\/\/www.achimbrueckner.de\/freeradio\/php\/wordpress\/?p=465808"},"modified":"2021-09-11T14:05:21","modified_gmt":"2021-09-11T14:05:21","slug":"caroline-community-radio-wird-fur-zwei-tage-zum-seesender","status":"publish","type":"post","link":"https:\/\/www.achimbrueckner.de\/freeradio\/php\/wordpress\/?p=465808","title":{"rendered":"Caroline Community Radio wird f\u00fcr zwei Tage zum \u201cSeesender\u201d"},"content":{"rendered":"<p><a href=\"https:\/\/www.smartphonefan.de\/2021\/09\/11\/caroline-community-radio-wird-fuer-zwei-tage-zum-seesender\/\" rel=\"noopener\" target=\"_blank\">https:\/\/www.smartphonefan.de\/2021\/09\/11\/caroline-community-radio-wird-fuer-zwei-tage-zum-seesender\/<\/a><\/p>\n","protected":false},"excerpt":{"rendered":"<p>https:\/\/www.smartphonefan.de\/2021\/09\/11\/caroline-community-radio-wird-fuer-zwei-tage-zum-seesender\/<\/p>\n","protected":false},"author":1,"featured_media":0,"comment_status":"closed","ping_status":"open","sticky":false,"template":"","format":"standard","meta":{"_jetpack_memberships_contains_paid_content":false,"footnotes":"","jetpack_publicize_message":"","jetpack_publicize_feature_enabled":true,"jetpack_social_post_already_shared":true,"jetpack_social_options":{"image_generator_settings":{"template":"highway","default_image_id":0,"font":"","enabled":false},"version":2}},"categories":[1],"tags":[],"class_list":["post-465808","post","type-post","status-publish","format-standard","hentry","category-uncategorized"],"jetpack_publicize_connections":[],"jetpack_featured_media_url":"","jetpack_sharing_enabled":true,"jetpack_shortlink":"https:\/\/wp.me\/p5CD59-1Xb2","jetpack-related-posts":[{"id":474876,"url":"https:\/\/www.achimbrueckner.de\/freeradio\/php\/wordpress\/?p=474876","url_meta":{"origin":465808,"position":0},"title":"Schweiz: Radio Morcote International wird an Weihnachten zum Seesender","author":"Administrator","date":"December 18, 2025 15:57","format":false,"excerpt":"https:\/\/www.radioblog.eu\/2025\/12\/17\/schweiz-radio-morcote-international-wird-an-weihnachten-zum-seesender\/","rel":"","context":"Similar post","block_context":{"text":"Similar post","link":""},"img":{"alt_text":"","src":"","width":0,"height":0},"classes":[]},{"id":475250,"url":"https:\/\/www.achimbrueckner.de\/freeradio\/php\/wordpress\/?p=475250","url_meta":{"origin":465808,"position":1},"title":"Niederlande: Radio Seagull wird im Juni wieder zum Seesender","author":"Administrator","date":"February 23, 2026 15:53","format":false,"excerpt":"https:\/\/www.radioblog.eu\/2026\/02\/23\/niederlande-radio-seagull-wird-im-juni-wieder-zum-seesender\/","rel":"","context":"Similar post","block_context":{"text":"Similar post","link":""},"img":{"alt_text":"","src":"","width":0,"height":0},"classes":[]},{"id":30282,"url":"https:\/\/www.achimbrueckner.de\/freeradio\/php\/wordpress\/?p=30282","url_meta":{"origin":465808,"position":2},"title":"Seesender Termine 2014","author":"Administrator","date":"January 9, 2014 17:49","format":false,"excerpt":"Samstag, 8. M\u00e4rz 2014 - 50 Jahre Radio Caroline Party in Rochester Samstag, 22. M\u00e4rz 2014 - Radio Day in Amsterdam Freitag, 28. M\u00e4rz 2014 - 50th Birthday of The Pop Pirates in the Thames Estuary in Walton-On-The-Naze, Essex Info via seesender.info","rel":"","context":"In &quot;Camps&quot;","block_context":{"text":"Camps","link":"https:\/\/www.achimbrueckner.de\/freeradio\/php\/wordpress\/?cat=6"},"img":{"alt_text":"","src":"","width":0,"height":0},"classes":[]},{"id":464523,"url":"https:\/\/www.achimbrueckner.de\/freeradio\/php\/wordpress\/?p=464523","url_meta":{"origin":465808,"position":3},"title":"Seesender Radio Monique kehrt in den \u00c4ther zur\u00fcck","author":"Administrator","date":"December 16, 2020 17:19","format":false,"excerpt":"Seesender Radio Monique kehrt in den \u00c4ther zur\u00fcck Heute ist der ehemalige Seesender Radio Monique wieder auf Sendung zu h\u00f6ren. Der Radiosender feiert nach vielen Jahren ein legales Comeback. Radio Monique war als Seesender in der zweiten H\u00e4lfte der 80er Jahre \u00fcber Mittelwelle zu h\u00f6ren. Die Sendungen kamen dann von\u2026","rel":"","context":"In \"AM\"","block_context":{"text":"AM","link":"https:\/\/www.achimbrueckner.de\/freeradio\/php\/wordpress\/?tag=am"},"img":{"alt_text":"","src":"","width":0,"height":0},"classes":[]},{"id":37587,"url":"https:\/\/www.achimbrueckner.de\/freeradio\/php\/wordpress\/?p=37587","url_meta":{"origin":465808,"position":4},"title":"Offshore Memories Radio Bavaria International","author":"Administrator","date":"December 22, 2014 14:59","format":false,"excerpt":"Offshore Memories Musikalische Erinnerungen an legend\u00e4re Seesender bietet Radio Bavaria International ab 2015 immer donnerstags von 20.00 bis 22.00 Uhr. Mike Uhini erinnert an Stationen wie Radio Caroline, Radio Veronica, Radio Nordsee International oder Big L Radio London. Im Mittelpunkt der Show stehen die Charts, die damals von den Radio-Schiffen\u2026","rel":"","context":"In \"AM\"","block_context":{"text":"AM","link":"https:\/\/www.achimbrueckner.de\/freeradio\/php\/wordpress\/?tag=am"},"img":{"alt_text":"","src":"","width":0,"height":0},"classes":[]},{"id":473971,"url":"https:\/\/www.achimbrueckner.de\/freeradio\/php\/wordpress\/?p=473971","url_meta":{"origin":465808,"position":5},"title":"Radio Nordsee International: Webradio mit Seesender-Bezug startet neu durch","author":"Administrator","date":"February 24, 2025 16:31","format":false,"excerpt":"Radio Nordsee International: Webradio mit Seesender-Bezug startet neu durch Bereits Ende vergangenen Jahres wurde bekannt, dass Radio Nordsee International sein Comeback plant. Gemeint ist freilich nicht der Seesender, der von 1970 bis 1974 vom Radioschiff Mebo II auf Sendung war. Auch das Satellitenradio-Projekt gleichen Namens, das Anfang der 90er Jahre\u2026","rel":"","context":"Similar post","block_context":{"text":"Similar post","link":""},"img":{"alt_text":"","src":"","width":0,"height":0},"classes":[]}],"_links":{"self":[{"href":"https:\/\/www.achimbrueckner.de\/freeradio\/php\/wordpress\/index.php?rest_route=\/wp\/v2\/posts\/465808","targetHints":{"allow":["GET"]}}],"collection":[{"href":"https:\/\/www.achimbrueckner.de\/freeradio\/php\/wordpress\/index.php?rest_route=\/wp\/v2\/posts"}],"about":[{"href":"https:\/\/www.achimbrueckner.de\/freeradio\/php\/wordpress\/index.php?rest_route=\/wp\/v2\/types\/post"}],"author":[{"embeddable":true,"href":"https:\/\/www.achimbrueckner.de\/freeradio\/php\/wordpress\/index.php?rest_route=\/wp\/v2\/users\/1"}],"replies":[{"embeddable":true,"href":"https:\/\/www.achimbrueckner.de\/freeradio\/php\/wordpress\/index.php?rest_route=%2Fwp%2Fv2%2Fcomments&post=465808"}],"version-history":[{"count":0,"href":"https:\/\/www.achimbrueckner.de\/freeradio\/php\/wordpress\/index.php?rest_route=\/wp\/v2\/posts\/465808\/revisions"}],"wp:attachment":[{"href":"https:\/\/www.achimbrueckner.de\/freeradio\/php\/wordpress\/index.php?rest_route=%2Fwp%2Fv2%2Fmedia&parent=465808"}],"wp:term":[{"taxonomy":"category","embeddable":true,"href":"https:\/\/www.achimbrueckner.de\/freeradio\/php\/wordpress\/index.php?rest_route=%2Fwp%2Fv2%2Fcategories&post=465808"},{"taxonomy":"post_tag","embeddable":true,"href":"https:\/\/www.achimbrueckner.de\/freeradio\/php\/wordpress\/index.php?rest_route=%2Fwp%2Fv2%2Ftags&post=465808"}],"curies":[{"name":"wp","href":"https:\/\/api.w.org\/{rel}","templated":true}]}}