{"id":466211,"date":"2021-12-16T16:10:59","date_gmt":"2021-12-16T16:10:59","guid":{"rendered":"https:\/\/www.achimbrueckner.de\/freeradio\/php\/wordpress\/?p=466211"},"modified":"2021-12-16T16:10:59","modified_gmt":"2021-12-16T16:10:59","slug":"radio-dr-tim-abschiedssendung","status":"publish","type":"post","link":"https:\/\/www.achimbrueckner.de\/freeradio\/php\/wordpress\/?p=466211","title":{"rendered":"Radio Dr Tim Abschiedssendung"},"content":{"rendered":"<p>Es wird eine Abschiedssendung geben f\u00fcr meinem guten Freund &#8220;Werner Schauermann &#8211; Radio Dr, Tim&#8221; der leider sehr fr\u00fch gestorben ist.<br \/>\nDer Free Radio Service Holland hat das in die Hand genommen &#8211; das Programm kommt am Sonntag, dem 18.12.2921 auf den Kurzwellen Frequenzen 5.800, 6.185 und 7.700 kHz von 9:52 bis 14:30 Lokalzeit.  <\/p>\n","protected":false},"excerpt":{"rendered":"<p>Es wird eine Abschiedssendung geben f\u00fcr meinem guten Freund &#8220;Werner Schauermann &#8211; Radio Dr, Tim&#8221; der leider sehr fr\u00fch gestorben ist. Der Free Radio Service Holland hat das in die Hand genommen &#8211; das Programm kommt am Sonntag, dem 18.12.2921 auf den Kurzwellen Frequenzen 5.800, 6.185 und 7.700 kHz von 9:52 bis 14:30 Lokalzeit.<\/p>\n","protected":false},"author":1,"featured_media":0,"comment_status":"closed","ping_status":"open","sticky":false,"template":"","format":"standard","meta":{"_jetpack_memberships_contains_paid_content":false,"footnotes":"","jetpack_publicize_message":"","jetpack_publicize_feature_enabled":true,"jetpack_social_post_already_shared":true,"jetpack_social_options":{"image_generator_settings":{"template":"highway","default_image_id":0,"font":"","enabled":false},"version":2}},"categories":[1],"tags":[],"class_list":["post-466211","post","type-post","status-publish","format-standard","hentry","category-uncategorized"],"jetpack_publicize_connections":[],"jetpack_featured_media_url":"","jetpack_sharing_enabled":true,"jetpack_shortlink":"https:\/\/wp.me\/p5CD59-1Xhx","jetpack-related-posts":[{"id":688,"url":"https:\/\/www.achimbrueckner.de\/freeradio\/php\/wordpress\/?p=688","url_meta":{"origin":466211,"position":0},"title":"Radio Dr Tim","author":"Administrator","date":"June 18, 2006 09:41","format":false,"excerpt":"Radio Dr Tim ist auf 6280 Khz um 0940 Utc mit O=2\/3 zu h\u00f6ren. Radio Borderhunter von der 6270 Khz splattert etwas herein, aber sonst ist das Signal des Piratendoktors mit S=7 ganz ordentlich. Um 0950 Utc ist Radio Borderhunter wieder etwas schw\u00e4cher, so da\u00df es zu keinem Splatter kommt\u2026","rel":"","context":"In &quot;Empfang&quot;","block_context":{"text":"Empfang","link":"https:\/\/www.achimbrueckner.de\/freeradio\/php\/wordpress\/?cat=3"},"img":{"alt_text":"","src":"","width":0,"height":0},"classes":[]},{"id":2884,"url":"https:\/\/www.achimbrueckner.de\/freeradio\/php\/wordpress\/?p=2884","url_meta":{"origin":466211,"position":1},"title":"Radio Torenvalk","author":"Administrator","date":"November 2, 2003 12:32","format":false,"excerpt":"Das Ereignis des Tages war sicherlich die R\u00fcckkehr des Turmfalken ins 48m Band. Geh\u00f6rt wurde das joint venture mit Radio Dr Tim wobei Dr Roer sich mit der Technik und dem Senden nach der langen Abwesenheit erstmal vertraut machen mu\u00dfte. Das Signal war hier modluationsm\u00e4\u00dfig sehr gut und vom Signal\u2026","rel":"","context":"In &quot;Empfang&quot;","block_context":{"text":"Empfang","link":"https:\/\/www.achimbrueckner.de\/freeradio\/php\/wordpress\/?cat=3"},"img":{"alt_text":"","src":"","width":0,"height":0},"classes":[]},{"id":178,"url":"https:\/\/www.achimbrueckner.de\/freeradio\/php\/wordpress\/?p=178","url_meta":{"origin":466211,"position":2},"title":"Radio Dr Tim","author":"Administrator","date":"December 17, 2005 09:59","format":false,"excerpt":"Radio Dr Tim ist auf 6317 Khz um 0900 Utc zu h\u00f6ren. Der Empfang geht \u00f6fters im Rauschen und Fading unter, es reicht aber f\u00fcr eine O=2. Ansonsten ist heute morgen das 48m Band wie leergefegt, selbst Laser Hot Hits kommt nicht durch. Die Kurzwelle ist heute auch etwas durch\u2026","rel":"","context":"In &quot;Empfang&quot;","block_context":{"text":"Empfang","link":"https:\/\/www.achimbrueckner.de\/freeradio\/php\/wordpress\/?cat=3"},"img":{"alt_text":"","src":"","width":0,"height":0},"classes":[]},{"id":381,"url":"https:\/\/www.achimbrueckner.de\/freeradio\/php\/wordpress\/?p=381","url_meta":{"origin":466211,"position":3},"title":"Radio Holland AM","author":"Administrator","date":"February 16, 2006 15:51","format":false,"excerpt":"Unter der Woche lohnt sich auch der Dreh ins 48m Band. Radio Holland AM ist um 1550 Utc mit einem Bombensignal auf 6296 Khz zu h\u00f6ren. Das Signal ist mit S=9+5dB sehr stark. Im Programm gibt es Pop-Musik und Oldies und man f\u00e4hrt ein QSO mit Radio Dr Tim. Radio\u2026","rel":"","context":"In &quot;Empfang&quot;","block_context":{"text":"Empfang","link":"https:\/\/www.achimbrueckner.de\/freeradio\/php\/wordpress\/?cat=3"},"img":{"alt_text":"","src":"","width":0,"height":0},"classes":[]},{"id":532,"url":"https:\/\/www.achimbrueckner.de\/freeradio\/php\/wordpress\/?p=532","url_meta":{"origin":466211,"position":4},"title":"Radio Marabu","author":"Administrator","date":"April 12, 2006 15:50","format":false,"excerpt":"Radio Marabu wird am 15. April 2006 von 11.00 bis 15.00 Uhr deutscher Zeit (10.00 bis 14.00 Uhr UTC) auf Kurzwelle auf der Frequenz 9290 kHz zu h\u00f6ren sein. Das Programm widmet sich u.a. der Radiolegende Graham Gill, der am 15. April 2006 immerhin 70 Jahre alt (jung) wird. Auch\u2026","rel":"","context":"In \"AM\"","block_context":{"text":"AM","link":"https:\/\/www.achimbrueckner.de\/freeradio\/php\/wordpress\/?tag=am"},"img":{"alt_text":"","src":"","width":0,"height":0},"classes":[]},{"id":431,"url":"https:\/\/www.achimbrueckner.de\/freeradio\/php\/wordpress\/?p=431","url_meta":{"origin":466211,"position":5},"title":"Radio Dr. Tim","author":"The_Radio_Monitor","date":"February 26, 2006 07:52","format":false,"excerpt":"Der Doktor praktiziert heute morgen wieder im 76-m-Band. Das Signal ist schwach, aber verst\u00e4ndlich. Zur Abwechslung gibt es diesmal ein paar Pop-Oldies, aber auch Heino schmettert sein \"Caramba Caracho ein Whisky\". Frequenz: 3930,6 kHz.","rel":"","context":"In &quot;Empfang&quot;","block_context":{"text":"Empfang","link":"https:\/\/www.achimbrueckner.de\/freeradio\/php\/wordpress\/?cat=3"},"img":{"alt_text":"","src":"","width":0,"height":0},"classes":[]}],"_links":{"self":[{"href":"https:\/\/www.achimbrueckner.de\/freeradio\/php\/wordpress\/index.php?rest_route=\/wp\/v2\/posts\/466211","targetHints":{"allow":["GET"]}}],"collection":[{"href":"https:\/\/www.achimbrueckner.de\/freeradio\/php\/wordpress\/index.php?rest_route=\/wp\/v2\/posts"}],"about":[{"href":"https:\/\/www.achimbrueckner.de\/freeradio\/php\/wordpress\/index.php?rest_route=\/wp\/v2\/types\/post"}],"author":[{"embeddable":true,"href":"https:\/\/www.achimbrueckner.de\/freeradio\/php\/wordpress\/index.php?rest_route=\/wp\/v2\/users\/1"}],"replies":[{"embeddable":true,"href":"https:\/\/www.achimbrueckner.de\/freeradio\/php\/wordpress\/index.php?rest_route=%2Fwp%2Fv2%2Fcomments&post=466211"}],"version-history":[{"count":0,"href":"https:\/\/www.achimbrueckner.de\/freeradio\/php\/wordpress\/index.php?rest_route=\/wp\/v2\/posts\/466211\/revisions"}],"wp:attachment":[{"href":"https:\/\/www.achimbrueckner.de\/freeradio\/php\/wordpress\/index.php?rest_route=%2Fwp%2Fv2%2Fmedia&parent=466211"}],"wp:term":[{"taxonomy":"category","embeddable":true,"href":"https:\/\/www.achimbrueckner.de\/freeradio\/php\/wordpress\/index.php?rest_route=%2Fwp%2Fv2%2Fcategories&post=466211"},{"taxonomy":"post_tag","embeddable":true,"href":"https:\/\/www.achimbrueckner.de\/freeradio\/php\/wordpress\/index.php?rest_route=%2Fwp%2Fv2%2Ftags&post=466211"}],"curies":[{"name":"wp","href":"https:\/\/api.w.org\/{rel}","templated":true}]}}