{"id":472113,"date":"2023-05-04T15:13:35","date_gmt":"2023-05-04T15:13:35","guid":{"rendered":"https:\/\/www.achimbrueckner.de\/freeradio\/php\/wordpress\/?p=472113"},"modified":"2023-05-04T15:13:35","modified_gmt":"2023-05-04T15:13:35","slug":"radio-sylvia-6-mai-2023","status":"publish","type":"post","link":"https:\/\/www.achimbrueckner.de\/freeradio\/php\/wordpress\/?p=472113","title":{"rendered":"Radio Sylvia 6 Mai 2023"},"content":{"rendered":"<p>Moin aus dem Norden! Es geht wieder los: Am 6. Mai ab 18 Uhr hei\u00dft es: &#8220;Radiorandale&#8221;! Euch erwarten sechs pralle Stunden mit dem &#8220;Blackout&#8221;, der &#8220;Pluggin&#8217; Baby Radio Show&#8221;, neuer Musik sowie Musik aus deutschen Landen. Ihr k\u00f6nnt uns wieder online und auf Kurzwelle 6070 und 3955 kHz empfangen. Alle Details auf unserer Homepage radiosylvia.de. Bis dahin!<\/p>\n","protected":false},"excerpt":{"rendered":"<p>Moin aus dem Norden! Es geht wieder los: Am 6. Mai ab 18 Uhr hei\u00dft es: &#8220;Radiorandale&#8221;! Euch erwarten sechs pralle Stunden mit dem &#8220;Blackout&#8221;, der &#8220;Pluggin&#8217; Baby Radio Show&#8221;, neuer Musik sowie Musik aus deutschen Landen. Ihr k\u00f6nnt uns wieder online und auf Kurzwelle 6070 und 3955 kHz empfangen. Alle Details auf unserer Homepage &hellip; <a href=\"https:\/\/www.achimbrueckner.de\/freeradio\/php\/wordpress\/?p=472113\" class=\"more-link\">Continue reading <span class=\"screen-reader-text\">Radio Sylvia 6 Mai 2023<\/span><\/a><\/p>\n","protected":false},"author":1,"featured_media":0,"comment_status":"closed","ping_status":"open","sticky":false,"template":"","format":"standard","meta":{"_jetpack_memberships_contains_paid_content":false,"footnotes":"","jetpack_publicize_message":"","jetpack_publicize_feature_enabled":true,"jetpack_social_post_already_shared":true,"jetpack_social_options":{"image_generator_settings":{"template":"highway","default_image_id":0,"font":"","enabled":false},"version":2}},"categories":[1],"tags":[],"class_list":["post-472113","post","type-post","status-publish","format-standard","hentry","category-uncategorized"],"jetpack_publicize_connections":[],"jetpack_featured_media_url":"","jetpack_sharing_enabled":true,"jetpack_shortlink":"https:\/\/wp.me\/p5CD59-1YOJ","jetpack-related-posts":[{"id":472291,"url":"https:\/\/www.achimbrueckner.de\/freeradio\/php\/wordpress\/?p=472291","url_meta":{"origin":472113,"position":0},"title":"Radio Sylvia 1. Juli 2023","author":"Administrator","date":"June 28, 2023 11:33","format":false,"excerpt":"Moin aus dem Norden! Nach der \"Radiorandale\" ist vor der \"Radiorandale\" \ud83d\ude01 - mit anderen Worten: Es geht wieder los, und zwar am 1. Juli um 18 Uhr. Euch erwarten wieder sechs pralle Stunden mit robuster Musik. \ud83c\udfb8 Das Programmschema: 18 - 20 Uhr \"Blackout\" mit Mark Andersen, 20 -\u2026","rel":"","context":"Similar post","block_context":{"text":"Similar post","link":""},"img":{"alt_text":"","src":"","width":0,"height":0},"classes":[]},{"id":2302,"url":"https:\/\/www.achimbrueckner.de\/freeradio\/php\/wordpress\/?p=2302","url_meta":{"origin":472113,"position":1},"title":"MV Baltic Radio","author":"Administrator","date":"March 29, 2007 17:09","format":false,"excerpt":"MV Baltic Radio ist am Sonntag, dem 1. April 2007, um 14 Uhr MESZ im 49-m-Europa-Band, 6045 KHz wieder auf Sendung. Vorschau: MV Baltic Radio ist am kommenden Sonntag, dem 1. April 2007, ab 14 Uhr wieder auf jedem Kurzwellenradio zu empfangen. Unsere H\u00f6rer k\u00f6nnen sich auf Musik abseits des\u2026","rel":"","context":"In \"AM\"","block_context":{"text":"AM","link":"https:\/\/www.achimbrueckner.de\/freeradio\/php\/wordpress\/?tag=am"},"img":{"alt_text":"","src":"","width":0,"height":0},"classes":[]},{"id":1082,"url":"https:\/\/www.achimbrueckner.de\/freeradio\/php\/wordpress\/?p=1082","url_meta":{"origin":472113,"position":2},"title":"Radio Borderhunter","author":"Administrator","date":"July 31, 2005 16:33","format":false,"excerpt":"Radio Borderhunter war heute auf der 6210 Khz aktiv, wegen dem starken Bandrauschen hier mit O=3 geh\u00f6rt. Sendeschlu\u00df war um 0930 Utc und es gab wieder einen sch\u00f6nen Mix aus melodischer Pop-Musik.","rel":"","context":"In &quot;Empfang&quot;","block_context":{"text":"Empfang","link":"https:\/\/www.achimbrueckner.de\/freeradio\/php\/wordpress\/?cat=3"},"img":{"alt_text":"","src":"","width":0,"height":0},"classes":[]},{"id":462658,"url":"https:\/\/www.achimbrueckner.de\/freeradio\/php\/wordpress\/?p=462658","url_meta":{"origin":472113,"position":3},"title":"Radio Sylvia 7. M\u00e4rz 2020","author":"Administrator","date":"March 2, 2020 17:38","format":false,"excerpt":"Moin! Am 7. M\u00e4rz geben wir wieder Vollgas: Agatha Rabiata, Dom van Hool und Mark Andersen senden ab 18 Uhr sechs Stunden live aus dem \"Studio Nord\" und pr\u00e4sentieren euch die M\u00e4rz-Ausgabe der \"Radiorandale\" mit kernigen Kl\u00e4ngen aus aller Welt. Als Highlights steht von 19 bis 20 Uhr wieder brandneue\u2026","rel":"","context":"In \"AM\"","block_context":{"text":"AM","link":"https:\/\/www.achimbrueckner.de\/freeradio\/php\/wordpress\/?tag=am"},"img":{"alt_text":"","src":"","width":0,"height":0},"classes":[]},{"id":472205,"url":"https:\/\/www.achimbrueckner.de\/freeradio\/php\/wordpress\/?p=472205","url_meta":{"origin":472113,"position":4},"title":"Radio Sylvia 3. Juni 2023","author":"Administrator","date":"June 1, 2023 15:08","format":false,"excerpt":"Moin! Der Pflichttermin f\u00fcr Freunde guter Musik: \ud83d\ude0e Die neue \"Radiorandale\" startet am 3. Juni um 18 Uhr mit dem folgenden Programmschema: 18 - 20 Uhr \"Blackout\" mit Mark Andersen, 20 - 22 Uhr \"Pluggin' Baby Radio Show\" mit Emma Scott, 22 - 23 Uhr neue Musik und 23 -\u2026","rel":"","context":"Similar post","block_context":{"text":"Similar post","link":""},"img":{"alt_text":"","src":"","width":0,"height":0},"classes":[]},{"id":13701,"url":"https:\/\/www.achimbrueckner.de\/freeradio\/php\/wordpress\/?p=13701","url_meta":{"origin":472113,"position":5},"title":"Radio Bavaria International","author":"Administrator","date":"August 31, 2009 16:35","format":false,"excerpt":"Radio Bavaria International (RBI), der absolute Pionier der Privatradios aus S\u00fcdtirol, ist wieder da; und zwar in Form einer zweist\u00fcndigen Radioshow, die alle 14 Tage auf Caf\u00c3\u00a9 80s FM ausgestrahlt wird. Die beiden Moderatoren Mike Cain (Foto links) und J\u00fcrgen von Wedel, seinerzeit Mitbegr\u00fcnder von Radio Bavaria International, lassen ab\u2026","rel":"","context":"In &quot;webradio&quot;","block_context":{"text":"webradio","link":"https:\/\/www.achimbrueckner.de\/freeradio\/php\/wordpress\/?cat=13"},"img":{"alt_text":"","src":"","width":0,"height":0},"classes":[]}],"_links":{"self":[{"href":"https:\/\/www.achimbrueckner.de\/freeradio\/php\/wordpress\/index.php?rest_route=\/wp\/v2\/posts\/472113","targetHints":{"allow":["GET"]}}],"collection":[{"href":"https:\/\/www.achimbrueckner.de\/freeradio\/php\/wordpress\/index.php?rest_route=\/wp\/v2\/posts"}],"about":[{"href":"https:\/\/www.achimbrueckner.de\/freeradio\/php\/wordpress\/index.php?rest_route=\/wp\/v2\/types\/post"}],"author":[{"embeddable":true,"href":"https:\/\/www.achimbrueckner.de\/freeradio\/php\/wordpress\/index.php?rest_route=\/wp\/v2\/users\/1"}],"replies":[{"embeddable":true,"href":"https:\/\/www.achimbrueckner.de\/freeradio\/php\/wordpress\/index.php?rest_route=%2Fwp%2Fv2%2Fcomments&post=472113"}],"version-history":[{"count":0,"href":"https:\/\/www.achimbrueckner.de\/freeradio\/php\/wordpress\/index.php?rest_route=\/wp\/v2\/posts\/472113\/revisions"}],"wp:attachment":[{"href":"https:\/\/www.achimbrueckner.de\/freeradio\/php\/wordpress\/index.php?rest_route=%2Fwp%2Fv2%2Fmedia&parent=472113"}],"wp:term":[{"taxonomy":"category","embeddable":true,"href":"https:\/\/www.achimbrueckner.de\/freeradio\/php\/wordpress\/index.php?rest_route=%2Fwp%2Fv2%2Fcategories&post=472113"},{"taxonomy":"post_tag","embeddable":true,"href":"https:\/\/www.achimbrueckner.de\/freeradio\/php\/wordpress\/index.php?rest_route=%2Fwp%2Fv2%2Ftags&post=472113"}],"curies":[{"name":"wp","href":"https:\/\/api.w.org\/{rel}","templated":true}]}}