{"id":472832,"date":"2023-12-06T16:06:10","date_gmt":"2023-12-06T16:06:10","guid":{"rendered":"https:\/\/www.achimbrueckner.de\/freeradio\/php\/wordpress\/?p=472832"},"modified":"2023-12-06T16:06:10","modified_gmt":"2023-12-06T16:06:10","slug":"radio-monique-close-down-918-khz","status":"publish","type":"post","link":"https:\/\/www.achimbrueckner.de\/freeradio\/php\/wordpress\/?p=472832","title":{"rendered":"Radio Monique close down 918 Khz"},"content":{"rendered":"<p>Netherlands &#8211; LPAM-station Radio Monique will close down at the end of this year on medium wave. The station will only be available on the internet. Radio Monique says that the station has only a limited number of listeners on medium wave, due to interference from other stations on the same frequency and also interference from solar panels. Radio Monique is until the end of the year broadcasting from Velsen with 100 watts on 918 kHz.Piet van der Vooren (2023-12-05)<\/p>\n<p>Info via Facebook<\/p>\n","protected":false},"excerpt":{"rendered":"<p>Netherlands &#8211; LPAM-station Radio Monique will close down at the end of this year on medium wave. The station will only be available on the internet. Radio Monique says that the station has only a limited number of listeners on medium wave, due to interference from other stations on the same frequency and also interference &hellip; <a href=\"https:\/\/www.achimbrueckner.de\/freeradio\/php\/wordpress\/?p=472832\" class=\"more-link\">Continue reading <span class=\"screen-reader-text\">Radio Monique close down 918 Khz<\/span><\/a><\/p>\n","protected":false},"author":1,"featured_media":0,"comment_status":"closed","ping_status":"open","sticky":false,"template":"","format":"standard","meta":{"_jetpack_memberships_contains_paid_content":false,"footnotes":"","jetpack_publicize_message":"","jetpack_publicize_feature_enabled":true,"jetpack_social_post_already_shared":true,"jetpack_social_options":{"image_generator_settings":{"template":"highway","default_image_id":0,"font":"","enabled":false},"version":2}},"categories":[2],"tags":[],"class_list":["post-472832","post","type-post","status-publish","format-standard","hentry","category-english"],"jetpack_publicize_connections":[],"jetpack_featured_media_url":"","jetpack_sharing_enabled":true,"jetpack_shortlink":"https:\/\/wp.me\/p5CD59-1Z0k","jetpack-related-posts":[{"id":472830,"url":"https:\/\/www.achimbrueckner.de\/freeradio\/php\/wordpress\/?p=472830","url_meta":{"origin":472832,"position":0},"title":"Radio Monique Stop 918 AM","author":"Administrator","date":"December 6, 2023 16:01","format":false,"excerpt":"Middengolf gaat eind 2023 op STOP. Op de 918 kHz wordt het steeds drukker en drukker. Dat gaat ten koste van de ontvangst van jullie favoriete station Monique Internationaal. Een beetje gas bijgeven is niet fair naar andere gebruikers en ook onmogelijk - de RDI houdt ons scherp in de\u2026","rel":"","context":"Similar post","block_context":{"text":"Similar post","link":""},"img":{"alt_text":"","src":"","width":0,"height":0},"classes":[]},{"id":466538,"url":"https:\/\/www.achimbrueckner.de\/freeradio\/php\/wordpress\/?p=466538","url_meta":{"origin":472832,"position":1},"title":"Ex-Seesender Radio Monique 918 kooperiert mit Radio Seabreeze","author":"Administrator","date":"February 14, 2022 16:40","format":false,"excerpt":"https:\/\/www.smartphonefan.de\/2022\/02\/14\/ex-seesender-radio-monique-918-kooperiert-mit-radio-seabreeze\/","rel":"","context":"Similar post","block_context":{"text":"Similar post","link":""},"img":{"alt_text":"","src":"","width":0,"height":0},"classes":[]},{"id":464729,"url":"https:\/\/www.achimbrueckner.de\/freeradio\/php\/wordpress\/?p=464729","url_meta":{"origin":472832,"position":2},"title":"RADIO MONIQUE AM 918","author":"Administrator","date":"January 14, 2021 16:57","format":false,"excerpt":"https:\/\/www.mediapages.nl\/nieuws-actueel\/3896-radio-monique-am-918","rel":"","context":"In \"AM\"","block_context":{"text":"AM","link":"https:\/\/www.achimbrueckner.de\/freeradio\/php\/wordpress\/?tag=am"},"img":{"alt_text":"","src":"","width":0,"height":0},"classes":[]},{"id":464525,"url":"https:\/\/www.achimbrueckner.de\/freeradio\/php\/wordpress\/?p=464525","url_meta":{"origin":472832,"position":3},"title":"EERSTE OFFICI\u00cbLE UITZENDING RADIO MONIQUE 918 MET OPENING BART STEENMAN UUR 1","author":"Administrator","date":"December 16, 2020 19:03","format":false,"excerpt":"https:\/\/www.mixcloud.com\/radiomonique\/eerste-offici%C3%ABle-uitzending-radio-monique-918-met-opening-bart-steenman\/","rel":"","context":"Similar post","block_context":{"text":"Similar post","link":""},"img":{"alt_text":"","src":"","width":0,"height":0},"classes":[]},{"id":464523,"url":"https:\/\/www.achimbrueckner.de\/freeradio\/php\/wordpress\/?p=464523","url_meta":{"origin":472832,"position":4},"title":"Seesender Radio Monique kehrt in den \u00c4ther zur\u00fcck","author":"Administrator","date":"December 16, 2020 17:19","format":false,"excerpt":"Seesender Radio Monique kehrt in den \u00c4ther zur\u00fcck Heute ist der ehemalige Seesender Radio Monique wieder auf Sendung zu h\u00f6ren. Der Radiosender feiert nach vielen Jahren ein legales Comeback. Radio Monique war als Seesender in der zweiten H\u00e4lfte der 80er Jahre \u00fcber Mittelwelle zu h\u00f6ren. Die Sendungen kamen dann von\u2026","rel":"","context":"In \"AM\"","block_context":{"text":"AM","link":"https:\/\/www.achimbrueckner.de\/freeradio\/php\/wordpress\/?tag=am"},"img":{"alt_text":"","src":"","width":0,"height":0},"classes":[]},{"id":471781,"url":"https:\/\/www.achimbrueckner.de\/freeradio\/php\/wordpress\/?p=471781","url_meta":{"origin":472832,"position":5},"title":"BART STEENMAN SHOW 2 OP MONIQUE 918","author":"Administrator","date":"February 22, 2023 16:10","format":false,"excerpt":"https:\/\/www.mixcloud.com\/radiomonique\/bart-steenman-show-2-op-monique-918\/","rel":"","context":"Similar post","block_context":{"text":"Similar post","link":""},"img":{"alt_text":"","src":"","width":0,"height":0},"classes":[]}],"_links":{"self":[{"href":"https:\/\/www.achimbrueckner.de\/freeradio\/php\/wordpress\/index.php?rest_route=\/wp\/v2\/posts\/472832","targetHints":{"allow":["GET"]}}],"collection":[{"href":"https:\/\/www.achimbrueckner.de\/freeradio\/php\/wordpress\/index.php?rest_route=\/wp\/v2\/posts"}],"about":[{"href":"https:\/\/www.achimbrueckner.de\/freeradio\/php\/wordpress\/index.php?rest_route=\/wp\/v2\/types\/post"}],"author":[{"embeddable":true,"href":"https:\/\/www.achimbrueckner.de\/freeradio\/php\/wordpress\/index.php?rest_route=\/wp\/v2\/users\/1"}],"replies":[{"embeddable":true,"href":"https:\/\/www.achimbrueckner.de\/freeradio\/php\/wordpress\/index.php?rest_route=%2Fwp%2Fv2%2Fcomments&post=472832"}],"version-history":[{"count":0,"href":"https:\/\/www.achimbrueckner.de\/freeradio\/php\/wordpress\/index.php?rest_route=\/wp\/v2\/posts\/472832\/revisions"}],"wp:attachment":[{"href":"https:\/\/www.achimbrueckner.de\/freeradio\/php\/wordpress\/index.php?rest_route=%2Fwp%2Fv2%2Fmedia&parent=472832"}],"wp:term":[{"taxonomy":"category","embeddable":true,"href":"https:\/\/www.achimbrueckner.de\/freeradio\/php\/wordpress\/index.php?rest_route=%2Fwp%2Fv2%2Fcategories&post=472832"},{"taxonomy":"post_tag","embeddable":true,"href":"https:\/\/www.achimbrueckner.de\/freeradio\/php\/wordpress\/index.php?rest_route=%2Fwp%2Fv2%2Ftags&post=472832"}],"curies":[{"name":"wp","href":"https:\/\/api.w.org\/{rel}","templated":true}]}}