{"id":473,"date":"2006-03-09T14:09:02","date_gmt":"2006-03-09T14:09:02","guid":{"rendered":"https:\/\/www.achimbrueckner.de\/freeradio\/php\/wordpress\/?p=473"},"modified":"2006-03-09T14:09:02","modified_gmt":"2006-03-09T14:09:02","slug":"piratencontest-wellenforumde","status":"publish","type":"post","link":"https:\/\/www.achimbrueckner.de\/freeradio\/php\/wordpress\/?p=473","title":{"rendered":"Piratencontest wellenforum.de"},"content":{"rendered":"<p>vom Freitag 10. bis Sonntag 12. M\u00e4rz 2006 machen wir f\u00fcr alle Interessierten ein &#8220;Piratenwochenende&#8221;.<\/p>\n<p>Bedeutet:<br \/>\nWer in dieser Zeit die meisten Logs von Piratenstationen im Frequenzbereich 525kHz bis 30000kHz logt erh\u00e4lt eine entsprechende PDF-Urkunde. Die Pl\u00e4tze 2 und 3 werden nat\u00fcrlich auch pr\u00e4miert, f\u00fcr alle anderen gibt es: Nichts !<\/p>\n<p>Gewertet werden nat\u00fcrlich diesmal auch wieder nur die Logs die jeder ins Forum schreibt !<br \/>\nBitte diese Logs, nach Ende der Aktion, zusammen als E-Mail an mich mailen, bitte nicht als Anhang, sondern direkt in der Mail !<\/p>\n<p>Nach der Auswertung bekommen die 3 Erstplazierten Ihre Urkunden als PDF-File zugemailt !<\/p>\n<p>Auswertung:<br \/>\nJede Station kann nur 1mal gewertet werden.<br \/>\nEs gibt 1000 Grundpunkte, die durch die Anzahl der Logs<br \/>\ngeteilt wird, bedeutet:<br \/>\n1000 Grundpunkte : 12 H\u00f6rer = 83,333 = 83 Punkte f\u00fcr jeden.<\/p>\n<p>Der erste H\u00f6rer, laut Eintrag im Forum, erh\u00e4lt nochmal 100<br \/>\nPunkte f\u00fcr seinen Eintrag, damit ist dann gew\u00e4hrleistet das man nach seinem Eintrag nicht benachteiligt wird und andere Leute nur &#8220;nachh\u00f6ren&#8221;.<\/p>\n<p>Bedeutet f\u00fcr das Beispiel oben:<br \/>\nDer erste der die Station im Forum eintr\u00e4gt erh\u00e4lt 183 Punkte gutgeschrieben, jeder Weitere Eintrag erh\u00e4lt 83 Punkte.<\/p>\n<p>Deswegen ist bei diesem kleinen &#8220;hausinternen&#8221; Contest wirklich schnelligkeit gefordert.<\/p>\n<p>Teilnehmen kann an dieser Aktion jeder registrierte wellenforum Teilnehmer&#8230;<\/p>\n<p>Die Auswertung werde ich dann hoffentlich am darauf folgenden Wochenende hinbekommen und das komplette Ergebnis<br \/>\nhier posten, so kann zumindest jeder nachlesen welchen Platz<br \/>\ner errungen hat&#8230;<\/p>\n<p>Die ganze Aktion wird dann in unregelm\u00e4ssigen Abst\u00e4nden und Variationen wiederholt.<\/p>\n<p>Na, dann viel Jagderfolg !<\/p>\n<p>Dietmar in <a href=\"http:\/\/www.wellenforum.de\">http:\/\/www.wellenforum.de<\/a><\/p>\n","protected":false},"excerpt":{"rendered":"<p>vom Freitag 10. bis Sonntag 12. M\u00e4rz 2006 machen wir f\u00fcr alle Interessierten ein &#8220;Piratenwochenende&#8221;. Bedeutet: Wer in dieser Zeit die meisten Logs von Piratenstationen im Frequenzbereich 525kHz bis 30000kHz logt erh\u00e4lt eine entsprechende PDF-Urkunde. Die Pl\u00e4tze 2 und 3 werden nat\u00fcrlich auch pr\u00e4miert, f\u00fcr alle anderen gibt es: Nichts ! Gewertet werden nat\u00fcrlich diesmal &hellip; <a href=\"https:\/\/www.achimbrueckner.de\/freeradio\/php\/wordpress\/?p=473\" class=\"more-link\">Continue reading <span class=\"screen-reader-text\">Piratencontest wellenforum.de<\/span><\/a><\/p>\n","protected":false},"author":1,"featured_media":0,"comment_status":"open","ping_status":"closed","sticky":false,"template":"","format":"standard","meta":{"_jetpack_memberships_contains_paid_content":false,"footnotes":"","jetpack_publicize_message":"","jetpack_publicize_feature_enabled":true,"jetpack_social_post_already_shared":false,"jetpack_social_options":{"image_generator_settings":{"template":"highway","default_image_id":0,"font":"","enabled":false},"version":2}},"categories":[1],"tags":[22,21],"class_list":["post-473","post","type-post","status-publish","format-standard","hentry","category-uncategorized","tag-am","tag-email"],"jetpack_publicize_connections":[],"jetpack_featured_media_url":"","jetpack_sharing_enabled":true,"jetpack_shortlink":"https:\/\/wp.me\/p5CD59-7D","jetpack-related-posts":[{"id":455160,"url":"https:\/\/www.achimbrueckner.de\/freeradio\/php\/wordpress\/?p=455160","url_meta":{"origin":473,"position":0},"title":"Borderhunter Summer Meeting 2017","author":"Administrator","date":"June 28, 2017 15:39","format":false,"excerpt":"Borderhunter Summer Meeting 2017 information. Hi Free Radio and pirate fans! It's already time for another one! From the 30th June to the 2th of July 2017, everyone of distinction in the scene meets once again \u2013 both listeners and stations! On this particular weekend, it\u2019s provisionally planned that the\u2026","rel":"","context":"In &quot;English&quot;","block_context":{"text":"English","link":"https:\/\/www.achimbrueckner.de\/freeradio\/php\/wordpress\/?cat=2"},"img":{"alt_text":"","src":"","width":0,"height":0},"classes":[]},{"id":38347,"url":"https:\/\/www.achimbrueckner.de\/freeradio\/php\/wordpress\/?p=38347","url_meta":{"origin":473,"position":1},"title":"News of the week on 6070 kHz","author":"Administrator","date":"January 31, 2015 14:01","format":false,"excerpt":"Liebe Freunde von Radio Channel 292, wir freuen uns, dass der neue Sender so gut funktioniert, und dass wir in Folge davon einige neue Sponsoren gefunden haben, die ihre Programme \u00fcber unseren Sender ausstrahlen. Da es sich dabei zum Teil um Testsendungen handelt, sind die Stationen nat\u00fcrlich besonders an Empfangsberichten\u2026","rel":"","context":"In \"AM\"","block_context":{"text":"AM","link":"https:\/\/www.achimbrueckner.de\/freeradio\/php\/wordpress\/?tag=am"},"img":{"alt_text":"","src":"","width":0,"height":0},"classes":[]},{"id":37781,"url":"https:\/\/www.achimbrueckner.de\/freeradio\/php\/wordpress\/?p=37781","url_meta":{"origin":473,"position":2},"title":"Radio Mi Amigo 6070 Khz 3 Januar 2015","author":"Administrator","date":"December 30, 2014 13:58","format":false,"excerpt":"Radio Mi Amigo testet gleich zu Beginn des neuen Jahres eine weitere Frequenz: Kord, von Mi Amigo, gegen\u00fcber FM Kompakt: Samstag, 3. Januar 2015 senden wir auf der 6070 khz im 49m Band von 8-12 Uhr CET am morgen f\u00fcr 4 Stunden. F\u00fcr alle, die die Offshore Radio Top 50\u2026","rel":"","context":"In \"AM\"","block_context":{"text":"AM","link":"https:\/\/www.achimbrueckner.de\/freeradio\/php\/wordpress\/?tag=am"},"img":{"alt_text":"","src":"","width":0,"height":0},"classes":[]},{"id":814,"url":"https:\/\/www.achimbrueckner.de\/freeradio\/php\/wordpress\/?p=814","url_meta":{"origin":473,"position":3},"title":"6. Erkrather Radiotag am 9. Sept. 2006","author":"Administrator","date":"August 31, 2006 17:06","format":false,"excerpt":"Der 6. Erkrather Radiotag am 9. Sept. 2006 An diesem Samstag veranstalten wir wieder das Treffen f\u00fcr Radiomacher und H\u00f6rer in den R\u00e4umen des Observatoriums. Die Veranstaltung findet von 14.00 Uhr bis 21.00 Uhr der Sternwarte Neanderh\u00f6he SNH, in 40699 Erkrath statt. Einlass ist ab 12.00 Uhr. Programmpunkte: -Kurzwelle mit\u2026","rel":"","context":"In &quot;Camps&quot;","block_context":{"text":"Camps","link":"https:\/\/www.achimbrueckner.de\/freeradio\/php\/wordpress\/?cat=6"},"img":{"alt_text":"","src":"","width":0,"height":0},"classes":[]},{"id":473971,"url":"https:\/\/www.achimbrueckner.de\/freeradio\/php\/wordpress\/?p=473971","url_meta":{"origin":473,"position":4},"title":"Radio Nordsee International: Webradio mit Seesender-Bezug startet neu durch","author":"Administrator","date":"February 24, 2025 16:31","format":false,"excerpt":"Radio Nordsee International: Webradio mit Seesender-Bezug startet neu durch Bereits Ende vergangenen Jahres wurde bekannt, dass Radio Nordsee International sein Comeback plant. Gemeint ist freilich nicht der Seesender, der von 1970 bis 1974 vom Radioschiff Mebo II auf Sendung war. Auch das Satellitenradio-Projekt gleichen Namens, das Anfang der 90er Jahre\u2026","rel":"","context":"Similar post","block_context":{"text":"Similar post","link":""},"img":{"alt_text":"","src":"","width":0,"height":0},"classes":[]},{"id":467575,"url":"https:\/\/www.achimbrueckner.de\/freeradio\/php\/wordpress\/?p=467575","url_meta":{"origin":473,"position":5},"title":"Radio Sylvia 3. September 2022","author":"Administrator","date":"August 30, 2022 13:31","format":false,"excerpt":"Moin aus dem Norden! Die moderierte (!) \"Radiorandale\" ist zur\u00fcck! \ud83d\ude03 Am 3. September um 18 Uhr fahren wir unser Studio Nord hoch und bringen euch anschlie\u00dfend sechs Stunden mit forschen Kl\u00e4ngen. \ud83c\udfb8\ud83c\udfb8 Traditionsgem\u00e4\u00df gibt es auch wieder unsere Highlights: Die Neuheiten-Show von 19 bis 20 Uhr und die \"Stunde\u2026","rel":"","context":"Similar post","block_context":{"text":"Similar post","link":""},"img":{"alt_text":"","src":"","width":0,"height":0},"classes":[]}],"_links":{"self":[{"href":"https:\/\/www.achimbrueckner.de\/freeradio\/php\/wordpress\/index.php?rest_route=\/wp\/v2\/posts\/473","targetHints":{"allow":["GET"]}}],"collection":[{"href":"https:\/\/www.achimbrueckner.de\/freeradio\/php\/wordpress\/index.php?rest_route=\/wp\/v2\/posts"}],"about":[{"href":"https:\/\/www.achimbrueckner.de\/freeradio\/php\/wordpress\/index.php?rest_route=\/wp\/v2\/types\/post"}],"author":[{"embeddable":true,"href":"https:\/\/www.achimbrueckner.de\/freeradio\/php\/wordpress\/index.php?rest_route=\/wp\/v2\/users\/1"}],"replies":[{"embeddable":true,"href":"https:\/\/www.achimbrueckner.de\/freeradio\/php\/wordpress\/index.php?rest_route=%2Fwp%2Fv2%2Fcomments&post=473"}],"version-history":[{"count":0,"href":"https:\/\/www.achimbrueckner.de\/freeradio\/php\/wordpress\/index.php?rest_route=\/wp\/v2\/posts\/473\/revisions"}],"wp:attachment":[{"href":"https:\/\/www.achimbrueckner.de\/freeradio\/php\/wordpress\/index.php?rest_route=%2Fwp%2Fv2%2Fmedia&parent=473"}],"wp:term":[{"taxonomy":"category","embeddable":true,"href":"https:\/\/www.achimbrueckner.de\/freeradio\/php\/wordpress\/index.php?rest_route=%2Fwp%2Fv2%2Fcategories&post=473"},{"taxonomy":"post_tag","embeddable":true,"href":"https:\/\/www.achimbrueckner.de\/freeradio\/php\/wordpress\/index.php?rest_route=%2Fwp%2Fv2%2Ftags&post=473"}],"curies":[{"name":"wp","href":"https:\/\/api.w.org\/{rel}","templated":true}]}}