{"id":473059,"date":"2024-02-09T13:44:46","date_gmt":"2024-02-09T13:44:46","guid":{"rendered":"https:\/\/www.achimbrueckner.de\/freeradio\/php\/wordpress\/?p=473059"},"modified":"2024-02-09T13:44:46","modified_gmt":"2024-02-09T13:44:46","slug":"ein-kapuzinerpriester-ein-hospitalschiff-und-radio-kabeljau","status":"publish","type":"post","link":"https:\/\/www.achimbrueckner.de\/freeradio\/php\/wordpress\/?p=473059","title":{"rendered":"Ein Kapuzinerpriester, ein Hospitalschiff und Radio Kabeljau"},"content":{"rendered":"<p><a href=\"https:\/\/offshoreradio.info\/ein-kapuzinerpriester-ein-hospitalschiff-und-radio-kabeljau\/\" rel=\"noopener\" target=\"_blank\">https:\/\/offshoreradio.info\/ein-kapuzinerpriester-ein-hospitalschiff-und-radio-kabeljau\/<\/a><\/p>\n","protected":false},"excerpt":{"rendered":"<p>https:\/\/offshoreradio.info\/ein-kapuzinerpriester-ein-hospitalschiff-und-radio-kabeljau\/<\/p>\n","protected":false},"author":1,"featured_media":0,"comment_status":"closed","ping_status":"open","sticky":false,"template":"","format":"standard","meta":{"_jetpack_memberships_contains_paid_content":false,"footnotes":"","jetpack_publicize_message":"","jetpack_publicize_feature_enabled":true,"jetpack_social_post_already_shared":true,"jetpack_social_options":{"image_generator_settings":{"template":"highway","default_image_id":0,"font":"","enabled":false},"version":2}},"categories":[1],"tags":[],"class_list":["post-473059","post","type-post","status-publish","format-standard","hentry","category-uncategorized"],"jetpack_publicize_connections":[],"jetpack_featured_media_url":"","jetpack_sharing_enabled":true,"jetpack_shortlink":"https:\/\/wp.me\/p5CD59-1Z3Z","jetpack-related-posts":[{"id":19111,"url":"https:\/\/www.achimbrueckner.de\/freeradio\/php\/wordpress\/?p=19111","url_meta":{"origin":473059,"position":0},"title":"Radio Bluebell","author":"Administrator","date":"July 26, 2010 11:44","format":false,"excerpt":"ein paar hier k\u00f6nnen sich evtl. noch erinnern an Radio Bluebell vor ein paar Jahren auf KW 48m (u.a. 6264 und 6407 kHz). Gingen ja doch ein paar QSLs damals raus. Mittlerweile gibt\u00e2\u20ac\u2122s das Programm komplett im Internet. www.radiobluebell.com Die Homepage ist nun auch fast fertig. Die Musikfarbe umfasst ein\u2026","rel":"","context":"In &quot;webradio&quot;","block_context":{"text":"webradio","link":"https:\/\/www.achimbrueckner.de\/freeradio\/php\/wordpress\/?cat=13"},"img":{"alt_text":"","src":"","width":0,"height":0},"classes":[]},{"id":47,"url":"https:\/\/www.achimbrueckner.de\/freeradio\/php\/wordpress\/?p=47","url_meta":{"origin":473059,"position":1},"title":"European Music Radio","author":"Administrator","date":"September 18, 2005 08:22","format":false,"excerpt":"European Music Radio l\u00e4uft um 0800 Utc auf der 9290 Khz via Lettland. Im Programm ist ein Free Radio Spot mit R\u00fcckblicken auf die Kurzwellenpiratenszene und nachher gibt es noch EMR Interactive mit H\u00f6rerbriefen und Telefonanrufen. So sind alte Aufnahmen von ABC Europe zu h\u00f6ren. Unter der Telefonnummer +442071007794 kann\u2026","rel":"","context":"In &quot;Empfang&quot;","block_context":{"text":"Empfang","link":"https:\/\/www.achimbrueckner.de\/freeradio\/php\/wordpress\/?cat=3"},"img":{"alt_text":"","src":"","width":0,"height":0},"classes":[]},{"id":2802,"url":"https:\/\/www.achimbrueckner.de\/freeradio\/php\/wordpress\/?p=2802","url_meta":{"origin":473059,"position":2},"title":"Peter Hell verstorben","author":"Administrator","date":"June 1, 2007 14:37","format":false,"excerpt":"Der SWLCS-Vorsitzende Peter Hell ist am 29. Mai 2007 verstorben. Er war ein gro\u00dfer Aktivposten der DX-Szene und ma\u00dfgeblich an der Ausrichtung des DX-Camps in Merchweiler beteiligt. Das Camp war beliebter Treffpunkt der europ\u00e4ischen Free-Radio Szene und wurde 32 mal veranstaltet. Ein Nachruf ist bei Willi Stengel sowie bei Radio\u2026","rel":"","context":"In \"AM\"","block_context":{"text":"AM","link":"https:\/\/www.achimbrueckner.de\/freeradio\/php\/wordpress\/?tag=am"},"img":{"alt_text":"","src":"","width":0,"height":0},"classes":[]},{"id":473855,"url":"https:\/\/www.achimbrueckner.de\/freeradio\/php\/wordpress\/?p=473855","url_meta":{"origin":473059,"position":3},"title":"Radio Victoria Kurzwellen-Revival 2024","author":"Administrator","date":"December 16, 2024 16:24","format":false,"excerpt":"Radio Victoria Kurzwellen-Revival 2024 In den achtziger Jahren war dieser Sender f\u00fcr zahlreiche Kurzwellenh\u00f6rer im deutschsprachigen Europa ein Teil ihrer Jugend. F\u00fcr einige war er sogar ein erster Schritt auf dem Weg zum privaten Rundfunk in Deutschland. Radio Victoria, der \"unabh\u00e4ngige Kurzwellen-Musiksender\", kommt gesponsert durch ein ehemaliges Mitglied des \"Victoria\u2026","rel":"","context":"Similar post","block_context":{"text":"Similar post","link":""},"img":{"alt_text":"","src":"","width":0,"height":0},"classes":[]},{"id":54,"url":"https:\/\/www.achimbrueckner.de\/freeradio\/php\/wordpress\/?p=54","url_meta":{"origin":473059,"position":4},"title":"Radio Underground","author":"Administrator","date":"September 24, 2005 18:30","format":false,"excerpt":"Ein starkes Signal produziert heute Radio Underground auf 3940 Khz um 1830 Utc. S=7 und O=3, teilweise mit etwas Fading und schw\u00e4cher bis zu O=2. So stark habe ich die Station auf 76m noch nicht aufnehmen k\u00f6nnen. Wiedermal ein h\u00f6renswertes Programm mit talk \u00fcber die UK-Szene.","rel":"","context":"In &quot;Empfang&quot;","block_context":{"text":"Empfang","link":"https:\/\/www.achimbrueckner.de\/freeradio\/php\/wordpress\/?cat=3"},"img":{"alt_text":"","src":"","width":0,"height":0},"classes":[]},{"id":474208,"url":"https:\/\/www.achimbrueckner.de\/freeradio\/php\/wordpress\/?p=474208","url_meta":{"origin":473059,"position":5},"title":"RNI H\u00f6rerklub","author":"Administrator","date":"May 28, 2025 14:03","format":false,"excerpt":"Werde Teil des RNI H\u00f6rerclubs \u2013 kostenlos und exklusiv! Du liebst Radio Nordsee International und m\u00f6chtest immer auf dem neuesten Stand bleiben? Dann ist der RNI H\u00f6rerclub genau das Richtige f\u00fcr dich \u2013 und das Beste: Es ist komplett kostenlos! Deine Vorteile auf einen Blick: - Exklusive Einblicke: Erfahre spannende\u2026","rel":"","context":"Similar post","block_context":{"text":"Similar post","link":""},"img":{"alt_text":"","src":"","width":0,"height":0},"classes":[]}],"_links":{"self":[{"href":"https:\/\/www.achimbrueckner.de\/freeradio\/php\/wordpress\/index.php?rest_route=\/wp\/v2\/posts\/473059","targetHints":{"allow":["GET"]}}],"collection":[{"href":"https:\/\/www.achimbrueckner.de\/freeradio\/php\/wordpress\/index.php?rest_route=\/wp\/v2\/posts"}],"about":[{"href":"https:\/\/www.achimbrueckner.de\/freeradio\/php\/wordpress\/index.php?rest_route=\/wp\/v2\/types\/post"}],"author":[{"embeddable":true,"href":"https:\/\/www.achimbrueckner.de\/freeradio\/php\/wordpress\/index.php?rest_route=\/wp\/v2\/users\/1"}],"replies":[{"embeddable":true,"href":"https:\/\/www.achimbrueckner.de\/freeradio\/php\/wordpress\/index.php?rest_route=%2Fwp%2Fv2%2Fcomments&post=473059"}],"version-history":[{"count":0,"href":"https:\/\/www.achimbrueckner.de\/freeradio\/php\/wordpress\/index.php?rest_route=\/wp\/v2\/posts\/473059\/revisions"}],"wp:attachment":[{"href":"https:\/\/www.achimbrueckner.de\/freeradio\/php\/wordpress\/index.php?rest_route=%2Fwp%2Fv2%2Fmedia&parent=473059"}],"wp:term":[{"taxonomy":"category","embeddable":true,"href":"https:\/\/www.achimbrueckner.de\/freeradio\/php\/wordpress\/index.php?rest_route=%2Fwp%2Fv2%2Fcategories&post=473059"},{"taxonomy":"post_tag","embeddable":true,"href":"https:\/\/www.achimbrueckner.de\/freeradio\/php\/wordpress\/index.php?rest_route=%2Fwp%2Fv2%2Ftags&post=473059"}],"curies":[{"name":"wp","href":"https:\/\/api.w.org\/{rel}","templated":true}]}}