{"id":473820,"date":"2024-11-26T16:09:56","date_gmt":"2024-11-26T16:09:56","guid":{"rendered":"https:\/\/www.achimbrueckner.de\/freeradio\/php\/wordpress\/?p=473820"},"modified":"2024-11-26T16:09:56","modified_gmt":"2024-11-26T16:09:56","slug":"rudiger-landgraf-stefan-szakacs-piratenradios-und-anderer-grober-unfug-die-andere-geschichte-des-rundfunks","status":"publish","type":"post","link":"https:\/\/www.achimbrueckner.de\/freeradio\/php\/wordpress\/?p=473820","title":{"rendered":"R\u00fcdiger Landgraf, Stefan Szakacs Piratenradios und anderer &#8220;grober Unfug&#8221;: Die andere Geschichte des Rundfunks"},"content":{"rendered":"<p><a href=\"https:\/\/www.derstandard.at\/story\/3000000244770\/piratenradios-und-anderer-grober-unfug-die-andere-geschichte-des-rundfunks\" target=\"_blank\">https:\/\/www.derstandard.at\/story\/3000000244770\/piratenradios-und-anderer-grober-unfug-die-andere-geschichte-des-rundfunks<\/a><\/p>\n<p>Info via A-DX Facebook<\/p>\n","protected":false},"excerpt":{"rendered":"<p>https:\/\/www.derstandard.at\/story\/3000000244770\/piratenradios-und-anderer-grober-unfug-die-andere-geschichte-des-rundfunks Info via A-DX Facebook<\/p>\n","protected":false},"author":1,"featured_media":0,"comment_status":"closed","ping_status":"open","sticky":false,"template":"","format":"standard","meta":{"_jetpack_memberships_contains_paid_content":false,"footnotes":"","jetpack_publicize_message":"","jetpack_publicize_feature_enabled":true,"jetpack_social_post_already_shared":true,"jetpack_social_options":{"image_generator_settings":{"template":"highway","default_image_id":0,"font":"","enabled":false},"version":2}},"categories":[1],"tags":[],"class_list":["post-473820","post","type-post","status-publish","format-standard","hentry","category-uncategorized"],"jetpack_publicize_connections":[],"jetpack_featured_media_url":"","jetpack_sharing_enabled":true,"jetpack_shortlink":"https:\/\/wp.me\/p5CD59-1Zgg","jetpack-related-posts":[{"id":33471,"url":"https:\/\/www.achimbrueckner.de\/freeradio\/php\/wordpress\/?p=33471","url_meta":{"origin":473820,"position":0},"title":"Die Legende lebt&#8230;  Geschichte des S\u00fcdtiroler Rundfunks  gestern und heute","author":"Administrator","date":"May 30, 2014 08:14","format":false,"excerpt":"http:\/\/www.radiojournal.de\/suedtirol2\/index.htm","rel":"","context":"Similar post","block_context":{"text":"Similar post","link":""},"img":{"alt_text":"","src":"","width":0,"height":0},"classes":[]},{"id":464087,"url":"https:\/\/www.achimbrueckner.de\/freeradio\/php\/wordpress\/?p=464087","url_meta":{"origin":473820,"position":1},"title":"Piraten und Pioniere &#8211; Die abenteuerliche Geschichte des privaten Rundfunks in \u00d6sterreich","author":"Administrator","date":"September 24, 2020 14:57","format":false,"excerpt":"https:\/\/www.servustv.com\/videos\/aa-2452e9yy52112\/","rel":"","context":"Similar post","block_context":{"text":"Similar post","link":""},"img":{"alt_text":"","src":"","width":0,"height":0},"classes":[]},{"id":11660,"url":"https:\/\/www.achimbrueckner.de\/freeradio\/php\/wordpress\/?p=11660","url_meta":{"origin":473820,"position":2},"title":"Bayern 2: Oh Caroline, yes !","author":"Administrator","date":"April 17, 2009 11:45","format":false,"excerpt":"Das Feature - Oh Caroline, yes! Die wahre Geschichte des wichtigsten britischen Piratenradios - l\u00e4uft am 17. April von 1905 bis 2030 MESZ bei Bayern 2 Z\u00fcndfunk Info via Roger auf A-DX","rel":"","context":"In \"AM\"","block_context":{"text":"AM","link":"https:\/\/www.achimbrueckner.de\/freeradio\/php\/wordpress\/?tag=am"},"img":{"alt_text":"","src":"","width":0,"height":0},"classes":[]},{"id":23408,"url":"https:\/\/www.achimbrueckner.de\/freeradio\/php\/wordpress\/?p=23408","url_meta":{"origin":473820,"position":3},"title":"Hamburger Lokalradio 13 November 2011","author":"Administrator","date":"November 11, 2011 23:15","format":false,"excerpt":"Hallo liebe Listen- Mitglieder, am Sonntag den 13. November 2011 wird die vorerst letzte Testsendung des Hamburger Lokalradios auf 7265 KHz ausgestrahlt. Obwohl es eine Testsendung ist, werden interessante Beitr\u00e4ge \u00fcber die Geschichte des Deutschen Rundfunks und der Piratensender zu h\u00f6ren sein. Die Testsendung wird \u00fcber den Kurzwellensender G\u00f6hren (MV\u2026","rel":"","context":"In \"AM\"","block_context":{"text":"AM","link":"https:\/\/www.achimbrueckner.de\/freeradio\/php\/wordpress\/?tag=am"},"img":{"alt_text":"","src":"","width":0,"height":0},"classes":[]},{"id":34417,"url":"https:\/\/www.achimbrueckner.de\/freeradio\/php\/wordpress\/?p=34417","url_meta":{"origin":473820,"position":4},"title":"PIRATENRADIOS Radio 24 war das bekannteste, aber nicht das erste","author":"Administrator","date":"July 23, 2014 09:48","format":false,"excerpt":"http:\/\/www.persoenlich.com\/news\/medien\/piratenradios-radio-24-war-das-bekannteste-aber-nicht-das-erste-319268#.U8-EfPl_tKY http:\/\/www.sozialarchiv.ch\/spezialseiten\/aktuell\/detailansicht\/article\/mit-radio-gaeterlischlitzer-gegen-das-ptt-monopol-bestand-piratenradios-teil-1\/ http:\/\/www.sozialarchiv.ch\/spezialseiten\/aktuell\/detailansicht\/article\/mit-piratensendern-gegenoeffentlichkeit-schaffen-piratenradios-ii\/","rel":"","context":"In \"Medien\"","block_context":{"text":"Medien","link":"https:\/\/www.achimbrueckner.de\/freeradio\/php\/wordpress\/?tag=medien"},"img":{"alt_text":"","src":"","width":0,"height":0},"classes":[]},{"id":462985,"url":"https:\/\/www.achimbrueckner.de\/freeradio\/php\/wordpress\/?p=462985","url_meta":{"origin":473820,"position":5},"title":"St\u00f6rer des Rundfunks","author":"Administrator","date":"April 14, 2020 15:18","format":false,"excerpt":"https:\/\/www.mixcloud.com\/MikeBrain\/st%C3%B6rer-des-rundfunks\/","rel":"","context":"Similar post","block_context":{"text":"Similar post","link":""},"img":{"alt_text":"","src":"","width":0,"height":0},"classes":[]}],"_links":{"self":[{"href":"https:\/\/www.achimbrueckner.de\/freeradio\/php\/wordpress\/index.php?rest_route=\/wp\/v2\/posts\/473820","targetHints":{"allow":["GET"]}}],"collection":[{"href":"https:\/\/www.achimbrueckner.de\/freeradio\/php\/wordpress\/index.php?rest_route=\/wp\/v2\/posts"}],"about":[{"href":"https:\/\/www.achimbrueckner.de\/freeradio\/php\/wordpress\/index.php?rest_route=\/wp\/v2\/types\/post"}],"author":[{"embeddable":true,"href":"https:\/\/www.achimbrueckner.de\/freeradio\/php\/wordpress\/index.php?rest_route=\/wp\/v2\/users\/1"}],"replies":[{"embeddable":true,"href":"https:\/\/www.achimbrueckner.de\/freeradio\/php\/wordpress\/index.php?rest_route=%2Fwp%2Fv2%2Fcomments&post=473820"}],"version-history":[{"count":0,"href":"https:\/\/www.achimbrueckner.de\/freeradio\/php\/wordpress\/index.php?rest_route=\/wp\/v2\/posts\/473820\/revisions"}],"wp:attachment":[{"href":"https:\/\/www.achimbrueckner.de\/freeradio\/php\/wordpress\/index.php?rest_route=%2Fwp%2Fv2%2Fmedia&parent=473820"}],"wp:term":[{"taxonomy":"category","embeddable":true,"href":"https:\/\/www.achimbrueckner.de\/freeradio\/php\/wordpress\/index.php?rest_route=%2Fwp%2Fv2%2Fcategories&post=473820"},{"taxonomy":"post_tag","embeddable":true,"href":"https:\/\/www.achimbrueckner.de\/freeradio\/php\/wordpress\/index.php?rest_route=%2Fwp%2Fv2%2Ftags&post=473820"}],"curies":[{"name":"wp","href":"https:\/\/api.w.org\/{rel}","templated":true}]}}