{"id":473971,"date":"2025-02-24T16:31:44","date_gmt":"2025-02-24T16:31:44","guid":{"rendered":"https:\/\/www.achimbrueckner.de\/freeradio\/php\/wordpress\/?p=473971"},"modified":"2025-02-24T16:31:44","modified_gmt":"2025-02-24T16:31:44","slug":"radio-nordsee-international-webradio-mit-seesender-bezug-startet-neu-durch","status":"publish","type":"post","link":"https:\/\/www.achimbrueckner.de\/freeradio\/php\/wordpress\/?p=473971","title":{"rendered":"Radio Nordsee International: Webradio mit Seesender-Bezug startet neu durch"},"content":{"rendered":"<p>Radio Nordsee International: Webradio mit Seesender-Bezug startet neu durch<br \/>\nBereits Ende vergangenen Jahres wurde bekannt, dass Radio Nordsee International sein Comeback plant. Gemeint ist freilich nicht der Seesender, der von 1970 bis 1974 vom Radioschiff Mebo II auf Sendung war. Auch das Satellitenradio-Projekt gleichen Namens, das Anfang der 90er Jahre aus dem norwegischen Halden gesendet hat, wird nicht wiederbelebt. Stattdessen will das deutsche RNI-Webradio-Projekt nach mehr als zwei Jahren Pause seinen Sendebetrieb wieder aufnehmen.<\/p>\n<p>&#8220;Als diese Schlagzeile die Runde machte, standen unsere Telefone und Handys nicht mehr still&#8221;, so die Initiatoren des Projekts. &#8220;Auch unsere Mail-Postf\u00e4cher quollen \u00fcber. Ja, es ist wahr. Wir starten wieder durch.&#8221; Testsendungen werden bereits seit einigen Wochen ausgestrahlt. Nun steht der Neustart des regul\u00e4ren Sendebetriebs kurz bevor.<\/p>\n<p>Start an geschichtstr\u00e4chtigem Datum<\/p>\n<p>Am 28. Februar 1970 ging Radio Nordsee International vom Sendeschiff Mebo II offiziell on Air. &#8220;Viele kennen die Geschichte von RNI aus eigenem Erleben. Andere wiederum waren zu diesem Zeitpunkt noch nicht geboren. Zwischen 2006 und 2022 haben wir durchgehend an den Spirit von RNI erinnert&#8221;, so die Macher. &#8220;In dieser Zeit gab es viele sch\u00f6ne Momente, aber auch personelle Ver\u00e4nderungen. Und irgendwie hat das an allen genagt. Wir brauchten eine Auszeit. Moderatoren gingen zu anderen Sendern, einige blieben mit neuen Sendungen oder Wiederholungen bei der SATzentrale. Andere h\u00f6rten ganz auf.&#8221;<\/p>\n<p>Umso mehr freut es die engagierten Radiomacher, auf den Tag genau 55 Jahre nachdem RNI-Start von der Mebo II mit dem neuen Webradio offiziell auf Sendung zu gehen. Die regul\u00e4ren Sendungen starten am kommenden Freitag um 17 Uhr.<\/p>\n<p>RNI-Macher: &#8220;Nur das Original sendete von 1970 bis 1974&#8221;<\/p>\n<p>&#8220;Wir haben nicht den Anspruch, etwas zu kopieren, denn nur das Original sendete von 1970 bis 1974&#8221;, hei\u00dft es in der Pressemitteilung zum Sendestart. &#8220;Aber wir haben wieder Lust und der Spirit soll nicht verloren gehen. Radio Nordsee International taucht mit vielen bekannten aber auch mit neuen Moderatoren aus Deutschland, England, den Niederlanden, Belgien und sogar aus Frankreich unter dem Dach der SATzentrale wieder auf. Der Inhaber der SATzentrale, Rico Bube-F\u00f6rster, ist f\u00fcr die ganze Sendeabwicklung, Technik und das ganze organisatorische verantwortlich.&#8221;<\/p>\n<p>Was bleibt sind die bekannten Internetadressen. Alles Wissenswerte zum neuen RNI-Projekt ist unter den URLs www.rni220.com und www.radio-northsea.de zu finden. Hier wurde bereits der Sendeplan ver\u00f6ffentlicht und man erf\u00e4hrt, wer zum Team des Webradios geh\u00f6rt. Der Chat ist scharf geschaltet und auch der RNI-H\u00f6rerclub ist wieder dabei. Eine \u00c4nderung gibt es. Sendungen k\u00f6nnen nicht nachgeh\u00f6rt werden. Fast alles geht live \u00fcber den Sender. Auch bei ersten Aggregatoren ist das &#8220;neue RNI&#8221; bereits wieder zu finden.<\/p>\n<p>Thu, 20. Feb 2025<\/p>\n","protected":false},"excerpt":{"rendered":"<p>Radio Nordsee International: Webradio mit Seesender-Bezug startet neu durch Bereits Ende vergangenen Jahres wurde bekannt, dass Radio Nordsee International sein Comeback plant. Gemeint ist freilich nicht der Seesender, der von 1970 bis 1974 vom Radioschiff Mebo II auf Sendung war. Auch das Satellitenradio-Projekt gleichen Namens, das Anfang der 90er Jahre aus dem norwegischen Halden gesendet &hellip; <a href=\"https:\/\/www.achimbrueckner.de\/freeradio\/php\/wordpress\/?p=473971\" class=\"more-link\">Continue reading <span class=\"screen-reader-text\">Radio Nordsee International: Webradio mit Seesender-Bezug startet neu durch<\/span><\/a><\/p>\n","protected":false},"author":1,"featured_media":0,"comment_status":"closed","ping_status":"open","sticky":false,"template":"","format":"standard","meta":{"_jetpack_memberships_contains_paid_content":false,"footnotes":"","jetpack_publicize_message":"","jetpack_publicize_feature_enabled":true,"jetpack_social_post_already_shared":true,"jetpack_social_options":{"image_generator_settings":{"template":"highway","default_image_id":0,"font":"","enabled":false},"version":2}},"categories":[1],"tags":[],"class_list":["post-473971","post","type-post","status-publish","format-standard","hentry","category-uncategorized"],"jetpack_publicize_connections":[],"jetpack_featured_media_url":"","jetpack_sharing_enabled":true,"jetpack_shortlink":"https:\/\/wp.me\/p5CD59-1ZiH","jetpack-related-posts":[{"id":473976,"url":"https:\/\/www.achimbrueckner.de\/freeradio\/php\/wordpress\/?p=473976","url_meta":{"origin":473971,"position":0},"title":"Radio Nordsee International: Webradio mit Seesender-Bezug startet neu durch","author":"Administrator","date":"February 25, 2025 16:12","format":false,"excerpt":"https:\/\/www.radioblog.eu\/2025\/02\/25\/radio-nordsee-international-webradio-mit-seesender-bezug-startet-neu-durch\/","rel":"","context":"Similar post","block_context":{"text":"Similar post","link":""},"img":{"alt_text":"","src":"","width":0,"height":0},"classes":[]},{"id":35177,"url":"https:\/\/www.achimbrueckner.de\/freeradio\/php\/wordpress\/?p=35177","url_meta":{"origin":473971,"position":1},"title":"3. Seepiraten-Nacht am Samstag, 30. August ab 20 Uhr","author":"Administrator","date":"August 30, 2014 13:32","format":false,"excerpt":"3. Seepiraten-Nacht am Samstag, 30. August ab 20 Uhr: Sondersendung zum 40. Jahrestag des Verbots von Seesendern vor der niederl\u00e4ndischen K\u00fcste von Gunnar Leohnard (Eisenach). Am 31. August 1974 verstummten die ber\u00fchmt-ber\u00fcchtigten Piraten-Radiosender vor der holl\u00e4ndischen K\u00fcste. Radio Veronica, Radio Atlantis und Radio Nordsee International wurden abgeschaltet, Radio Caroline verlagerte\u2026","rel":"","context":"In \"AM\"","block_context":{"text":"AM","link":"https:\/\/www.achimbrueckner.de\/freeradio\/php\/wordpress\/?tag=am"},"img":{"alt_text":"","src":"","width":0,"height":0},"classes":[]},{"id":37587,"url":"https:\/\/www.achimbrueckner.de\/freeradio\/php\/wordpress\/?p=37587","url_meta":{"origin":473971,"position":2},"title":"Offshore Memories Radio Bavaria International","author":"Administrator","date":"December 22, 2014 14:59","format":false,"excerpt":"Offshore Memories Musikalische Erinnerungen an legend\u00e4re Seesender bietet Radio Bavaria International ab 2015 immer donnerstags von 20.00 bis 22.00 Uhr. Mike Uhini erinnert an Stationen wie Radio Caroline, Radio Veronica, Radio Nordsee International oder Big L Radio London. Im Mittelpunkt der Show stehen die Charts, die damals von den Radio-Schiffen\u2026","rel":"","context":"In \"AM\"","block_context":{"text":"AM","link":"https:\/\/www.achimbrueckner.de\/freeradio\/php\/wordpress\/?tag=am"},"img":{"alt_text":"","src":"","width":0,"height":0},"classes":[]},{"id":464523,"url":"https:\/\/www.achimbrueckner.de\/freeradio\/php\/wordpress\/?p=464523","url_meta":{"origin":473971,"position":3},"title":"Seesender Radio Monique kehrt in den \u00c4ther zur\u00fcck","author":"Administrator","date":"December 16, 2020 17:19","format":false,"excerpt":"Seesender Radio Monique kehrt in den \u00c4ther zur\u00fcck Heute ist der ehemalige Seesender Radio Monique wieder auf Sendung zu h\u00f6ren. Der Radiosender feiert nach vielen Jahren ein legales Comeback. Radio Monique war als Seesender in der zweiten H\u00e4lfte der 80er Jahre \u00fcber Mittelwelle zu h\u00f6ren. Die Sendungen kamen dann von\u2026","rel":"","context":"In \"AM\"","block_context":{"text":"AM","link":"https:\/\/www.achimbrueckner.de\/freeradio\/php\/wordpress\/?tag=am"},"img":{"alt_text":"","src":"","width":0,"height":0},"classes":[]},{"id":3533,"url":"https:\/\/www.achimbrueckner.de\/freeradio\/php\/wordpress\/?p=3533","url_meta":{"origin":473971,"position":4},"title":"Wonderful Radio London auf Frozen-Radio","author":"Administrator","date":"August 12, 2007 08:32","format":false,"excerpt":"Am 14. August 2007 ab Mitternacht werden 18 Stunden des letzten Sendetags von Wonderful Radio London auf Frozen-Radio wiederholt. Der Anla\u00df ist 40 Jahre Marine Offences Act. Von 1300 bis 1500 Uhr Lokalzeit l\u00e4uft jeden Freitag die PIRATE RADIO SHOW mit alten Seesender-jingles auf Frozen-Radio. Quelle: radioforen.de","rel":"","context":"In &quot;webradio&quot;","block_context":{"text":"webradio","link":"https:\/\/www.achimbrueckner.de\/freeradio\/php\/wordpress\/?cat=13"},"img":{"alt_text":"","src":"","width":0,"height":0},"classes":[]},{"id":474208,"url":"https:\/\/www.achimbrueckner.de\/freeradio\/php\/wordpress\/?p=474208","url_meta":{"origin":473971,"position":5},"title":"RNI H\u00f6rerklub","author":"Administrator","date":"May 28, 2025 14:03","format":false,"excerpt":"Werde Teil des RNI H\u00f6rerclubs \u2013 kostenlos und exklusiv! Du liebst Radio Nordsee International und m\u00f6chtest immer auf dem neuesten Stand bleiben? Dann ist der RNI H\u00f6rerclub genau das Richtige f\u00fcr dich \u2013 und das Beste: Es ist komplett kostenlos! Deine Vorteile auf einen Blick: - Exklusive Einblicke: Erfahre spannende\u2026","rel":"","context":"Similar post","block_context":{"text":"Similar post","link":""},"img":{"alt_text":"","src":"","width":0,"height":0},"classes":[]}],"_links":{"self":[{"href":"https:\/\/www.achimbrueckner.de\/freeradio\/php\/wordpress\/index.php?rest_route=\/wp\/v2\/posts\/473971","targetHints":{"allow":["GET"]}}],"collection":[{"href":"https:\/\/www.achimbrueckner.de\/freeradio\/php\/wordpress\/index.php?rest_route=\/wp\/v2\/posts"}],"about":[{"href":"https:\/\/www.achimbrueckner.de\/freeradio\/php\/wordpress\/index.php?rest_route=\/wp\/v2\/types\/post"}],"author":[{"embeddable":true,"href":"https:\/\/www.achimbrueckner.de\/freeradio\/php\/wordpress\/index.php?rest_route=\/wp\/v2\/users\/1"}],"replies":[{"embeddable":true,"href":"https:\/\/www.achimbrueckner.de\/freeradio\/php\/wordpress\/index.php?rest_route=%2Fwp%2Fv2%2Fcomments&post=473971"}],"version-history":[{"count":0,"href":"https:\/\/www.achimbrueckner.de\/freeradio\/php\/wordpress\/index.php?rest_route=\/wp\/v2\/posts\/473971\/revisions"}],"wp:attachment":[{"href":"https:\/\/www.achimbrueckner.de\/freeradio\/php\/wordpress\/index.php?rest_route=%2Fwp%2Fv2%2Fmedia&parent=473971"}],"wp:term":[{"taxonomy":"category","embeddable":true,"href":"https:\/\/www.achimbrueckner.de\/freeradio\/php\/wordpress\/index.php?rest_route=%2Fwp%2Fv2%2Fcategories&post=473971"},{"taxonomy":"post_tag","embeddable":true,"href":"https:\/\/www.achimbrueckner.de\/freeradio\/php\/wordpress\/index.php?rest_route=%2Fwp%2Fv2%2Ftags&post=473971"}],"curies":[{"name":"wp","href":"https:\/\/api.w.org\/{rel}","templated":true}]}}