{"id":473976,"date":"2025-02-25T16:12:53","date_gmt":"2025-02-25T16:12:53","guid":{"rendered":"https:\/\/www.achimbrueckner.de\/freeradio\/php\/wordpress\/?p=473976"},"modified":"2025-02-25T16:12:53","modified_gmt":"2025-02-25T16:12:53","slug":"radio-nordsee-international-webradio-mit-seesender-bezug-startet-neu-durch-2","status":"publish","type":"post","link":"https:\/\/www.achimbrueckner.de\/freeradio\/php\/wordpress\/?p=473976","title":{"rendered":"Radio Nordsee International: Webradio mit Seesender-Bezug startet neu durch"},"content":{"rendered":"<p><a href=\"https:\/\/www.radioblog.eu\/2025\/02\/25\/radio-nordsee-international-webradio-mit-seesender-bezug-startet-neu-durch\/\" target=\"_blank\">https:\/\/www.radioblog.eu\/2025\/02\/25\/radio-nordsee-international-webradio-mit-seesender-bezug-startet-neu-durch\/<\/a><\/p>\n","protected":false},"excerpt":{"rendered":"<p>https:\/\/www.radioblog.eu\/2025\/02\/25\/radio-nordsee-international-webradio-mit-seesender-bezug-startet-neu-durch\/<\/p>\n","protected":false},"author":1,"featured_media":0,"comment_status":"closed","ping_status":"open","sticky":false,"template":"","format":"standard","meta":{"_jetpack_memberships_contains_paid_content":false,"footnotes":"","jetpack_publicize_message":"","jetpack_publicize_feature_enabled":true,"jetpack_social_post_already_shared":true,"jetpack_social_options":{"image_generator_settings":{"template":"highway","default_image_id":0,"font":"","enabled":false},"version":2}},"categories":[1],"tags":[],"class_list":["post-473976","post","type-post","status-publish","format-standard","hentry","category-uncategorized"],"jetpack_publicize_connections":[],"jetpack_featured_media_url":"","jetpack_sharing_enabled":true,"jetpack_shortlink":"https:\/\/wp.me\/p5CD59-1ZiM","jetpack-related-posts":[{"id":473971,"url":"https:\/\/www.achimbrueckner.de\/freeradio\/php\/wordpress\/?p=473971","url_meta":{"origin":473976,"position":0},"title":"Radio Nordsee International: Webradio mit Seesender-Bezug startet neu durch","author":"Administrator","date":"February 24, 2025 16:31","format":false,"excerpt":"Radio Nordsee International: Webradio mit Seesender-Bezug startet neu durch Bereits Ende vergangenen Jahres wurde bekannt, dass Radio Nordsee International sein Comeback plant. Gemeint ist freilich nicht der Seesender, der von 1970 bis 1974 vom Radioschiff Mebo II auf Sendung war. Auch das Satellitenradio-Projekt gleichen Namens, das Anfang der 90er Jahre\u2026","rel":"","context":"Similar post","block_context":{"text":"Similar post","link":""},"img":{"alt_text":"","src":"","width":0,"height":0},"classes":[]},{"id":37587,"url":"https:\/\/www.achimbrueckner.de\/freeradio\/php\/wordpress\/?p=37587","url_meta":{"origin":473976,"position":1},"title":"Offshore Memories Radio Bavaria International","author":"Administrator","date":"December 22, 2014 14:59","format":false,"excerpt":"Offshore Memories Musikalische Erinnerungen an legend\u00e4re Seesender bietet Radio Bavaria International ab 2015 immer donnerstags von 20.00 bis 22.00 Uhr. Mike Uhini erinnert an Stationen wie Radio Caroline, Radio Veronica, Radio Nordsee International oder Big L Radio London. Im Mittelpunkt der Show stehen die Charts, die damals von den Radio-Schiffen\u2026","rel":"","context":"In \"AM\"","block_context":{"text":"AM","link":"https:\/\/www.achimbrueckner.de\/freeradio\/php\/wordpress\/?tag=am"},"img":{"alt_text":"","src":"","width":0,"height":0},"classes":[]},{"id":473000,"url":"https:\/\/www.achimbrueckner.de\/freeradio\/php\/wordpress\/?p=473000","url_meta":{"origin":473976,"position":2},"title":"Laser 558: Ex-Seesender will als Webradio neu durchstarten","author":"Administrator","date":"January 8, 2024 16:07","format":false,"excerpt":"https:\/\/www.radioblog.eu\/2024\/01\/08\/laser-558-ex-seesender-will-als-webradio-neu-durchstarten\/","rel":"","context":"Similar post","block_context":{"text":"Similar post","link":""},"img":{"alt_text":"","src":"","width":0,"height":0},"classes":[]},{"id":35177,"url":"https:\/\/www.achimbrueckner.de\/freeradio\/php\/wordpress\/?p=35177","url_meta":{"origin":473976,"position":3},"title":"3. Seepiraten-Nacht am Samstag, 30. August ab 20 Uhr","author":"Administrator","date":"August 30, 2014 13:32","format":false,"excerpt":"3. Seepiraten-Nacht am Samstag, 30. August ab 20 Uhr: Sondersendung zum 40. Jahrestag des Verbots von Seesendern vor der niederl\u00e4ndischen K\u00fcste von Gunnar Leohnard (Eisenach). Am 31. August 1974 verstummten die ber\u00fchmt-ber\u00fcchtigten Piraten-Radiosender vor der holl\u00e4ndischen K\u00fcste. Radio Veronica, Radio Atlantis und Radio Nordsee International wurden abgeschaltet, Radio Caroline verlagerte\u2026","rel":"","context":"In \"AM\"","block_context":{"text":"AM","link":"https:\/\/www.achimbrueckner.de\/freeradio\/php\/wordpress\/?tag=am"},"img":{"alt_text":"","src":"","width":0,"height":0},"classes":[]},{"id":3533,"url":"https:\/\/www.achimbrueckner.de\/freeradio\/php\/wordpress\/?p=3533","url_meta":{"origin":473976,"position":4},"title":"Wonderful Radio London auf Frozen-Radio","author":"Administrator","date":"August 12, 2007 08:32","format":false,"excerpt":"Am 14. August 2007 ab Mitternacht werden 18 Stunden des letzten Sendetags von Wonderful Radio London auf Frozen-Radio wiederholt. Der Anla\u00df ist 40 Jahre Marine Offences Act. Von 1300 bis 1500 Uhr Lokalzeit l\u00e4uft jeden Freitag die PIRATE RADIO SHOW mit alten Seesender-jingles auf Frozen-Radio. Quelle: radioforen.de","rel":"","context":"In &quot;webradio&quot;","block_context":{"text":"webradio","link":"https:\/\/www.achimbrueckner.de\/freeradio\/php\/wordpress\/?cat=13"},"img":{"alt_text":"","src":"","width":0,"height":0},"classes":[]},{"id":13466,"url":"https:\/\/www.achimbrueckner.de\/freeradio\/php\/wordpress\/?p=13466","url_meta":{"origin":473976,"position":5},"title":"Radio Nordsee International","author":"Administrator","date":"August 12, 2009 21:14","format":false,"excerpt":"\u00dcber die neuen deutschen Programme auf Radio Nordsee International Samstagnacht wird auf radioforen.de diskutiert.","rel":"","context":"In &quot;webradio&quot;","block_context":{"text":"webradio","link":"https:\/\/www.achimbrueckner.de\/freeradio\/php\/wordpress\/?cat=13"},"img":{"alt_text":"","src":"","width":0,"height":0},"classes":[]}],"_links":{"self":[{"href":"https:\/\/www.achimbrueckner.de\/freeradio\/php\/wordpress\/index.php?rest_route=\/wp\/v2\/posts\/473976","targetHints":{"allow":["GET"]}}],"collection":[{"href":"https:\/\/www.achimbrueckner.de\/freeradio\/php\/wordpress\/index.php?rest_route=\/wp\/v2\/posts"}],"about":[{"href":"https:\/\/www.achimbrueckner.de\/freeradio\/php\/wordpress\/index.php?rest_route=\/wp\/v2\/types\/post"}],"author":[{"embeddable":true,"href":"https:\/\/www.achimbrueckner.de\/freeradio\/php\/wordpress\/index.php?rest_route=\/wp\/v2\/users\/1"}],"replies":[{"embeddable":true,"href":"https:\/\/www.achimbrueckner.de\/freeradio\/php\/wordpress\/index.php?rest_route=%2Fwp%2Fv2%2Fcomments&post=473976"}],"version-history":[{"count":0,"href":"https:\/\/www.achimbrueckner.de\/freeradio\/php\/wordpress\/index.php?rest_route=\/wp\/v2\/posts\/473976\/revisions"}],"wp:attachment":[{"href":"https:\/\/www.achimbrueckner.de\/freeradio\/php\/wordpress\/index.php?rest_route=%2Fwp%2Fv2%2Fmedia&parent=473976"}],"wp:term":[{"taxonomy":"category","embeddable":true,"href":"https:\/\/www.achimbrueckner.de\/freeradio\/php\/wordpress\/index.php?rest_route=%2Fwp%2Fv2%2Fcategories&post=473976"},{"taxonomy":"post_tag","embeddable":true,"href":"https:\/\/www.achimbrueckner.de\/freeradio\/php\/wordpress\/index.php?rest_route=%2Fwp%2Fv2%2Ftags&post=473976"}],"curies":[{"name":"wp","href":"https:\/\/api.w.org\/{rel}","templated":true}]}}