{"id":474033,"date":"2025-03-16T09:21:04","date_gmt":"2025-03-16T09:21:04","guid":{"rendered":"https:\/\/www.achimbrueckner.de\/freeradio\/php\/wordpress\/?p=474033"},"modified":"2025-03-16T09:21:22","modified_gmt":"2025-03-16T09:21:22","slug":"radio-calypso-675-khz-2","status":"publish","type":"post","link":"https:\/\/www.achimbrueckner.de\/freeradio\/php\/wordpress\/?p=474033","title":{"rendered":"Radio Calypso 675 Khz"},"content":{"rendered":"<p>Liebe Zuh\u00f6rer,<br \/>\nWas ein gro\u00dfartiges Jahr h\u00e4tte sein sollen, \u00e4nderte sich am 4. Januar, als Eigent\u00fcmer und Gr\u00fcnder Jan Calypso einen Herzstillstand erlitt, gefolgt von mehreren Komplikationen.<br \/>\nWas zu 5 Wochen UMCG f\u00fchrte und nun zu einem sehr langen Rehabilitationsprozess f\u00fchrt.<br \/>\nInfolgedessen waren wir gezwungen, den Sender aus der Luft zu nehmen.<br \/>\nTeilweise aufgrund des Ruhestands unseres Tontechnikers wird auch der Internetsender Ende dieses Monats verschwinden.<br \/>\nWir m\u00f6chten uns bei allen bedanken, die uns zugeh\u00f6rt und uns unterst\u00fctzt haben.<br \/>\nUnd hoffe auf Ihr Verst\u00e4ndnis f\u00fcr diese Situation.<br \/>\nHerzliche Gr\u00fc\u00dfe, Calypso-Radioteam.<\/p>\n<p>Info via Facebook<\/p>\n","protected":false},"excerpt":{"rendered":"<p>Liebe Zuh\u00f6rer, Was ein gro\u00dfartiges Jahr h\u00e4tte sein sollen, \u00e4nderte sich am 4. Januar, als Eigent\u00fcmer und Gr\u00fcnder Jan Calypso einen Herzstillstand erlitt, gefolgt von mehreren Komplikationen. Was zu 5 Wochen UMCG f\u00fchrte und nun zu einem sehr langen Rehabilitationsprozess f\u00fchrt. Infolgedessen waren wir gezwungen, den Sender aus der Luft zu nehmen. Teilweise aufgrund des &hellip; <a href=\"https:\/\/www.achimbrueckner.de\/freeradio\/php\/wordpress\/?p=474033\" class=\"more-link\">Continue reading <span class=\"screen-reader-text\">Radio Calypso 675 Khz<\/span><\/a><\/p>\n","protected":false},"author":1,"featured_media":0,"comment_status":"closed","ping_status":"open","sticky":false,"template":"","format":"standard","meta":{"_jetpack_memberships_contains_paid_content":false,"footnotes":"","jetpack_publicize_message":"","jetpack_publicize_feature_enabled":true,"jetpack_social_post_already_shared":true,"jetpack_social_options":{"image_generator_settings":{"template":"highway","default_image_id":0,"font":"","enabled":false},"version":2}},"categories":[1],"tags":[],"class_list":["post-474033","post","type-post","status-publish","format-standard","hentry","category-uncategorized"],"jetpack_publicize_connections":[],"jetpack_featured_media_url":"","jetpack_sharing_enabled":true,"jetpack_shortlink":"https:\/\/wp.me\/p5CD59-1ZjH","jetpack-related-posts":[{"id":38347,"url":"https:\/\/www.achimbrueckner.de\/freeradio\/php\/wordpress\/?p=38347","url_meta":{"origin":474033,"position":0},"title":"News of the week on 6070 kHz","author":"Administrator","date":"January 31, 2015 14:01","format":false,"excerpt":"Liebe Freunde von Radio Channel 292, wir freuen uns, dass der neue Sender so gut funktioniert, und dass wir in Folge davon einige neue Sponsoren gefunden haben, die ihre Programme \u00fcber unseren Sender ausstrahlen. Da es sich dabei zum Teil um Testsendungen handelt, sind die Stationen nat\u00fcrlich besonders an Empfangsberichten\u2026","rel":"","context":"In \"AM\"","block_context":{"text":"AM","link":"https:\/\/www.achimbrueckner.de\/freeradio\/php\/wordpress\/?tag=am"},"img":{"alt_text":"","src":"","width":0,"height":0},"classes":[]},{"id":28763,"url":"https:\/\/www.achimbrueckner.de\/freeradio\/php\/wordpress\/?p=28763","url_meta":{"origin":474033,"position":1},"title":"Nord AM 14 September 2013","author":"Administrator","date":"September 13, 2013 20:11","format":false,"excerpt":"Liebe H\u00f6rerinnen und H\u00f6rer, Liebe Freundinnen und Freunde, Erinnert ihr euch noch? NordAM \u2013 da war doch mal was. Ganz recht, unsere Sommerpause ist vorbei. In den vergangenen 14 Monaten haben wir uns intensivst damit befasst, wie wir NordAM verbessern k\u00f6nnen, haben ein ausf\u00fchrliches Relaunch-Konzept ausgearbeitet, Moderationstraining gemacht, einen Konfliktl\u00f6sungskurs\u2026","rel":"","context":"In \"AM\"","block_context":{"text":"AM","link":"https:\/\/www.achimbrueckner.de\/freeradio\/php\/wordpress\/?tag=am"},"img":{"alt_text":"","src":"","width":0,"height":0},"classes":[]},{"id":457511,"url":"https:\/\/www.achimbrueckner.de\/freeradio\/php\/wordpress\/?p=457511","url_meta":{"origin":474033,"position":2},"title":"Radio Sylvia 2. Dezember 2017 6070 Khz","author":"Administrator","date":"November 26, 2017 15:48","format":false,"excerpt":"Moin! Wer Zeuge eines weiteren Meilensteins der deutschen Radiogeschichte werden m\u00f6chte \ud83d\ude0e, der h\u00f6rt am 2. Dezember von 18 bis 24 Uhr Radio Sylvia - dann l\u00e4uft n\u00e4mlich die 2. Live-Sondersendung zu unserem 40-j\u00e4hrigen Bestehen. Es gibt jede Menge gro\u00dfartiger Musik aus den letzten 40 Jahren und feierliche (?) Weihnachtsmusik.\u2026","rel":"","context":"In \"AM\"","block_context":{"text":"AM","link":"https:\/\/www.achimbrueckner.de\/freeradio\/php\/wordpress\/?tag=am"},"img":{"alt_text":"","src":"","width":0,"height":0},"classes":[]},{"id":452546,"url":"https:\/\/www.achimbrueckner.de\/freeradio\/php\/wordpress\/?p=452546","url_meta":{"origin":474033,"position":3},"title":"Radio Sylvia 7. Januar 2017","author":"Administrator","date":"January 4, 2017 11:31","format":false,"excerpt":"Hallo Freunde der guten Musik - es gibt Neuigkeiten: Ab dem 7. Januar 2017 bringen wir an jedem 1. Sonnabend des Monats den \"Sonnabend of Death\", unser gro\u00dfes neues sechsst\u00fcndiges Live-Ereignis, das von 18 bis 24 Uhr online und zus\u00e4tzlich von 18 bis 20 Uhr parallel auf Kurzwelle 6070 kHz\u2026","rel":"","context":"In \"AM\"","block_context":{"text":"AM","link":"https:\/\/www.achimbrueckner.de\/freeradio\/php\/wordpress\/?tag=am"},"img":{"alt_text":"","src":"","width":0,"height":0},"classes":[]},{"id":463336,"url":"https:\/\/www.achimbrueckner.de\/freeradio\/php\/wordpress\/?p=463336","url_meta":{"origin":474033,"position":4},"title":"SKYLINE RADIO GERMANY &#8211; BACK ON THE AIR IN 2020 &#8211; May 30, 3975+6160 kHz SHORTWAVE","author":"Administrator","date":"May 21, 2020 14:24","format":false,"excerpt":"SKYLINE RADIO GERMANY - BACK ON THE AIR IN 2020! - PLEASE SPREAD THE WORD! IT'S ALWAYS ROCK'N'ROLL - NOTHING ELSE MATTERS! Shortwaveradio.de kindly gave us the 5th possibility to be on air with some brandnew shows via their transmitters in Northern Germany. If you would like to try to\u2026","rel":"","context":"In &quot;English&quot;","block_context":{"text":"English","link":"https:\/\/www.achimbrueckner.de\/freeradio\/php\/wordpress\/?cat=2"},"img":{"alt_text":"","src":"https:\/\/i0.wp.com\/www.achimbrueckner.de\/freeradio\/php\/wordpress\/wp-content\/uploads\/2020\/05\/sample_SRG_eQSL_shortwaveradio-de_30-05-2020.jpg?resize=350%2C200&ssl=1","width":350,"height":200},"classes":[]},{"id":464618,"url":"https:\/\/www.achimbrueckner.de\/freeradio\/php\/wordpress\/?p=464618","url_meta":{"origin":474033,"position":5},"title":"Radio Sylvia 2. Januar 2021","author":"Administrator","date":"December 30, 2020 15:16","format":false,"excerpt":"Moin! Der Countdown l\u00e4uft: Wir starten in unser 44. Jahr mit einer brandneuen \"Radiorandale\". Am 2. Januar von 18 bis 24 Uhr pr\u00e4sentieren wir euch wieder eine kernige Mischung aus neuer Musik und bew\u00e4hrten Kl\u00e4ngen. Als Spezialit\u00e4ten gibt's von 19 bis 20 Uhr die Neuheiten-Show und in unserer \"Stunde der\u2026","rel":"","context":"In \"AM\"","block_context":{"text":"AM","link":"https:\/\/www.achimbrueckner.de\/freeradio\/php\/wordpress\/?tag=am"},"img":{"alt_text":"","src":"","width":0,"height":0},"classes":[]}],"_links":{"self":[{"href":"https:\/\/www.achimbrueckner.de\/freeradio\/php\/wordpress\/index.php?rest_route=\/wp\/v2\/posts\/474033","targetHints":{"allow":["GET"]}}],"collection":[{"href":"https:\/\/www.achimbrueckner.de\/freeradio\/php\/wordpress\/index.php?rest_route=\/wp\/v2\/posts"}],"about":[{"href":"https:\/\/www.achimbrueckner.de\/freeradio\/php\/wordpress\/index.php?rest_route=\/wp\/v2\/types\/post"}],"author":[{"embeddable":true,"href":"https:\/\/www.achimbrueckner.de\/freeradio\/php\/wordpress\/index.php?rest_route=\/wp\/v2\/users\/1"}],"replies":[{"embeddable":true,"href":"https:\/\/www.achimbrueckner.de\/freeradio\/php\/wordpress\/index.php?rest_route=%2Fwp%2Fv2%2Fcomments&post=474033"}],"version-history":[{"count":0,"href":"https:\/\/www.achimbrueckner.de\/freeradio\/php\/wordpress\/index.php?rest_route=\/wp\/v2\/posts\/474033\/revisions"}],"wp:attachment":[{"href":"https:\/\/www.achimbrueckner.de\/freeradio\/php\/wordpress\/index.php?rest_route=%2Fwp%2Fv2%2Fmedia&parent=474033"}],"wp:term":[{"taxonomy":"category","embeddable":true,"href":"https:\/\/www.achimbrueckner.de\/freeradio\/php\/wordpress\/index.php?rest_route=%2Fwp%2Fv2%2Fcategories&post=474033"},{"taxonomy":"post_tag","embeddable":true,"href":"https:\/\/www.achimbrueckner.de\/freeradio\/php\/wordpress\/index.php?rest_route=%2Fwp%2Fv2%2Ftags&post=474033"}],"curies":[{"name":"wp","href":"https:\/\/api.w.org\/{rel}","templated":true}]}}