{"id":474208,"date":"2025-05-28T14:03:46","date_gmt":"2025-05-28T14:03:46","guid":{"rendered":"https:\/\/www.achimbrueckner.de\/freeradio\/php\/wordpress\/?p=474208"},"modified":"2025-05-28T14:03:46","modified_gmt":"2025-05-28T14:03:46","slug":"rni-horerklub","status":"publish","type":"post","link":"https:\/\/www.achimbrueckner.de\/freeradio\/php\/wordpress\/?p=474208","title":{"rendered":"RNI H\u00f6rerklub"},"content":{"rendered":"<p>Werde Teil des RNI H\u00f6rerclubs \u2013 kostenlos und exklusiv!<\/p>\n<p>Du liebst Radio Nordsee International und m\u00f6chtest immer auf dem neuesten Stand bleiben?<br \/>\nDann ist der RNI H\u00f6rerclub genau das Richtige f\u00fcr dich \u2013 und das Beste: Es ist komplett kostenlos!<\/p>\n<p>Deine Vorteile auf einen Blick:<\/p>\n<p>&#8211; Exklusive Einblicke: Erfahre spannende Hintergrundgeschichten zu Radio Nordsee International,<br \/>\nunseren Moderatoren und unseren Partnern.<\/p>\n<p>&#8211; Immer aktuell: Mit unserem Newsletter verpasst du keine Neuigkeiten mehr \u2013 von Events<br \/>\n\u00fcber Programmhighlights bis hin zu technischen Updates der SATzentrale.<\/p>\n<p>&#8211; Teil einer Community: Treffe Gleichgesinnte und teile deine Begeisterung f\u00fcr das einzigartige Flair von RNI.<\/p>\n<p>Jetzt kostenlos Mitglied werden!<\/p>\n<p>Melde dich noch heute an und erhalte deinen ersten Newsletter mit exklusiven Inhalten<br \/>\ndirekt in dein Postfach. Tauche ein in die Welt von RNI und erlebe Radio auf eine v\u00f6llig neue Art.<\/p>\n<p>Jetzt beitreten und loslegen!<\/p>\n<p>Radio Nordsee International \u2013 Mehr als Radio, ein Lebensgef\u00fchl.<br \/>\n<a href=\"https:\/\/www.satzentrale.de\/rni\/hoererclub.shtml\" target=\"_blank\">https:\/\/www.satzentrale.de\/rni\/hoererclub.shtml<\/a><\/p>\n","protected":false},"excerpt":{"rendered":"<p>Werde Teil des RNI H\u00f6rerclubs \u2013 kostenlos und exklusiv! Du liebst Radio Nordsee International und m\u00f6chtest immer auf dem neuesten Stand bleiben? Dann ist der RNI H\u00f6rerclub genau das Richtige f\u00fcr dich \u2013 und das Beste: Es ist komplett kostenlos! Deine Vorteile auf einen Blick: &#8211; Exklusive Einblicke: Erfahre spannende Hintergrundgeschichten zu Radio Nordsee International, &hellip; <a href=\"https:\/\/www.achimbrueckner.de\/freeradio\/php\/wordpress\/?p=474208\" class=\"more-link\">Continue reading <span class=\"screen-reader-text\">RNI H\u00f6rerklub<\/span><\/a><\/p>\n","protected":false},"author":1,"featured_media":0,"comment_status":"closed","ping_status":"open","sticky":false,"template":"","format":"standard","meta":{"_jetpack_memberships_contains_paid_content":false,"footnotes":"","jetpack_publicize_message":"","jetpack_publicize_feature_enabled":true,"jetpack_social_post_already_shared":true,"jetpack_social_options":{"image_generator_settings":{"template":"highway","default_image_id":0,"font":"","enabled":false},"version":2}},"categories":[1],"tags":[],"class_list":["post-474208","post","type-post","status-publish","format-standard","hentry","category-uncategorized"],"jetpack_publicize_connections":[],"jetpack_featured_media_url":"","jetpack_sharing_enabled":true,"jetpack_shortlink":"https:\/\/wp.me\/p5CD59-1Zmw","jetpack-related-posts":[{"id":473971,"url":"https:\/\/www.achimbrueckner.de\/freeradio\/php\/wordpress\/?p=473971","url_meta":{"origin":474208,"position":0},"title":"Radio Nordsee International: Webradio mit Seesender-Bezug startet neu durch","author":"Administrator","date":"February 24, 2025 16:31","format":false,"excerpt":"Radio Nordsee International: Webradio mit Seesender-Bezug startet neu durch Bereits Ende vergangenen Jahres wurde bekannt, dass Radio Nordsee International sein Comeback plant. Gemeint ist freilich nicht der Seesender, der von 1970 bis 1974 vom Radioschiff Mebo II auf Sendung war. Auch das Satellitenradio-Projekt gleichen Namens, das Anfang der 90er Jahre\u2026","rel":"","context":"Similar post","block_context":{"text":"Similar post","link":""},"img":{"alt_text":"","src":"","width":0,"height":0},"classes":[]},{"id":462649,"url":"https:\/\/www.achimbrueckner.de\/freeradio\/php\/wordpress\/?p=462649","url_meta":{"origin":474208,"position":1},"title":"Radiotag 2020 6. Juni 2020","author":"Administrator","date":"February 29, 2020 21:49","format":false,"excerpt":"#Hildenleeks Der Termin f\u00fcr den 20. Internationalen Radiotag in Hilden steht: Samstag, der 6.Juni. Als Stargast wird Brian McKenzie von Radio Nordsee erwartet. Ort nat\u00fcrlich wieder das QQTEC-Museum. Angedacht ist auch eine Videoschaltung zum RNI-Gr\u00fcnder Edwin Bollier in die Schweiz. Meister und Bollier waren die beiden Schweizer Gesch\u00e4ftsleute, die RNI\u2026","rel":"","context":"In &quot;Camps&quot;","block_context":{"text":"Camps","link":"https:\/\/www.achimbrueckner.de\/freeradio\/php\/wordpress\/?cat=6"},"img":{"alt_text":"","src":"","width":0,"height":0},"classes":[]},{"id":38347,"url":"https:\/\/www.achimbrueckner.de\/freeradio\/php\/wordpress\/?p=38347","url_meta":{"origin":474208,"position":2},"title":"News of the week on 6070 kHz","author":"Administrator","date":"January 31, 2015 14:01","format":false,"excerpt":"Liebe Freunde von Radio Channel 292, wir freuen uns, dass der neue Sender so gut funktioniert, und dass wir in Folge davon einige neue Sponsoren gefunden haben, die ihre Programme \u00fcber unseren Sender ausstrahlen. Da es sich dabei zum Teil um Testsendungen handelt, sind die Stationen nat\u00fcrlich besonders an Empfangsberichten\u2026","rel":"","context":"In \"AM\"","block_context":{"text":"AM","link":"https:\/\/www.achimbrueckner.de\/freeradio\/php\/wordpress\/?tag=am"},"img":{"alt_text":"","src":"","width":0,"height":0},"classes":[]},{"id":216,"url":"https:\/\/www.achimbrueckner.de\/freeradio\/php\/wordpress\/?p=216","url_meta":{"origin":474208,"position":3},"title":"Radio Nordsee International","author":"Administrator","date":"December 25, 2005 11:22","format":false,"excerpt":"Radio Nordsee International ist um 1120 Utc auf der 6205 Khz zu h\u00f6ren. Der Empfang ist brauchbar mit O=3. Die Station identifiziert sich auch als RNI.","rel":"","context":"In &quot;Empfang&quot;","block_context":{"text":"Empfang","link":"https:\/\/www.achimbrueckner.de\/freeradio\/php\/wordpress\/?cat=3"},"img":{"alt_text":"","src":"","width":0,"height":0},"classes":[]},{"id":22571,"url":"https:\/\/www.achimbrueckner.de\/freeradio\/php\/wordpress\/?p=22571","url_meta":{"origin":474208,"position":4},"title":"RNI tags\u00fcber auf Deutsch","author":"Administrator","date":"July 14, 2011 15:53","format":false,"excerpt":"www.rni.vze.com und \u00fcber MW, KW & UKW in verschiedenen Bereichen in Europa zu h\u00f6ren ! Den Deutschen Service von RNI h\u00f6ren Sie ab sofort schon, Donnerstag ab 12.00 Uhr bis 20.00 Uhr!!! Weiter wie bisher, die neuen aktuellen Show`s, Samstags- und Sonntags ab 00.00 Uhr bis 08.00 Uhr !!! $$$$$$$$$$$$$$$$$$$$$$$$$$$$$$$$$$$$$$$$$$$$$$$$\u2026","rel":"","context":"In \"AM\"","block_context":{"text":"AM","link":"https:\/\/www.achimbrueckner.de\/freeradio\/php\/wordpress\/?tag=am"},"img":{"alt_text":"","src":"","width":0,"height":0},"classes":[]},{"id":194,"url":"https:\/\/www.achimbrueckner.de\/freeradio\/php\/wordpress\/?p=194","url_meta":{"origin":474208,"position":5},"title":"Antonio Radio","author":"Administrator","date":"December 24, 2005 10:17","format":false,"excerpt":"Antonio Radio ist auf der 6275 Khz um 1015 Utc mit O=2 zu empfangen. Im Programm gibt es Polkas und den RNI-tune. Das Signal ist mit S=7 recht passabel, nur das Bandrauschen tr\u00fcbt etwas den Empfang. Emails gehen an antonioradio(-a-)hotmail.com und die Station hat auch eine SMS-hotline unter +31 611098508.","rel":"","context":"In &quot;Empfang&quot;","block_context":{"text":"Empfang","link":"https:\/\/www.achimbrueckner.de\/freeradio\/php\/wordpress\/?cat=3"},"img":{"alt_text":"","src":"","width":0,"height":0},"classes":[]}],"_links":{"self":[{"href":"https:\/\/www.achimbrueckner.de\/freeradio\/php\/wordpress\/index.php?rest_route=\/wp\/v2\/posts\/474208","targetHints":{"allow":["GET"]}}],"collection":[{"href":"https:\/\/www.achimbrueckner.de\/freeradio\/php\/wordpress\/index.php?rest_route=\/wp\/v2\/posts"}],"about":[{"href":"https:\/\/www.achimbrueckner.de\/freeradio\/php\/wordpress\/index.php?rest_route=\/wp\/v2\/types\/post"}],"author":[{"embeddable":true,"href":"https:\/\/www.achimbrueckner.de\/freeradio\/php\/wordpress\/index.php?rest_route=\/wp\/v2\/users\/1"}],"replies":[{"embeddable":true,"href":"https:\/\/www.achimbrueckner.de\/freeradio\/php\/wordpress\/index.php?rest_route=%2Fwp%2Fv2%2Fcomments&post=474208"}],"version-history":[{"count":0,"href":"https:\/\/www.achimbrueckner.de\/freeradio\/php\/wordpress\/index.php?rest_route=\/wp\/v2\/posts\/474208\/revisions"}],"wp:attachment":[{"href":"https:\/\/www.achimbrueckner.de\/freeradio\/php\/wordpress\/index.php?rest_route=%2Fwp%2Fv2%2Fmedia&parent=474208"}],"wp:term":[{"taxonomy":"category","embeddable":true,"href":"https:\/\/www.achimbrueckner.de\/freeradio\/php\/wordpress\/index.php?rest_route=%2Fwp%2Fv2%2Fcategories&post=474208"},{"taxonomy":"post_tag","embeddable":true,"href":"https:\/\/www.achimbrueckner.de\/freeradio\/php\/wordpress\/index.php?rest_route=%2Fwp%2Fv2%2Ftags&post=474208"}],"curies":[{"name":"wp","href":"https:\/\/api.w.org\/{rel}","templated":true}]}}