{"id":474291,"date":"2025-07-05T13:28:59","date_gmt":"2025-07-05T13:28:59","guid":{"rendered":"https:\/\/www.achimbrueckner.de\/freeradio\/php\/wordpress\/?p=474291"},"modified":"2025-07-05T13:28:59","modified_gmt":"2025-07-05T13:28:59","slug":"radio-sylvia-5-juli-2025","status":"publish","type":"post","link":"https:\/\/www.achimbrueckner.de\/freeradio\/php\/wordpress\/?p=474291","title":{"rendered":"Radio Sylvia 5. Juli 2025"},"content":{"rendered":"<p>Moin aus Hamburg! Heute am 1. Sonnabend des Monats l\u00e4uft auf Radio Sylvia traditionsgem\u00e4\u00df die &#8220;Radiorandale&#8221;, und zwar online sowie auf Kurzwelle 6070 und 3955 kHz. Wir starten um 18 Uhr; das komplette Programmschema seht ihr unten. Weitere Infos sind auf unserer Homepage zu finden. \ud83d\ude42<\/p>\n","protected":false},"excerpt":{"rendered":"<p>Moin aus Hamburg! Heute am 1. Sonnabend des Monats l\u00e4uft auf Radio Sylvia traditionsgem\u00e4\u00df die &#8220;Radiorandale&#8221;, und zwar online sowie auf Kurzwelle 6070 und 3955 kHz. Wir starten um 18 Uhr; das komplette Programmschema seht ihr unten. Weitere Infos sind auf unserer Homepage zu finden. \ud83d\ude42<\/p>\n","protected":false},"author":1,"featured_media":0,"comment_status":"closed","ping_status":"open","sticky":false,"template":"","format":"standard","meta":{"_jetpack_memberships_contains_paid_content":false,"footnotes":"","jetpack_publicize_message":"","jetpack_publicize_feature_enabled":true,"jetpack_social_post_already_shared":true,"jetpack_social_options":{"image_generator_settings":{"template":"highway","default_image_id":0,"font":"","enabled":false},"version":2}},"categories":[1],"tags":[],"class_list":["post-474291","post","type-post","status-publish","format-standard","hentry","category-uncategorized"],"jetpack_publicize_connections":[],"jetpack_featured_media_url":"","jetpack_sharing_enabled":true,"jetpack_shortlink":"https:\/\/wp.me\/p5CD59-1ZnR","jetpack-related-posts":[{"id":465453,"url":"https:\/\/www.achimbrueckner.de\/freeradio\/php\/wordpress\/?p=465453","url_meta":{"origin":474291,"position":0},"title":"Radio Sylvia 3. Juli 2021","author":"Administrator","date":"June 28, 2021 15:11","format":false,"excerpt":"Moin aus dem Norden! Es ist kaum zu glauben, aber im Juli ist es 44 Jahre her, als wir mit Radio Sylvia losgelegt haben. Und das wird nat\u00fcrlich standesgem\u00e4\u00df und ausgiebig gefeiert: Am 3. Juli von 18 bis 24 Uhr l\u00e4uft auf Radio Sylvia der \"Summer of Death\", u.a. mit\u2026","rel":"","context":"Similar post","block_context":{"text":"Similar post","link":""},"img":{"alt_text":"","src":"","width":0,"height":0},"classes":[]},{"id":464948,"url":"https:\/\/www.achimbrueckner.de\/freeradio\/php\/wordpress\/?p=464948","url_meta":{"origin":474291,"position":1},"title":"Radio Sylvia 6. M\u00e4rz 2021","author":"Administrator","date":"March 1, 2021 17:59","format":false,"excerpt":"Moin! Systemrelevant und alternativlos: die \"Radiorandale\" auf Radio Sylvia \ud83d\ude0e - wieder zu h\u00f6ren am 6. M\u00e4rz von 18 bis 24 Uhr. Freut euch auf sechs Stunden mit knackiger Musik und guter Laune gegen die Corona-Melancholie. Als Specials bringen wir euch die Neuheiten-Show (19 bis 20 Uhr) und die \"Stunde\u2026","rel":"","context":"In \"AM\"","block_context":{"text":"AM","link":"https:\/\/www.achimbrueckner.de\/freeradio\/php\/wordpress\/?tag=am"},"img":{"alt_text":"","src":"","width":0,"height":0},"classes":[]},{"id":467197,"url":"https:\/\/www.achimbrueckner.de\/freeradio\/php\/wordpress\/?p=467197","url_meta":{"origin":474291,"position":2},"title":"Radio Sylvia 2. Juli 2022 45 Jahre","author":"Administrator","date":"June 27, 2022 15:13","format":false,"excerpt":"Radio Sylvia wird 45! Dieses Jubil\u00e4um wollen wir in der n\u00e4chsten \"Radiorandale\" am 2. Juli von 18 bis 24 Uhr live mit euch feiern. Es gibt viel Musik aus den letzten viereinhalb Jahrzehnten, angereichert mit R\u00fcckblicken auf unsere Geschichte - dazu diverse bizarre und wunderliche Tondokumente \ud83e\udd13 aus unserem Radioschaffen.\u2026","rel":"","context":"Similar post","block_context":{"text":"Similar post","link":""},"img":{"alt_text":"","src":"","width":0,"height":0},"classes":[]},{"id":466723,"url":"https:\/\/www.achimbrueckner.de\/freeradio\/php\/wordpress\/?p=466723","url_meta":{"origin":474291,"position":3},"title":"Radio Sylvia 2. April 2022","author":"Administrator","date":"March 28, 2022 15:55","format":false,"excerpt":"Moin aus dem Norden! Radio Sylvia geht wieder live: Am 2. April um 18 Uhr entern wir unser Studio Nord und bringen euch sechs Stunden gepflegten L\u00e4rm. Hervorzuheben w\u00e4ren unsere Neuheiten-Show von 19 bis 20 Uhr und ganz besonders die \"Stunde der Wahrheit\" (22 bis 23 Uhr), in der unser\u2026","rel":"","context":"Similar post","block_context":{"text":"Similar post","link":""},"img":{"alt_text":"","src":"","width":0,"height":0},"classes":[]},{"id":459759,"url":"https:\/\/www.achimbrueckner.de\/freeradio\/php\/wordpress\/?p=459759","url_meta":{"origin":474291,"position":4},"title":"Radio Sylvia","author":"Administrator","date":"December 30, 2018 15:40","format":false,"excerpt":"Moin aus Hamburg! Am 5. Januar werden wir das neue Jahr standesgem\u00e4\u00df mit der gro\u00dfen Live-Sendung \"Radiorandale\" begr\u00fc\u00dfen. Ab 18 Uhr feiern wir den 10. Jahrestag unseres Internet-Comebacks. (Zur Erinnerung: Im Januar 2009 nahm Radio Sylvia nach langer Pause die Sendungen wieder auf, ab dann legal \ud83d\ude0e und im Internet.)\u2026","rel":"","context":"In \"AM\"","block_context":{"text":"AM","link":"https:\/\/www.achimbrueckner.de\/freeradio\/php\/wordpress\/?tag=am"},"img":{"alt_text":"","src":"","width":0,"height":0},"classes":[]},{"id":457511,"url":"https:\/\/www.achimbrueckner.de\/freeradio\/php\/wordpress\/?p=457511","url_meta":{"origin":474291,"position":5},"title":"Radio Sylvia 2. Dezember 2017 6070 Khz","author":"Administrator","date":"November 26, 2017 15:48","format":false,"excerpt":"Moin! Wer Zeuge eines weiteren Meilensteins der deutschen Radiogeschichte werden m\u00f6chte \ud83d\ude0e, der h\u00f6rt am 2. Dezember von 18 bis 24 Uhr Radio Sylvia - dann l\u00e4uft n\u00e4mlich die 2. Live-Sondersendung zu unserem 40-j\u00e4hrigen Bestehen. Es gibt jede Menge gro\u00dfartiger Musik aus den letzten 40 Jahren und feierliche (?) Weihnachtsmusik.\u2026","rel":"","context":"In \"AM\"","block_context":{"text":"AM","link":"https:\/\/www.achimbrueckner.de\/freeradio\/php\/wordpress\/?tag=am"},"img":{"alt_text":"","src":"","width":0,"height":0},"classes":[]}],"_links":{"self":[{"href":"https:\/\/www.achimbrueckner.de\/freeradio\/php\/wordpress\/index.php?rest_route=\/wp\/v2\/posts\/474291","targetHints":{"allow":["GET"]}}],"collection":[{"href":"https:\/\/www.achimbrueckner.de\/freeradio\/php\/wordpress\/index.php?rest_route=\/wp\/v2\/posts"}],"about":[{"href":"https:\/\/www.achimbrueckner.de\/freeradio\/php\/wordpress\/index.php?rest_route=\/wp\/v2\/types\/post"}],"author":[{"embeddable":true,"href":"https:\/\/www.achimbrueckner.de\/freeradio\/php\/wordpress\/index.php?rest_route=\/wp\/v2\/users\/1"}],"replies":[{"embeddable":true,"href":"https:\/\/www.achimbrueckner.de\/freeradio\/php\/wordpress\/index.php?rest_route=%2Fwp%2Fv2%2Fcomments&post=474291"}],"version-history":[{"count":0,"href":"https:\/\/www.achimbrueckner.de\/freeradio\/php\/wordpress\/index.php?rest_route=\/wp\/v2\/posts\/474291\/revisions"}],"wp:attachment":[{"href":"https:\/\/www.achimbrueckner.de\/freeradio\/php\/wordpress\/index.php?rest_route=%2Fwp%2Fv2%2Fmedia&parent=474291"}],"wp:term":[{"taxonomy":"category","embeddable":true,"href":"https:\/\/www.achimbrueckner.de\/freeradio\/php\/wordpress\/index.php?rest_route=%2Fwp%2Fv2%2Fcategories&post=474291"},{"taxonomy":"post_tag","embeddable":true,"href":"https:\/\/www.achimbrueckner.de\/freeradio\/php\/wordpress\/index.php?rest_route=%2Fwp%2Fv2%2Ftags&post=474291"}],"curies":[{"name":"wp","href":"https:\/\/api.w.org\/{rel}","templated":true}]}}