{"id":474365,"date":"2025-07-28T16:54:11","date_gmt":"2025-07-28T16:54:11","guid":{"rendered":"https:\/\/www.achimbrueckner.de\/freeradio\/php\/wordpress\/?p=474365"},"modified":"2025-07-28T16:54:11","modified_gmt":"2025-07-28T16:54:11","slug":"radio-joystick-3-august-2025","status":"publish","type":"post","link":"https:\/\/www.achimbrueckner.de\/freeradio\/php\/wordpress\/?p=474365","title":{"rendered":"Radio Joystick 3. August 2025"},"content":{"rendered":"<p>Abwechslungsreicher als die Charlie-Prince-Show f\u00fcr August kann eine Musiksendung nicht sein: Von punkigen Kl\u00e4ngen \u00fcber asiatische Kl\u00e4nge bis hin zu einem lateinamerikanischen Meisterwerk sind einige Ohrw\u00fcrmer dabei! Dabei sein ist alles: Auf KW 11805 kHz am 3. August um 12 Uhr dt. Zeit &#8211; oder auf einem Dutzend Internetradios!<\/p>\n","protected":false},"excerpt":{"rendered":"<p>Abwechslungsreicher als die Charlie-Prince-Show f\u00fcr August kann eine Musiksendung nicht sein: Von punkigen Kl\u00e4ngen \u00fcber asiatische Kl\u00e4nge bis hin zu einem lateinamerikanischen Meisterwerk sind einige Ohrw\u00fcrmer dabei! Dabei sein ist alles: Auf KW 11805 kHz am 3. August um 12 Uhr dt. Zeit &#8211; oder auf einem Dutzend Internetradios!<\/p>\n","protected":false},"author":1,"featured_media":0,"comment_status":"closed","ping_status":"open","sticky":false,"template":"","format":"standard","meta":{"_jetpack_memberships_contains_paid_content":false,"footnotes":"","jetpack_publicize_message":"","jetpack_publicize_feature_enabled":true,"jetpack_social_post_already_shared":true,"jetpack_social_options":{"image_generator_settings":{"template":"highway","default_image_id":0,"font":"","enabled":false},"version":2}},"categories":[1],"tags":[],"class_list":["post-474365","post","type-post","status-publish","format-standard","hentry","category-uncategorized"],"jetpack_publicize_connections":[],"jetpack_featured_media_url":"","jetpack_sharing_enabled":true,"jetpack_shortlink":"https:\/\/wp.me\/p5CD59-1Zp3","jetpack-related-posts":[{"id":467443,"url":"https:\/\/www.achimbrueckner.de\/freeradio\/php\/wordpress\/?p=467443","url_meta":{"origin":474365,"position":0},"title":"Radio Joystick 7330 Khz 7 August 2022 1200 MESZ","author":"Administrator","date":"August 1, 2022 14:11","format":false,"excerpt":"Die aktuelle Charlie-Prince-Show ist n\u00e4chsten Sonntag um zw\u00f6lf Uhr deutscher Zeit auf 7330 kHz zu h\u00f6ren! Sie beginnt mit einem Meisterwerk des aufstrebenden kanadischen DJs und Produzenten \u201aStekl\u2018 alias Alex aus Vancouver. Man sp\u00fcrt sein gro\u00dfartiges Gesp\u00fcr f\u00fcr Samples und eing\u00e4ngige Melodien. \u201aTanuki\u2018 dagegen ist nicht nur eine wichtige Sagengestalt\u2026","rel":"","context":"Similar post","block_context":{"text":"Similar post","link":""},"img":{"alt_text":"","src":"","width":0,"height":0},"classes":[]},{"id":3637,"url":"https:\/\/www.achimbrueckner.de\/freeradio\/php\/wordpress\/?p=3637","url_meta":{"origin":474365,"position":1},"title":"Play.FM auf 6220 Khz","author":"Administrator","date":"August 23, 2007 14:02","format":false,"excerpt":"Play.fm, das webradio aus Wien wird am Sonntag den 26.8.2007 ab 0 Uhr zum zweiten mal auf 6220kHz zu h\u00f6ren sein. Dabei handelt es sich wohl um 0000 Lokalzeit, also 2200 Utc.","rel":"","context":"In \"AM\"","block_context":{"text":"AM","link":"https:\/\/www.achimbrueckner.de\/freeradio\/php\/wordpress\/?tag=am"},"img":{"alt_text":"","src":"","width":0,"height":0},"classes":[]},{"id":471959,"url":"https:\/\/www.achimbrueckner.de\/freeradio\/php\/wordpress\/?p=471959","url_meta":{"origin":474365,"position":2},"title":"Radio Sylvia 1 April 2023","author":"Administrator","date":"March 30, 2023 14:40","format":false,"excerpt":"Moin Moin! Die n\u00e4chste \"Radiorandale\" wirft ihre Schatten voraus. Los geht's am 1. April (!) um 18 Uhr mit einem neuen Programmschema und tonnenweise kr\u00e4ftiger Musik. Zu h\u00f6ren ist das Ganze online sowie auf Kurzwelle 6070 und 3955 kHz. Alle Einzelheiten findet ihr auf unserer Homepage radiosylvia.de. Seid dabei! \ud83d\ude0e\ud83d\udcfb\u2026","rel":"","context":"Similar post","block_context":{"text":"Similar post","link":""},"img":{"alt_text":"","src":"","width":0,"height":0},"classes":[]},{"id":14559,"url":"https:\/\/www.achimbrueckner.de\/freeradio\/php\/wordpress\/?p=14559","url_meta":{"origin":474365,"position":3},"title":"Radio Marabu","author":"Administrator","date":"October 24, 2009 20:50","format":false,"excerpt":"Radio Marabu wird morgen ,25.10. von 10.00-16.00 Uhr (keine Angabe ob UTC gemeint ist ) auf 6220 khz zu h\u00f6ren sein. Info via A-DX Anmerkung: Wahrscheinlich handelt es sich dabei um 1000-1600 Uhr MEZ = 0900-1500 Utc.","rel":"","context":"In \"dx\"","block_context":{"text":"dx","link":"https:\/\/www.achimbrueckner.de\/freeradio\/php\/wordpress\/?tag=dx"},"img":{"alt_text":"","src":"","width":0,"height":0},"classes":[]},{"id":19779,"url":"https:\/\/www.achimbrueckner.de\/freeradio\/php\/wordpress\/?p=19779","url_meta":{"origin":474365,"position":4},"title":"Radio Joystick","author":"Administrator","date":"September 13, 2010 14:25","format":false,"excerpt":"Die RADIO JOYSTICK Pr\u00e4sentation vom Radiotag 2010 in Erkrath ist jetzt online zu bewundern - und zwar gaaanz unten auf der nachstehend verlinkten Seite: http:\/\/www.radiojoystick.de\/Wie_alles_begann\/wie_alles_begann.html Fuer alle, die Samstag in Erkrath waren, aber abgelenkt wurden - und fuer alle, die nicht dabei sein konnten (so wie ich...) Info via Charlie\u2026","rel":"","context":"In \"AM\"","block_context":{"text":"AM","link":"https:\/\/www.achimbrueckner.de\/freeradio\/php\/wordpress\/?tag=am"},"img":{"alt_text":"","src":"","width":0,"height":0},"classes":[]},{"id":467470,"url":"https:\/\/www.achimbrueckner.de\/freeradio\/php\/wordpress\/?p=467470","url_meta":{"origin":474365,"position":5},"title":"Radio Sylvia 6. August 2022","author":"Administrator","date":"August 3, 2022 16:53","format":false,"excerpt":"Moin! Es ist Sommer und Urlaubszeit, daher wird die n\u00e4chste \"Radiorandale\" am 6. August (18 - 24 Uhr) ohne Moderatoren \u00fcber die B\u00fchne gehen - Ihr k\u00f6nnt also mal durchatmen. \ud83e\udd17 Nichtsdestotrotz gibt's wieder unser bew\u00e4hrtes Programmschema: 18 - 19 Uhr Warm Up, 19 - 20 Uhr Neuheiten, 20 -\u2026","rel":"","context":"Similar post","block_context":{"text":"Similar post","link":""},"img":{"alt_text":"","src":"","width":0,"height":0},"classes":[]}],"_links":{"self":[{"href":"https:\/\/www.achimbrueckner.de\/freeradio\/php\/wordpress\/index.php?rest_route=\/wp\/v2\/posts\/474365","targetHints":{"allow":["GET"]}}],"collection":[{"href":"https:\/\/www.achimbrueckner.de\/freeradio\/php\/wordpress\/index.php?rest_route=\/wp\/v2\/posts"}],"about":[{"href":"https:\/\/www.achimbrueckner.de\/freeradio\/php\/wordpress\/index.php?rest_route=\/wp\/v2\/types\/post"}],"author":[{"embeddable":true,"href":"https:\/\/www.achimbrueckner.de\/freeradio\/php\/wordpress\/index.php?rest_route=\/wp\/v2\/users\/1"}],"replies":[{"embeddable":true,"href":"https:\/\/www.achimbrueckner.de\/freeradio\/php\/wordpress\/index.php?rest_route=%2Fwp%2Fv2%2Fcomments&post=474365"}],"version-history":[{"count":0,"href":"https:\/\/www.achimbrueckner.de\/freeradio\/php\/wordpress\/index.php?rest_route=\/wp\/v2\/posts\/474365\/revisions"}],"wp:attachment":[{"href":"https:\/\/www.achimbrueckner.de\/freeradio\/php\/wordpress\/index.php?rest_route=%2Fwp%2Fv2%2Fmedia&parent=474365"}],"wp:term":[{"taxonomy":"category","embeddable":true,"href":"https:\/\/www.achimbrueckner.de\/freeradio\/php\/wordpress\/index.php?rest_route=%2Fwp%2Fv2%2Fcategories&post=474365"},{"taxonomy":"post_tag","embeddable":true,"href":"https:\/\/www.achimbrueckner.de\/freeradio\/php\/wordpress\/index.php?rest_route=%2Fwp%2Fv2%2Ftags&post=474365"}],"curies":[{"name":"wp","href":"https:\/\/api.w.org\/{rel}","templated":true}]}}