{"id":474714,"date":"2025-11-04T16:11:24","date_gmt":"2025-11-04T16:11:24","guid":{"rendered":"https:\/\/www.achimbrueckner.de\/freeradio\/php\/wordpress\/?p=474714"},"modified":"2025-11-04T16:11:24","modified_gmt":"2025-11-04T16:11:24","slug":"der-letzte-seesender-der-welt","status":"publish","type":"post","link":"https:\/\/www.achimbrueckner.de\/freeradio\/php\/wordpress\/?p=474714","title":{"rendered":"Der letzte Seesender der Welt"},"content":{"rendered":"<p><a href=\"https:\/\/offshoreradio.info\/israel\/\" target=\"_blank\">https:\/\/offshoreradio.info\/israel\/<\/a><\/p>\n","protected":false},"excerpt":{"rendered":"<p>https:\/\/offshoreradio.info\/israel\/<\/p>\n","protected":false},"author":1,"featured_media":0,"comment_status":"closed","ping_status":"open","sticky":false,"template":"","format":"standard","meta":{"_jetpack_memberships_contains_paid_content":false,"footnotes":"","jetpack_publicize_message":"","jetpack_publicize_feature_enabled":true,"jetpack_social_post_already_shared":true,"jetpack_social_options":{"image_generator_settings":{"template":"highway","default_image_id":0,"font":"","enabled":false},"version":2}},"categories":[1],"tags":[],"class_list":["post-474714","post","type-post","status-publish","format-standard","hentry","category-uncategorized"],"jetpack_publicize_connections":[],"jetpack_featured_media_url":"","jetpack_sharing_enabled":true,"jetpack_shortlink":"https:\/\/wp.me\/p5CD59-1ZuG","jetpack-related-posts":[{"id":461110,"url":"https:\/\/www.achimbrueckner.de\/freeradio\/php\/wordpress\/?p=461110","url_meta":{"origin":474714,"position":0},"title":"Radio Tatras International gedenkt der Seesender-\u00c4ra","author":"Administrator","date":"August 2, 2019 10:32","format":false,"excerpt":"https:\/\/www.smartphonefan.de\/2019\/08\/02\/radio-tatras-international-gedenkt-der-seesender-aera\/","rel":"","context":"In \"Seesender\"","block_context":{"text":"Seesender","link":"https:\/\/www.achimbrueckner.de\/freeradio\/php\/wordpress\/?tag=seesender"},"img":{"alt_text":"","src":"","width":0,"height":0},"classes":[]},{"id":466019,"url":"https:\/\/www.achimbrueckner.de\/freeradio\/php\/wordpress\/?p=466019","url_meta":{"origin":474714,"position":1},"title":"Neues Radio Mi Amigo will der \u201eechte\u201c Seesender-Nachfolger sein","author":"Administrator","date":"October 28, 2021 16:00","format":false,"excerpt":"https:\/\/www.smartphonefan.de\/2021\/10\/28\/neues-radio-mi-amigo-will-der-echte-seesender-nachfolger-sein\/","rel":"","context":"Similar post","block_context":{"text":"Similar post","link":""},"img":{"alt_text":"","src":"","width":0,"height":0},"classes":[]},{"id":37862,"url":"https:\/\/www.achimbrueckner.de\/freeradio\/php\/wordpress\/?p=37862","url_meta":{"origin":474714,"position":2},"title":"DIE ANF\u00c4NGE DER SEESENDER  AUTOR: Josef Theobald","author":"Administrator","date":"January 1, 2015 17:37","format":false,"excerpt":"https:\/\/www.facebook.com\/notes\/643279062461415\/","rel":"","context":"In \"Seesender\"","block_context":{"text":"Seesender","link":"https:\/\/www.achimbrueckner.de\/freeradio\/php\/wordpress\/?tag=seesender"},"img":{"alt_text":"","src":"","width":0,"height":0},"classes":[]},{"id":259024,"url":"https:\/\/www.achimbrueckner.de\/freeradio\/php\/wordpress\/?p=259024","url_meta":{"origin":474714,"position":3},"title":"Roger Kirk Die Geschichte der Seesender","author":"Administrator","date":"July 4, 2015 22:22","format":false,"excerpt":"http:\/\/www.seesender.de\/rogerkirk\/ https:\/\/www.flickr.com\/photos\/offshoreradio\/sets\/72157655024893990","rel":"","context":"In \"offshore\"","block_context":{"text":"offshore","link":"https:\/\/www.achimbrueckner.de\/freeradio\/php\/wordpress\/?tag=offshore"},"img":{"alt_text":"","src":"","width":0,"height":0},"classes":[]},{"id":474054,"url":"https:\/\/www.achimbrueckner.de\/freeradio\/php\/wordpress\/?p=474054","url_meta":{"origin":474714,"position":4},"title":"Radio Brod: Redefreiheit in der Adria","author":"Administrator","date":"March 30, 2025 09:29","format":false,"excerpt":"https:\/\/offshoreradio.info\/radio-brod-de\/","rel":"","context":"Similar post","block_context":{"text":"Similar post","link":""},"img":{"alt_text":"","src":"","width":0,"height":0},"classes":[]},{"id":464523,"url":"https:\/\/www.achimbrueckner.de\/freeradio\/php\/wordpress\/?p=464523","url_meta":{"origin":474714,"position":5},"title":"Seesender Radio Monique kehrt in den \u00c4ther zur\u00fcck","author":"Administrator","date":"December 16, 2020 17:19","format":false,"excerpt":"Seesender Radio Monique kehrt in den \u00c4ther zur\u00fcck Heute ist der ehemalige Seesender Radio Monique wieder auf Sendung zu h\u00f6ren. Der Radiosender feiert nach vielen Jahren ein legales Comeback. Radio Monique war als Seesender in der zweiten H\u00e4lfte der 80er Jahre \u00fcber Mittelwelle zu h\u00f6ren. Die Sendungen kamen dann von\u2026","rel":"","context":"In \"AM\"","block_context":{"text":"AM","link":"https:\/\/www.achimbrueckner.de\/freeradio\/php\/wordpress\/?tag=am"},"img":{"alt_text":"","src":"","width":0,"height":0},"classes":[]}],"_links":{"self":[{"href":"https:\/\/www.achimbrueckner.de\/freeradio\/php\/wordpress\/index.php?rest_route=\/wp\/v2\/posts\/474714","targetHints":{"allow":["GET"]}}],"collection":[{"href":"https:\/\/www.achimbrueckner.de\/freeradio\/php\/wordpress\/index.php?rest_route=\/wp\/v2\/posts"}],"about":[{"href":"https:\/\/www.achimbrueckner.de\/freeradio\/php\/wordpress\/index.php?rest_route=\/wp\/v2\/types\/post"}],"author":[{"embeddable":true,"href":"https:\/\/www.achimbrueckner.de\/freeradio\/php\/wordpress\/index.php?rest_route=\/wp\/v2\/users\/1"}],"replies":[{"embeddable":true,"href":"https:\/\/www.achimbrueckner.de\/freeradio\/php\/wordpress\/index.php?rest_route=%2Fwp%2Fv2%2Fcomments&post=474714"}],"version-history":[{"count":0,"href":"https:\/\/www.achimbrueckner.de\/freeradio\/php\/wordpress\/index.php?rest_route=\/wp\/v2\/posts\/474714\/revisions"}],"wp:attachment":[{"href":"https:\/\/www.achimbrueckner.de\/freeradio\/php\/wordpress\/index.php?rest_route=%2Fwp%2Fv2%2Fmedia&parent=474714"}],"wp:term":[{"taxonomy":"category","embeddable":true,"href":"https:\/\/www.achimbrueckner.de\/freeradio\/php\/wordpress\/index.php?rest_route=%2Fwp%2Fv2%2Fcategories&post=474714"},{"taxonomy":"post_tag","embeddable":true,"href":"https:\/\/www.achimbrueckner.de\/freeradio\/php\/wordpress\/index.php?rest_route=%2Fwp%2Fv2%2Ftags&post=474714"}],"curies":[{"name":"wp","href":"https:\/\/api.w.org\/{rel}","templated":true}]}}