{"id":474744,"date":"2025-11-13T16:25:30","date_gmt":"2025-11-13T16:25:30","guid":{"rendered":"https:\/\/www.achimbrueckner.de\/freeradio\/php\/wordpress\/?p=474744"},"modified":"2025-11-13T16:25:30","modified_gmt":"2025-11-13T16:25:30","slug":"grosbritannien-radio-caroline-north-mit-sondersendung-zu-weihnachten","status":"publish","type":"post","link":"https:\/\/www.achimbrueckner.de\/freeradio\/php\/wordpress\/?p=474744","title":{"rendered":"Gro\u00dfbritannien: Radio Caroline North mit Sondersendung zu Weihnachten"},"content":{"rendered":"<p><a href=\"https:\/\/www.radioblog.eu\/2025\/11\/13\/grossbritannien-radio-caroline-north-mit-sondersendung-zu-weihnachten\/\" target=\"_blank\">https:\/\/www.radioblog.eu\/2025\/11\/13\/grossbritannien-radio-caroline-north-mit-sondersendung-zu-weihnachten\/<\/a><\/p>\n","protected":false},"excerpt":{"rendered":"<p>https:\/\/www.radioblog.eu\/2025\/11\/13\/grossbritannien-radio-caroline-north-mit-sondersendung-zu-weihnachten\/<\/p>\n","protected":false},"author":1,"featured_media":0,"comment_status":"closed","ping_status":"open","sticky":false,"template":"","format":"standard","meta":{"_jetpack_memberships_contains_paid_content":false,"footnotes":"","jetpack_publicize_message":"","jetpack_publicize_feature_enabled":true,"jetpack_social_post_already_shared":true,"jetpack_social_options":{"image_generator_settings":{"template":"highway","default_image_id":0,"font":"","enabled":false},"version":2}},"categories":[1],"tags":[],"class_list":["post-474744","post","type-post","status-publish","format-standard","hentry","category-uncategorized"],"jetpack_publicize_connections":[],"jetpack_featured_media_url":"","jetpack_sharing_enabled":true,"jetpack_shortlink":"https:\/\/wp.me\/p5CD59-1Zva","jetpack-related-posts":[{"id":2702,"url":"https:\/\/www.achimbrueckner.de\/freeradio\/php\/wordpress\/?p=2702","url_meta":{"origin":474744,"position":0},"title":"Radio Benelux Revival","author":"Administrator","date":"May 16, 2007 22:27","format":false,"excerpt":"Auf Radio D\u00fclken l\u00e4uft am 17. Mai 2007 ab 1200 Uhr MESZ eine Sondersendung zu 26 Jahre Radio Benelux. Einschalten via webstream. Mehr zu Radio Benelux gibt es auf www.radio-benelux.de. In der Sondersendung werden wohl die Orginal-Tondokumente von damals ausgestrahlt. Info via Radioh\u00f6rerforum ukwtv.de","rel":"","context":"In \"AM\"","block_context":{"text":"AM","link":"https:\/\/www.achimbrueckner.de\/freeradio\/php\/wordpress\/?tag=am"},"img":{"alt_text":"","src":"","width":0,"height":0},"classes":[]},{"id":474433,"url":"https:\/\/www.achimbrueckner.de\/freeradio\/php\/wordpress\/?p=474433","url_meta":{"origin":474744,"position":1},"title":"Gro\u00dfbritannien: DAB+ Mux \u201eTrial London\u201c mit Radio Caroline auf neuem Kanal","author":"Administrator","date":"August 13, 2025 16:57","format":false,"excerpt":"https:\/\/www.radioblog.eu\/2025\/08\/13\/grossbritannien-dab-mux-trial-london-mit-radio-caroline-auf-neuem-kanal\/","rel":"","context":"Similar post","block_context":{"text":"Similar post","link":""},"img":{"alt_text":"","src":"","width":0,"height":0},"classes":[]},{"id":35177,"url":"https:\/\/www.achimbrueckner.de\/freeradio\/php\/wordpress\/?p=35177","url_meta":{"origin":474744,"position":2},"title":"3. Seepiraten-Nacht am Samstag, 30. August ab 20 Uhr","author":"Administrator","date":"August 30, 2014 13:32","format":false,"excerpt":"3. Seepiraten-Nacht am Samstag, 30. August ab 20 Uhr: Sondersendung zum 40. Jahrestag des Verbots von Seesendern vor der niederl\u00e4ndischen K\u00fcste von Gunnar Leohnard (Eisenach). Am 31. August 1974 verstummten die ber\u00fchmt-ber\u00fcchtigten Piraten-Radiosender vor der holl\u00e4ndischen K\u00fcste. Radio Veronica, Radio Atlantis und Radio Nordsee International wurden abgeschaltet, Radio Caroline verlagerte\u2026","rel":"","context":"In \"AM\"","block_context":{"text":"AM","link":"https:\/\/www.achimbrueckner.de\/freeradio\/php\/wordpress\/?tag=am"},"img":{"alt_text":"","src":"","width":0,"height":0},"classes":[]},{"id":474523,"url":"https:\/\/www.achimbrueckner.de\/freeradio\/php\/wordpress\/?p=474523","url_meta":{"origin":474744,"position":3},"title":"Gro\u00dfbritannien: Radio Caroline North weitet Programm aus","author":"Administrator","date":"September 9, 2025 14:03","format":false,"excerpt":"https:\/\/www.radioblog.eu\/2025\/09\/09\/grossbritannien-radio-caroline-north-weitet-programm-aus\/","rel":"","context":"Similar post","block_context":{"text":"Similar post","link":""},"img":{"alt_text":"","src":"","width":0,"height":0},"classes":[]},{"id":474719,"url":"https:\/\/www.achimbrueckner.de\/freeradio\/php\/wordpress\/?p=474719","url_meta":{"origin":474744,"position":4},"title":"Gro\u00dfbritannien\/ Kanalinseln: Radio Caroline North sendet erstmals via Quay FM","author":"Administrator","date":"November 7, 2025 15:16","format":false,"excerpt":"https:\/\/www.radioblog.eu\/2025\/11\/06\/grossbritannien-kanalinseln-radio-caroline-north-sendet-erstmals-via-quay-fm\/","rel":"","context":"Similar post","block_context":{"text":"Similar post","link":""},"img":{"alt_text":"","src":"","width":0,"height":0},"classes":[]},{"id":38179,"url":"https:\/\/www.achimbrueckner.de\/freeradio\/php\/wordpress\/?p=38179","url_meta":{"origin":474744,"position":5},"title":"H\u00f6rtipp: The Boat that Rocked &#8211; Radio Northsea International &#8211; Radiopiraten, wie alles begann !","author":"Administrator","date":"January 18, 2015 13:53","format":false,"excerpt":"H\u00f6rtipp: The Boat that Rocked - Radio Northsea International - Radiopiraten, wie alles begann ! Beginn der Testsendungen von RNI am 23.01.1970 - Sondersendung zum Jubil\u00e4um am Montag, 19.01.2015 um 19:00 Uhr, zu empfangen via: http:\/\/www.rni220.com http:\/\/www.radio-northsea.de Internet Streams http:\/\/stream2.radio-northsea.de:7100\/listen.pls http:\/\/stream2.radio-northsea.de:7000\/listen.pls http:\/\/stream.radiosunrise.de:8000 Info via Facebook FM Kompakt","rel":"","context":"In \"AM\"","block_context":{"text":"AM","link":"https:\/\/www.achimbrueckner.de\/freeradio\/php\/wordpress\/?tag=am"},"img":{"alt_text":"","src":"","width":0,"height":0},"classes":[]}],"_links":{"self":[{"href":"https:\/\/www.achimbrueckner.de\/freeradio\/php\/wordpress\/index.php?rest_route=\/wp\/v2\/posts\/474744","targetHints":{"allow":["GET"]}}],"collection":[{"href":"https:\/\/www.achimbrueckner.de\/freeradio\/php\/wordpress\/index.php?rest_route=\/wp\/v2\/posts"}],"about":[{"href":"https:\/\/www.achimbrueckner.de\/freeradio\/php\/wordpress\/index.php?rest_route=\/wp\/v2\/types\/post"}],"author":[{"embeddable":true,"href":"https:\/\/www.achimbrueckner.de\/freeradio\/php\/wordpress\/index.php?rest_route=\/wp\/v2\/users\/1"}],"replies":[{"embeddable":true,"href":"https:\/\/www.achimbrueckner.de\/freeradio\/php\/wordpress\/index.php?rest_route=%2Fwp%2Fv2%2Fcomments&post=474744"}],"version-history":[{"count":0,"href":"https:\/\/www.achimbrueckner.de\/freeradio\/php\/wordpress\/index.php?rest_route=\/wp\/v2\/posts\/474744\/revisions"}],"wp:attachment":[{"href":"https:\/\/www.achimbrueckner.de\/freeradio\/php\/wordpress\/index.php?rest_route=%2Fwp%2Fv2%2Fmedia&parent=474744"}],"wp:term":[{"taxonomy":"category","embeddable":true,"href":"https:\/\/www.achimbrueckner.de\/freeradio\/php\/wordpress\/index.php?rest_route=%2Fwp%2Fv2%2Fcategories&post=474744"},{"taxonomy":"post_tag","embeddable":true,"href":"https:\/\/www.achimbrueckner.de\/freeradio\/php\/wordpress\/index.php?rest_route=%2Fwp%2Fv2%2Ftags&post=474744"}],"curies":[{"name":"wp","href":"https:\/\/api.w.org\/{rel}","templated":true}]}}