{"id":474763,"date":"2025-11-22T14:02:21","date_gmt":"2025-11-22T14:02:21","guid":{"rendered":"https:\/\/www.achimbrueckner.de\/freeradio\/php\/wordpress\/?p=474763"},"modified":"2025-11-22T14:02:21","modified_gmt":"2025-11-22T14:02:21","slug":"grosbritannien-mi-amigo-crew-von-radio-caroline-kehrt-erneut-zuruck","status":"publish","type":"post","link":"https:\/\/www.achimbrueckner.de\/freeradio\/php\/wordpress\/?p=474763","title":{"rendered":"Gro\u00dfbritannien: Mi Amigo Crew von Radio Caroline kehrt erneut zur\u00fcck"},"content":{"rendered":"<p><a href=\"https:\/\/www.radioblog.eu\/2025\/11\/21\/grossbritannien-mi-amigo-crew-von-radio-caroline-kehrt-erneut-zurueck\/\" target=\"_blank\">https:\/\/www.radioblog.eu\/2025\/11\/21\/grossbritannien-mi-amigo-crew-von-radio-caroline-kehrt-erneut-zurueck\/<\/a><\/p>\n","protected":false},"excerpt":{"rendered":"<p>https:\/\/www.radioblog.eu\/2025\/11\/21\/grossbritannien-mi-amigo-crew-von-radio-caroline-kehrt-erneut-zurueck\/<\/p>\n","protected":false},"author":1,"featured_media":0,"comment_status":"closed","ping_status":"open","sticky":false,"template":"","format":"standard","meta":{"_jetpack_memberships_contains_paid_content":false,"footnotes":"","jetpack_publicize_message":"","jetpack_publicize_feature_enabled":true,"jetpack_social_post_already_shared":true,"jetpack_social_options":{"image_generator_settings":{"template":"highway","default_image_id":0,"font":"","enabled":false},"version":2}},"categories":[1],"tags":[],"class_list":["post-474763","post","type-post","status-publish","format-standard","hentry","category-uncategorized"],"jetpack_publicize_connections":[],"jetpack_featured_media_url":"","jetpack_sharing_enabled":true,"jetpack_shortlink":"https:\/\/wp.me\/p5CD59-1Zvt","jetpack-related-posts":[{"id":467191,"url":"https:\/\/www.achimbrueckner.de\/freeradio\/php\/wordpress\/?p=467191","url_meta":{"origin":474763,"position":0},"title":"Radio Caroline: Die \u201ealte\u201c Mi-Amigo-Crew kehrt f\u00fcr ein Wochenende zur\u00fcck","author":"Administrator","date":"June 25, 2022 16:57","format":false,"excerpt":"https:\/\/www.radioblog.eu\/2022\/06\/25\/radio-caroline-die-alte-mi-amigo-crew-kehrt-fuer-ein-wochenende-zurueck\/","rel":"","context":"Similar post","block_context":{"text":"Similar post","link":""},"img":{"alt_text":"","src":"","width":0,"height":0},"classes":[]},{"id":475314,"url":"https:\/\/www.achimbrueckner.de\/freeradio\/php\/wordpress\/?p=475314","url_meta":{"origin":474763,"position":1},"title":"Gro\u00dfbritannien: Radio Caroline startet erneut \u201eSpirit of the 70s\u201c","author":"Administrator","date":"March 12, 2026 16:44","format":false,"excerpt":"https:\/\/www.radioblog.eu\/2026\/03\/12\/grossbritannien-radio-caroline-startet-erneut-spirit-of-the-70s\/","rel":"","context":"Similar post","block_context":{"text":"Similar post","link":""},"img":{"alt_text":"","src":"","width":0,"height":0},"classes":[]},{"id":474195,"url":"https:\/\/www.achimbrueckner.de\/freeradio\/php\/wordpress\/?p=474195","url_meta":{"origin":474763,"position":2},"title":"Gro\u00dfbritannien: Laser Hot Hits kehrt als Webradio zur\u00fcck","author":"Administrator","date":"May 20, 2025 16:17","format":false,"excerpt":"https:\/\/www.radioblog.eu\/2025\/05\/20\/grossbritannien-laser-hot-hits-kehrt-als-webradio-zurueck\/","rel":"","context":"Similar post","block_context":{"text":"Similar post","link":""},"img":{"alt_text":"","src":"","width":0,"height":0},"classes":[]},{"id":475345,"url":"https:\/\/www.achimbrueckner.de\/freeradio\/php\/wordpress\/?p=475345","url_meta":{"origin":474763,"position":3},"title":"Gro\u00dfbritannien: LV18 Radio Mi Amigo k\u00fcndigt Livesendungen an","author":"Administrator","date":"March 23, 2026 17:06","format":false,"excerpt":"https:\/\/www.radioblog.eu\/2026\/03\/23\/grossbritannien-lv18-radio-mi-amigo-kuendigt-livesendungen-an\/","rel":"","context":"Similar post","block_context":{"text":"Similar post","link":""},"img":{"alt_text":"","src":"","width":0,"height":0},"classes":[]},{"id":475280,"url":"https:\/\/www.achimbrueckner.de\/freeradio\/php\/wordpress\/?p=475280","url_meta":{"origin":474763,"position":4},"title":"Gro\u00dfbritannien: Das sind die Trockendock-Pl\u00e4ne f\u00fcr das Sendeschiff von Radio Caroline","author":"Administrator","date":"March 2, 2026 16:08","format":false,"excerpt":"https:\/\/www.radioblog.eu\/2026\/03\/02\/grossbritannien-das-sind-die-trockendock-plaene-fuer-das-sendeschiff-von-radio-caroline\/","rel":"","context":"Similar post","block_context":{"text":"Similar post","link":""},"img":{"alt_text":"","src":"","width":0,"height":0},"classes":[]},{"id":474294,"url":"https:\/\/www.achimbrueckner.de\/freeradio\/php\/wordpress\/?p=474294","url_meta":{"origin":474763,"position":5},"title":"Gro\u00dfbritannien: Radio Mi Amigo testet auf Mittelwelle 1575 kHz","author":"Administrator","date":"July 7, 2025 13:54","format":false,"excerpt":"https:\/\/www.radioblog.eu\/2025\/07\/07\/grossbritannien-radio-mi-amigo-testet-auf-mittelwelle-1575-khz\/","rel":"","context":"Similar post","block_context":{"text":"Similar post","link":""},"img":{"alt_text":"","src":"","width":0,"height":0},"classes":[]}],"_links":{"self":[{"href":"https:\/\/www.achimbrueckner.de\/freeradio\/php\/wordpress\/index.php?rest_route=\/wp\/v2\/posts\/474763","targetHints":{"allow":["GET"]}}],"collection":[{"href":"https:\/\/www.achimbrueckner.de\/freeradio\/php\/wordpress\/index.php?rest_route=\/wp\/v2\/posts"}],"about":[{"href":"https:\/\/www.achimbrueckner.de\/freeradio\/php\/wordpress\/index.php?rest_route=\/wp\/v2\/types\/post"}],"author":[{"embeddable":true,"href":"https:\/\/www.achimbrueckner.de\/freeradio\/php\/wordpress\/index.php?rest_route=\/wp\/v2\/users\/1"}],"replies":[{"embeddable":true,"href":"https:\/\/www.achimbrueckner.de\/freeradio\/php\/wordpress\/index.php?rest_route=%2Fwp%2Fv2%2Fcomments&post=474763"}],"version-history":[{"count":0,"href":"https:\/\/www.achimbrueckner.de\/freeradio\/php\/wordpress\/index.php?rest_route=\/wp\/v2\/posts\/474763\/revisions"}],"wp:attachment":[{"href":"https:\/\/www.achimbrueckner.de\/freeradio\/php\/wordpress\/index.php?rest_route=%2Fwp%2Fv2%2Fmedia&parent=474763"}],"wp:term":[{"taxonomy":"category","embeddable":true,"href":"https:\/\/www.achimbrueckner.de\/freeradio\/php\/wordpress\/index.php?rest_route=%2Fwp%2Fv2%2Fcategories&post=474763"},{"taxonomy":"post_tag","embeddable":true,"href":"https:\/\/www.achimbrueckner.de\/freeradio\/php\/wordpress\/index.php?rest_route=%2Fwp%2Fv2%2Ftags&post=474763"}],"curies":[{"name":"wp","href":"https:\/\/api.w.org\/{rel}","templated":true}]}}