{"id":474871,"date":"2025-12-14T21:38:07","date_gmt":"2025-12-14T21:38:07","guid":{"rendered":"https:\/\/www.achimbrueckner.de\/freeradio\/php\/wordpress\/?p=474871"},"modified":"2025-12-14T21:38:07","modified_gmt":"2025-12-14T21:38:07","slug":"radio-marabu-sendeplan-weihnachten-2025","status":"publish","type":"post","link":"https:\/\/www.achimbrueckner.de\/freeradio\/php\/wordpress\/?p=474871","title":{"rendered":"Radio Marabu Sendeplan Weihnachten 2025"},"content":{"rendered":"<p><a href=\"https:\/\/www.achimbrueckner.de\/freeradio\/php\/wordpress\/wp-content\/uploads\/2025\/12\/Marabu-Schedule2025.pdf\">Marabu-Schedule2025.pdf<\/a><\/p>\n","protected":false},"excerpt":{"rendered":"<p>Marabu-Schedule2025.pdf<\/p>\n","protected":false},"author":1,"featured_media":0,"comment_status":"closed","ping_status":"open","sticky":false,"template":"","format":"standard","meta":{"_jetpack_memberships_contains_paid_content":false,"footnotes":"","jetpack_publicize_message":"","jetpack_publicize_feature_enabled":true,"jetpack_social_post_already_shared":true,"jetpack_social_options":{"image_generator_settings":{"template":"highway","default_image_id":0,"font":"","enabled":false},"version":2}},"categories":[1],"tags":[],"class_list":["post-474871","post","type-post","status-publish","format-standard","hentry","category-uncategorized"],"jetpack_publicize_connections":[],"jetpack_featured_media_url":"","jetpack_sharing_enabled":true,"jetpack_shortlink":"https:\/\/wp.me\/p5CD59-1Zxd","jetpack-related-posts":[{"id":453442,"url":"https:\/\/www.achimbrueckner.de\/freeradio\/php\/wordpress\/?p=453442","url_meta":{"origin":474871,"position":0},"title":"Kurzwelle Marabu Sendeplan Februar 2017","author":"Administrator","date":"February 23, 2017 19:25","format":false,"excerpt":"http:\/\/radio-marabu.de\/wordpress\/weiherer-am-sonntag-im-interview-paradogs-in-gitarre-x-und-kurzwelle-marabu-sendeplan\/","rel":"","context":"In \"AM\"","block_context":{"text":"AM","link":"https:\/\/www.achimbrueckner.de\/freeradio\/php\/wordpress\/?tag=am"},"img":{"alt_text":"","src":"","width":0,"height":0},"classes":[]},{"id":39494,"url":"https:\/\/www.achimbrueckner.de\/freeradio\/php\/wordpress\/?p=39494","url_meta":{"origin":474871,"position":1},"title":"Radio Marabu Ostern 2015","author":"Administrator","date":"March 30, 2015 18:04","format":false,"excerpt":"Ins Osterfest mit dem RADIO MARABU Sendeplan- DX-er weitersagen- ab Donnerstag sind wir auf Kurzwelle aufgeschaltet- das Osterfest lang. Info via Facebook","rel":"","context":"In \"dx\"","block_context":{"text":"dx","link":"https:\/\/www.achimbrueckner.de\/freeradio\/php\/wordpress\/?tag=dx"},"img":{"alt_text":"","src":"","width":0,"height":0},"classes":[]},{"id":37524,"url":"https:\/\/www.achimbrueckner.de\/freeradio\/php\/wordpress\/?p=37524","url_meta":{"origin":474871,"position":2},"title":"DER MARABU WEIHNACHTS-SENDEPLAN 2014 F\u00dcR DIE KURZWELLE","author":"Administrator","date":"December 20, 2014 17:35","format":false,"excerpt":"+++DER MARABU WEIHNACHTS-SENDEPLAN 2014 F\u00dcR DIE KURZWELLE Unsere n\u00e4chsten Sendetermine auf Kurzwelle sind wie folgt: 23, 24,25. Dezember 2014 durchgehend auf der Frequenz 6240 kHz. 25. Dezember 2014 von 08.00 bis 12.00 Uhr auf der Frequenz 7310 kHz 26. Dezember 2014 von 08.00 bis 12.00 Uhr auf der Frequenz 7310\u2026","rel":"","context":"In \"AM\"","block_context":{"text":"AM","link":"https:\/\/www.achimbrueckner.de\/freeradio\/php\/wordpress\/?tag=am"},"img":{"alt_text":"","src":"","width":0,"height":0},"classes":[]},{"id":37506,"url":"https:\/\/www.achimbrueckner.de\/freeradio\/php\/wordpress\/?p=37506","url_meta":{"origin":474871,"position":3},"title":"Radio Marabu &#8211; WEIHNACHTEN AUF KURZWELLE","author":"Administrator","date":"December 20, 2014 14:04","format":false,"excerpt":"http:\/\/radio-marabu.de\/wordpress\/weihnachten-auf-kurzwelle\/","rel":"","context":"Similar post","block_context":{"text":"Similar post","link":""},"img":{"alt_text":"","src":"","width":0,"height":0},"classes":[]},{"id":15903,"url":"https:\/\/www.achimbrueckner.de\/freeradio\/php\/wordpress\/?p=15903","url_meta":{"origin":474871,"position":4},"title":"Radio Marabu 6220 Khz","author":"Administrator","date":"December 25, 2009 10:10","format":false,"excerpt":"MARABU X-MAS Special Am 25. Dezember 2009 von 16.00 Uhr bis 22.00 Uhr und am 27. Dezember 2009 von 10.00 bis 16.00 Uhr auf Kurzwelle 6220 kHz. 25.12.2009 16-18 UHR- MARABU Weihnachtsfeier mit DONATA 18-20 UHR- MARABU- Weihnachtsshow mit NICK BARKER und seinen Weihnachtsgeschichten 20-22 UHR - MARABU Weihnachten mit\u2026","rel":"","context":"In \"AM\"","block_context":{"text":"AM","link":"https:\/\/www.achimbrueckner.de\/freeradio\/php\/wordpress\/?tag=am"},"img":{"alt_text":"","src":"","width":0,"height":0},"classes":[]},{"id":30018,"url":"https:\/\/www.achimbrueckner.de\/freeradio\/php\/wordpress\/?p=30018","url_meta":{"origin":474871,"position":5},"title":"Radio Marabu 6070 Khz Weihnachten 2013","author":"Administrator","date":"December 25, 2013 07:49","format":false,"excerpt":"Am 25. und 26. 12. l\u00e4uft auf 6070 kHz jeweils von 20 bis 24 Uhr MEZ das Programm von Radio Marabu. \u00dcber Empfangsberichte w\u00fcrden sich die Macher sicher freuen! info@radiomarabu.de","rel":"","context":"In \"AM\"","block_context":{"text":"AM","link":"https:\/\/www.achimbrueckner.de\/freeradio\/php\/wordpress\/?tag=am"},"img":{"alt_text":"","src":"","width":0,"height":0},"classes":[]}],"_links":{"self":[{"href":"https:\/\/www.achimbrueckner.de\/freeradio\/php\/wordpress\/index.php?rest_route=\/wp\/v2\/posts\/474871","targetHints":{"allow":["GET"]}}],"collection":[{"href":"https:\/\/www.achimbrueckner.de\/freeradio\/php\/wordpress\/index.php?rest_route=\/wp\/v2\/posts"}],"about":[{"href":"https:\/\/www.achimbrueckner.de\/freeradio\/php\/wordpress\/index.php?rest_route=\/wp\/v2\/types\/post"}],"author":[{"embeddable":true,"href":"https:\/\/www.achimbrueckner.de\/freeradio\/php\/wordpress\/index.php?rest_route=\/wp\/v2\/users\/1"}],"replies":[{"embeddable":true,"href":"https:\/\/www.achimbrueckner.de\/freeradio\/php\/wordpress\/index.php?rest_route=%2Fwp%2Fv2%2Fcomments&post=474871"}],"version-history":[{"count":0,"href":"https:\/\/www.achimbrueckner.de\/freeradio\/php\/wordpress\/index.php?rest_route=\/wp\/v2\/posts\/474871\/revisions"}],"wp:attachment":[{"href":"https:\/\/www.achimbrueckner.de\/freeradio\/php\/wordpress\/index.php?rest_route=%2Fwp%2Fv2%2Fmedia&parent=474871"}],"wp:term":[{"taxonomy":"category","embeddable":true,"href":"https:\/\/www.achimbrueckner.de\/freeradio\/php\/wordpress\/index.php?rest_route=%2Fwp%2Fv2%2Fcategories&post=474871"},{"taxonomy":"post_tag","embeddable":true,"href":"https:\/\/www.achimbrueckner.de\/freeradio\/php\/wordpress\/index.php?rest_route=%2Fwp%2Fv2%2Ftags&post=474871"}],"curies":[{"name":"wp","href":"https:\/\/api.w.org\/{rel}","templated":true}]}}